{"id":503108,"date":"2025-10-31T21:43:20","date_gmt":"2025-10-31T21:43:20","guid":{"rendered":"https:\/\/www.europesays.com\/fr\/503108\/"},"modified":"2025-10-31T21:43:20","modified_gmt":"2025-10-31T21:43:20","slug":"sweet-fm-gagnez-vos-places-pour-le-concert-dhelena","status":"publish","type":"post","link":"https:\/\/www.europesays.com\/fr\/503108\/","title":{"rendered":"SWEET FM &#8211; Gagnez vos places pour le concert d&rsquo;H\u00e9l\u00e9na !"},"content":{"rendered":"\n<p style=\"text-align: justify;\">Cette semaine, Sweet FM vous offre vos<strong> deux places <\/strong>pour le concert d&rsquo;<strong><a href=\"https:\/\/www.youtube.com\/watch?v=ltISht2ab9M&amp;list=RDltISht2ab9M&amp;start_radio=1\" rel=\"noopener nofollow\" target=\"_blank\">H\u00e9l\u00e9na<\/a><\/strong>,<strong> <\/strong>qui se tiendra le<strong> samedi 15 novembre \u00e0 20h<\/strong>,<strong> <\/strong>au <strong>Z\u00e9nith de Rouen <\/strong>!<\/p>\n<p>Apr\u00e8s le succ\u00e8s de son premier album H\u00e9l\u00e9 (+100M de streams, certifi\u00e9 or) o\u00f9 elle livrait son histoire entre ombres et lumi\u00e8re, amour et c\u00e9l\u00e9brit\u00e9 soudaine, H\u00e9l\u00e9na sort aujourd&rsquo;hui \u00ab\u00a0H\u00e9l\u00e9 2\u00a0\u00bb, une r\u00e9\u00e9dition sur laquelle on retrouve l&rsquo;int\u00e9gralit\u00e9 du projet, ses hits \u00ab\u00a0Mauvais Gar\u00e7on\u00a0\u00bb et \u00ab\u00a0Tout a chang\u00e9 (Rien n&rsquo;a chang\u00e9)\u00a0\u00bb, ainsi que 5 nouvelles chansons qui accompagnent H\u00e9l\u00e9na dans sa tourn\u00e9e.<\/p>\n<p>Pour tenter de remporter vos deux places pour le concert d&rsquo;<strong><a href=\"https:\/\/www.youtube.com\/watch?v=ltISht2ab9M&amp;list=RDltISht2ab9M&amp;start_radio=1\" rel=\"noopener nofollow\" target=\"_blank\">H\u00e9l\u00e9na<\/a><\/strong><strong>\u00a0<\/strong>au Z\u00e9nith de Rouen, inscrivez-vous d\u00e8s maintenant par formulaire.\u00a0<\/p>\n<p>\u00a0<br \/>\nPour vous inscrire<\/p>\n<p style=\"text-align: justify;\">Remplissez le formulaire d&rsquo;inscription ci-dessous ; jeu valable jusqu&rsquo;au vendredi 7 novembre 2025 \u00e0 19h59.\u00a0<\/p>\n<p>\u00a0<br \/>\nAide, r\u00e8glement et conditions<\/p>\n<p style=\"text-align: justify;\"><a href=\"https:\/\/www.sweetfm.fr\/page\/aide-foire-aux-questions-47\" title=\"Consultez la foire aux questions des inscriptions\" rel=\"nofollow noopener\" target=\"_blank\">&gt;&gt; Consultez la rubrique d&rsquo;aide !<\/a><br \/><a href=\"https:\/\/www.sweetfm.fr\/page\/reglements-des-jeux-concours-2\" rel=\"noopener nofollow\" target=\"_blank\" title=\"Consultez le r\u00e8glement des jeux de Sweet FM\">&gt;&gt; Consultez le r\u00e8glement des jeux Sweet FM !<\/a><\/p>\n","protected":false},"excerpt":{"rendered":"Cette semaine, Sweet FM vous offre vos deux places pour le concert d&rsquo;H\u00e9l\u00e9na, qui se tiendra le samedi&hellip;\n","protected":false},"author":2,"featured_media":503109,"comment_status":"","ping_status":"","sticky":false,"template":"","format":"standard","meta":{"footnotes":""},"categories":[9587],"tags":[1111,11,1692,1697,903,1777,674,1011,27,62493,62494,5094,1197,12178,873,12,5161,51961,25,9590,5163,3140,4441,12177],"class_list":{"0":"post-503108","1":"post","2":"type-post","3":"status-publish","4":"format-standard","5":"has-post-thumbnail","7":"category-rouen","8":"tag-actu","9":"tag-actualites","10":"tag-album","11":"tag-concert","12":"tag-concours","13":"tag-eu","14":"tag-europe","15":"tag-fr","16":"tag-france","17":"tag-hele","18":"tag-hele-2","19":"tag-helena","20":"tag-jeu","21":"tag-jeu-concours","22":"tag-musique","23":"tag-news","24":"tag-normandie","25":"tag-reedition","26":"tag-republique-francaise","27":"tag-rouen","28":"tag-seine-maritime","29":"tag-spectacle","30":"tag-tournee","31":"tag-zenith"},"share_on_mastodon":{"url":"https:\/\/pubeurope.com\/@fr\/115470965409318018","error":""},"_links":{"self":[{"href":"https:\/\/www.europesays.com\/fr\/wp-json\/wp\/v2\/posts\/503108","targetHints":{"allow":["GET"]}}],"collection":[{"href":"https:\/\/www.europesays.com\/fr\/wp-json\/wp\/v2\/posts"}],"about":[{"href":"https:\/\/www.europesays.com\/fr\/wp-json\/wp\/v2\/types\/post"}],"author":[{"embeddable":true,"href":"https:\/\/www.europesays.com\/fr\/wp-json\/wp\/v2\/users\/2"}],"replies":[{"embeddable":true,"href":"https:\/\/www.europesays.com\/fr\/wp-json\/wp\/v2\/comments?post=503108"}],"version-history":[{"count":0,"href":"https:\/\/www.europesays.com\/fr\/wp-json\/wp\/v2\/posts\/503108\/revisions"}],"wp:featuredmedia":[{"embeddable":true,"href":"https:\/\/www.europesays.com\/fr\/wp-json\/wp\/v2\/media\/503109"}],"wp:attachment":[{"href":"https:\/\/www.europesays.com\/fr\/wp-json\/wp\/v2\/media?parent=503108"}],"wp:term":[{"taxonomy":"category","embeddable":true,"href":"https:\/\/www.europesays.com\/fr\/wp-json\/wp\/v2\/categories?post=503108"},{"taxonomy":"post_tag","embeddable":true,"href":"https:\/\/www.europesays.com\/fr\/wp-json\/wp\/v2\/tags?post=503108"}],"curies":[{"name":"wp","href":"https:\/\/api.w.org\/{rel}","templated":true}]}}