{"id":503110,"date":"2025-10-31T21:44:16","date_gmt":"2025-10-31T21:44:16","guid":{"rendered":"https:\/\/www.europesays.com\/fr\/503110\/"},"modified":"2025-10-31T21:44:16","modified_gmt":"2025-10-31T21:44:16","slug":"nationale-le-csbj-met-fin-a-sa-serie-noire-a-rouen","status":"publish","type":"post","link":"https:\/\/www.europesays.com\/fr\/503110\/","title":{"rendered":"Nationale. Le CSBJ met fin \u00e0 sa s\u00e9rie noire \u00e0 Rouen"},"content":{"rendered":"<p>\u00a0Deux mois et demi qu\u2019il attendait \u00e7a\u00a0! Le CSBJ est all\u00e9 chercher ce vendredi \u00e0 Rouen sa deuxi\u00e8me victoire de la saison apr\u00e8s celle acquise en ouverture de championnat face \u00e0 Albi. Les hommes de St\u00e9phane Glas ont r\u00e9alis\u00e9 le match plein qui leur faisait tant d\u00e9faut depuis plusieurs semaines.<\/p>\n<p>Face aux Normands, ils ont men\u00e9 au score de bout en bout. Un essai de Maxime Castant sur ballon port\u00e9 les amis \u00e0 l\u2019abri juste avant la pause (3-13, 34e).<\/p>\n<p><strong>&gt;&gt;\u00a0<\/strong><a href=\"https:\/\/www.ledauphine.com\/sport\/calendrier-resultats\/rugby\/national-nationale\" target=\"_blank\" rel=\"noopener\"><strong>Les r\u00e9sultats, le classement et le calendrier de Nationale<\/strong><\/a><\/p>\n<p>  Le CSBJ n&rsquo;est plus lanterne rouge<\/p>\n<p>En deuxi\u00e8me p\u00e9riode, ils ont su fait le dos rond face \u00e0 des Rouennais qui ont essay\u00e9 de convertir leurs temps forts mais ont d\u00fb se contenter de p\u00e9nalit\u00e9s pour r\u00e9duire l\u2019\u00e9cart (12-16, 65e). C\u2019est Turagaca qui remettait les Is\u00e9rois dans le bon sens de la marche avec un essai \u00e0 un quart d\u2019heure de la fin (12-23, 68e).<\/p>\n<p>Malgr\u00e9 un recoll\u00e9 du RNR en toute fin de partie gr\u00e2ce \u00e0 leur premier essai de la rencontre, une p\u00e9nalit\u00e9 de Cachet validait le succ\u00e8s berjallien (19-26). Apr\u00e8s neuf journ\u00e9es, le CSBJ n\u2019est plus lanterne rouge de Nationale.<\/p>\n","protected":false},"excerpt":{"rendered":"\u00a0Deux mois et demi qu\u2019il attendait \u00e7a\u00a0! Le CSBJ est all\u00e9 chercher ce vendredi \u00e0 Rouen sa deuxi\u00e8me&hellip;\n","protected":false},"author":2,"featured_media":503111,"comment_status":"","ping_status":"","sticky":false,"template":"","format":"standard","meta":{"footnotes":""},"categories":[9587],"tags":[1111,11,12919,13047,17598,115,1777,674,1701,1011,27,108,12,5161,25,9590,479,517,1947],"class_list":{"0":"post-503110","1":"post","2":"type-post","3":"status-publish","4":"format-standard","5":"has-post-thumbnail","7":"category-rouen","8":"tag-actu","9":"tag-actualites","10":"tag-bourgoin-jallieu","11":"tag-bourgoin-jallieu-bassin","12":"tag-csbj-cs-bourgoin-jallieu","13":"tag-edition-bourgoin-jallieu-nord-dauphine","14":"tag-eu","15":"tag-europe","16":"tag-fil-info-sport","17":"tag-fr","18":"tag-france","19":"tag-isere","20":"tag-news","21":"tag-normandie","22":"tag-republique-francaise","23":"tag-rouen","24":"tag-rugby","25":"tag-sport","26":"tag-sport-national"},"share_on_mastodon":{"url":"https:\/\/pubeurope.com\/@fr\/115470969301892671","error":""},"_links":{"self":[{"href":"https:\/\/www.europesays.com\/fr\/wp-json\/wp\/v2\/posts\/503110","targetHints":{"allow":["GET"]}}],"collection":[{"href":"https:\/\/www.europesays.com\/fr\/wp-json\/wp\/v2\/posts"}],"about":[{"href":"https:\/\/www.europesays.com\/fr\/wp-json\/wp\/v2\/types\/post"}],"author":[{"embeddable":true,"href":"https:\/\/www.europesays.com\/fr\/wp-json\/wp\/v2\/users\/2"}],"replies":[{"embeddable":true,"href":"https:\/\/www.europesays.com\/fr\/wp-json\/wp\/v2\/comments?post=503110"}],"version-history":[{"count":0,"href":"https:\/\/www.europesays.com\/fr\/wp-json\/wp\/v2\/posts\/503110\/revisions"}],"wp:featuredmedia":[{"embeddable":true,"href":"https:\/\/www.europesays.com\/fr\/wp-json\/wp\/v2\/media\/503111"}],"wp:attachment":[{"href":"https:\/\/www.europesays.com\/fr\/wp-json\/wp\/v2\/media?parent=503110"}],"wp:term":[{"taxonomy":"category","embeddable":true,"href":"https:\/\/www.europesays.com\/fr\/wp-json\/wp\/v2\/categories?post=503110"},{"taxonomy":"post_tag","embeddable":true,"href":"https:\/\/www.europesays.com\/fr\/wp-json\/wp\/v2\/tags?post=503110"}],"curies":[{"name":"wp","href":"https:\/\/api.w.org\/{rel}","templated":true}]}}