{"id":503112,"date":"2025-10-31T21:45:21","date_gmt":"2025-10-31T21:45:21","guid":{"rendered":"https:\/\/www.europesays.com\/fr\/503112\/"},"modified":"2025-10-31T21:45:21","modified_gmt":"2025-10-31T21:45:21","slug":"la-tronche-un-etalage-de-fleurs-colorees-sur-le-parking-du-cimetiere-grand-sablon","status":"publish","type":"post","link":"https:\/\/www.europesays.com\/fr\/503112\/","title":{"rendered":"La Tronche. Un \u00e9talage de fleurs color\u00e9es sur le parking du cimeti\u00e8re Grand Sablon"},"content":{"rendered":"<p>\u00c0 l\u2019approche de la f\u00eate de La Toussaint, devant le cimeti\u00e8re du Grand Sablon, les horticulteurs de l\u2019Is\u00e8re venant de La Terrasse, Saint-Lattier, Anjou\u2026 avaient install\u00e9 leurs parterres de fleurs. Les vari\u00e9t\u00e9s propos\u00e9es vont du chrysanth\u00e8me, avec une pr\u00e9f\u00e9rence pour la couleur blanche cette ann\u00e9e, aux cyclamens, \u0153illets, pens\u00e9es, bruy\u00e8res\u2026 Depuis le vendredi 24\u00a0octobre jusqu\u2019au dimanche 2\u00a0novembre inclus, la client\u00e8le est attendue de 8\u00a0h\u00a030 \u00e0 17\u00a0h\u00a030.<\/p>\n","protected":false},"excerpt":{"rendered":"\u00c0 l\u2019approche de la f\u00eate de La Toussaint, devant le cimeti\u00e8re du Grand Sablon, les horticulteurs de l\u2019Is\u00e8re&hellip;\n","protected":false},"author":2,"featured_media":503113,"comment_status":"","ping_status":"","sticky":false,"template":"","format":"standard","meta":{"footnotes":""},"categories":[9566],"tags":[1111,11,2430,112,1777,674,1011,27,2731,12297,9598,12,25,104,1631],"class_list":{"0":"post-503112","1":"post","2":"type-post","3":"status-publish","4":"format-standard","5":"has-post-thumbnail","7":"category-grenoble","8":"tag-actu","9":"tag-actualites","10":"tag-auvergne-rhone-alpes","11":"tag-edition-grenoble-agglomeration","12":"tag-eu","13":"tag-europe","14":"tag-fr","15":"tag-france","16":"tag-grenoble","17":"tag-la-tronche","18":"tag-meylan-et-autour","19":"tag-news","20":"tag-republique-francaise","21":"tag-societe","22":"tag-vie-associative"},"share_on_mastodon":{"url":"https:\/\/pubeurope.com\/@fr\/115470973276910786","error":""},"_links":{"self":[{"href":"https:\/\/www.europesays.com\/fr\/wp-json\/wp\/v2\/posts\/503112","targetHints":{"allow":["GET"]}}],"collection":[{"href":"https:\/\/www.europesays.com\/fr\/wp-json\/wp\/v2\/posts"}],"about":[{"href":"https:\/\/www.europesays.com\/fr\/wp-json\/wp\/v2\/types\/post"}],"author":[{"embeddable":true,"href":"https:\/\/www.europesays.com\/fr\/wp-json\/wp\/v2\/users\/2"}],"replies":[{"embeddable":true,"href":"https:\/\/www.europesays.com\/fr\/wp-json\/wp\/v2\/comments?post=503112"}],"version-history":[{"count":0,"href":"https:\/\/www.europesays.com\/fr\/wp-json\/wp\/v2\/posts\/503112\/revisions"}],"wp:featuredmedia":[{"embeddable":true,"href":"https:\/\/www.europesays.com\/fr\/wp-json\/wp\/v2\/media\/503113"}],"wp:attachment":[{"href":"https:\/\/www.europesays.com\/fr\/wp-json\/wp\/v2\/media?parent=503112"}],"wp:term":[{"taxonomy":"category","embeddable":true,"href":"https:\/\/www.europesays.com\/fr\/wp-json\/wp\/v2\/categories?post=503112"},{"taxonomy":"post_tag","embeddable":true,"href":"https:\/\/www.europesays.com\/fr\/wp-json\/wp\/v2\/tags?post=503112"}],"curies":[{"name":"wp","href":"https:\/\/api.w.org\/{rel}","templated":true}]}}