{"id":503114,"date":"2025-10-31T21:46:30","date_gmt":"2025-10-31T21:46:30","guid":{"rendered":"https:\/\/www.europesays.com\/fr\/503114\/"},"modified":"2025-10-31T21:46:30","modified_gmt":"2025-10-31T21:46:30","slug":"lenfance-et-le-handicap-au-coeur-de-la-17e-edition","status":"publish","type":"post","link":"https:\/\/www.europesays.com\/fr\/503114\/","title":{"rendered":"l\u2019enfance et le handicap au c\u0153ur de la 17e \u00e9dition"},"content":{"rendered":"<p>Comment permettre \u00e0 chaque enfant de grandir et de s\u2019\u00e9panouir, quelles que soient ses diff\u00e9rences\u00a0? C\u2019est la question au c\u0153ur du Mois de l\u2019accessibilit\u00e9 2025, qui c\u00e9l\u00e8bre cette ann\u00e9e son 17e anniversaire et fait \u00e9cho aux 20 ans de la loi sur l\u2019accessibilit\u00e9 de 2005. Du 2 au 30\u00a0novembre, une soixantaine d\u2019\u00e9v\u00e9nements, port\u00e9s par 35 structures locales, se d\u00e9rouleront dans toute la m\u00e9tropole\u00a0: mus\u00e9es, biblioth\u00e8ques, salles de spectacles, Bastille, centres de loisirs\u2026<\/p>\n<p>  Anne-Sarah Kertudo, marraine de l\u2019\u00e9dition<\/p>\n<p>Conf\u00e9rences, projections, ateliers, expositions, activit\u00e9s sportives ou temps festifs\u00a0: autant de rendez-vous pens\u00e9s pour croiser les regards entre personnes en situation de handicap, familles, professionnels et grand public. \u00ab\u00a0L\u2019enfance interroge notre capacit\u00e9 \u00e0 garantir \u00e0 chacun des conditions favorables \u00e0 son apprentissage et \u00e0 son \u00e9mancipation\u00a0\u00bb, souligne la Ville.<\/p>\n<p>L\u2019\u00e9dition 2025 sera parrain\u00e9e par Anne-Sarah Kertudo, fondatrice de l\u2019association Droit Pluriel, engag\u00e9e pour l\u2019acc\u00e8s aux droits des personnes handicap\u00e9es. Elle donnera le coup d\u2019envoi du mois lors de la soir\u00e9e d\u2019ouverture, mardi 4\u00a0novembre \u00e0 18\u00a0h \u00e0 la Plateforme, en pr\u00e9sence de la journaliste \u00c9milie Briffod, coautrice de l\u2019exposition \u201cNos petits h\u00e9ros du quotidien\u201d. Cette exposition, pr\u00e9sent\u00e9e jusqu\u2019au 29\u00a0novembre, met en lumi\u00e8re une vingtaine d\u2019enfants porteurs de handicaps visibles ou invisibles, photographi\u00e9s en noir et blanc par \u00c9milie Laroche, accompagn\u00e9s de t\u00e9moignages audio de leurs familles.<\/p>\n<p>Autre temps fort\u00a0: une journ\u00e9e d\u00e9di\u00e9e aux pratiques handisportives se tiendra le samedi 22\u00a0novembre au gymnase Jean-Philippe Motte, pour d\u00e9couvrir et partager les disciplines adapt\u00e9es avec des \u00e9tudiants en Staps.<\/p>\n","protected":false},"excerpt":{"rendered":"Comment permettre \u00e0 chaque enfant de grandir et de s\u2019\u00e9panouir, quelles que soient ses diff\u00e9rences\u00a0? C\u2019est la question&hellip;\n","protected":false},"author":2,"featured_media":503115,"comment_status":"","ping_status":"","sticky":false,"template":"","format":"standard","meta":{"footnotes":""},"categories":[9566],"tags":[1111,11,2430,112,1777,674,1011,27,2731,2732,1943,108,12,25,104],"class_list":{"0":"post-503114","1":"post","2":"type-post","3":"status-publish","4":"format-standard","5":"has-post-thumbnail","7":"category-grenoble","8":"tag-actu","9":"tag-actualites","10":"tag-auvergne-rhone-alpes","11":"tag-edition-grenoble-agglomeration","12":"tag-eu","13":"tag-europe","14":"tag-fr","15":"tag-france","16":"tag-grenoble","17":"tag-grenoble-bassin","18":"tag-handicap","19":"tag-isere","20":"tag-news","21":"tag-republique-francaise","22":"tag-societe"},"share_on_mastodon":{"url":"https:\/\/pubeurope.com\/@fr\/115470977531021984","error":""},"_links":{"self":[{"href":"https:\/\/www.europesays.com\/fr\/wp-json\/wp\/v2\/posts\/503114","targetHints":{"allow":["GET"]}}],"collection":[{"href":"https:\/\/www.europesays.com\/fr\/wp-json\/wp\/v2\/posts"}],"about":[{"href":"https:\/\/www.europesays.com\/fr\/wp-json\/wp\/v2\/types\/post"}],"author":[{"embeddable":true,"href":"https:\/\/www.europesays.com\/fr\/wp-json\/wp\/v2\/users\/2"}],"replies":[{"embeddable":true,"href":"https:\/\/www.europesays.com\/fr\/wp-json\/wp\/v2\/comments?post=503114"}],"version-history":[{"count":0,"href":"https:\/\/www.europesays.com\/fr\/wp-json\/wp\/v2\/posts\/503114\/revisions"}],"wp:featuredmedia":[{"embeddable":true,"href":"https:\/\/www.europesays.com\/fr\/wp-json\/wp\/v2\/media\/503115"}],"wp:attachment":[{"href":"https:\/\/www.europesays.com\/fr\/wp-json\/wp\/v2\/media?parent=503114"}],"wp:term":[{"taxonomy":"category","embeddable":true,"href":"https:\/\/www.europesays.com\/fr\/wp-json\/wp\/v2\/categories?post=503114"},{"taxonomy":"post_tag","embeddable":true,"href":"https:\/\/www.europesays.com\/fr\/wp-json\/wp\/v2\/tags?post=503114"}],"curies":[{"name":"wp","href":"https:\/\/api.w.org\/{rel}","templated":true}]}}