{"id":503120,"date":"2025-10-31T21:49:13","date_gmt":"2025-10-31T21:49:13","guid":{"rendered":"https:\/\/www.europesays.com\/fr\/503120\/"},"modified":"2025-10-31T21:49:13","modified_gmt":"2025-10-31T21:49:13","slug":"lassociation-passages-fete-son-anniversaire-le-7-novembre","status":"publish","type":"post","link":"https:\/\/www.europesays.com\/fr\/503120\/","title":{"rendered":"l\u2019association PasSages f\u00eate son anniversaire le 7 novembre"},"content":{"rendered":"<p>Cr\u00e9\u00e9e en 1995, l\u2019association PasSages agit au c\u0153ur du territoire pour promouvoir la solidarit\u00e9, le vivre-ensemble et la lutte contre toutes les formes de discrimination. Elle c\u00e9l\u00e8bre cette ann\u00e9e ses 30 ans d\u2019existence, marquant trois d\u00e9cennies <a href=\"https:\/\/www.dna.fr\/culture-loisirs\/2024\/01\/30\/passages-defend-sa-vision-de-la-culture\" target=\"_blank\" rel=\"noopener\">d\u2019actions au service de la culture, du lien social et de la participation citoyenne<\/a>. Pour c\u00e9l\u00e9brer cet anniversaire, une soir\u00e9e festive et conviviale est organis\u00e9e le vendredi 7\u00a0novembre \u00e0 la salle Saint-Laurent de Bischheim, ouverte \u00e0 toutes et tous.<\/p>\n<p>Ce contenu est bloqu\u00e9 car vous n&rsquo;avez pas accept\u00e9 les cookies et autres traceurs.<\/p>\n<p>En cliquant sur \u00ab J\u2019accepte \u00bb, les cookies et autres traceurs seront d\u00e9pos\u00e9s et vous pourrez visualiser les contenus  (<a href=\"\" class=\"consentModule_policy\" target=\"_blank\" title=\"Consulter la politique de protection des donn\u00e9es du fournisseur\">plus d&rsquo;informations<\/a>).<\/p>\n<p>En cliquant sur \u00ab J\u2019accepte tous les cookies \u00bb, vous autorisez des d\u00e9p\u00f4ts de cookies et autres traceurs pour le stockage de vos donn\u00e9es sur nos sites et applications \u00e0 des fins de personnalisation et de ciblage publicitaire.<\/p>\n<p class=\"consentModule_secondaryText\">Vous gardez la possibilit\u00e9 de retirer votre consentement \u00e0 tout moment en consultant notre <a href=\"https:\/\/www.dna.fr\/protection-des-donnees\" target=\"_blank\" title=\"Consulter notre politique de protection des donn\u00e9es\" rel=\"noopener\">politique de protection des donn\u00e9es<\/a>. <br \/>&#13;<br \/>\n            <a href=\"https:\/\/www.dna.fr\/culture-loisirs\/2025\/10\/31\/javascript:Didomi.notice.show()\" class=\"consentModule_cmp\" target=\"_blank\" rel=\"noopener\">G\u00e9rer mes choix<\/a>&#13;\n        <\/p>\n<p>&#13;<br \/>\n                        J&rsquo;accepte&#13;<br \/>\n            J&rsquo;accepte tous les cookies&#13;\n        <\/p>\n<p>  Un nouveau \u201cParlons-en\u00a0!\u201d autour du respect \u00e0 l\u2019\u00e9cole<\/p>\n<p>Cette soir\u00e9e anniversaire rendra hommage \u00e0 l\u2019histoire de l\u2019association et \u00e0 celles et ceux qui l\u2019ont fait vivre. Le public pourra d\u00e9couvrir une r\u00e9trospective des 30 ann\u00e9es d\u2019actions, profiter d\u2019animations artistiques et musicales, et participer \u00e0 un moment convivial autour d\u2019une buvette et d\u2019une restauration. Rendez-vous est fix\u00e9 vendredi 7\u00a0novembre d\u00e8s 18\u00a0h\u00a030 \u00e0 la salle Saint-Laurent de Bischheim. Entr\u00e9e libre sur inscription\u00a0: chloe.passages@gmail.com.<\/p>\n<p>Ce contenu est bloqu\u00e9 car vous n&rsquo;avez pas accept\u00e9 les cookies et autres traceurs.<\/p>\n<p>En cliquant sur \u00ab J\u2019accepte \u00bb, les cookies et autres traceurs seront d\u00e9pos\u00e9s et vous pourrez visualiser les contenus  (<a href=\"\" class=\"consentModule_policy\" target=\"_blank\" title=\"Consulter la politique de protection des donn\u00e9es du fournisseur\">plus d&rsquo;informations<\/a>).<\/p>\n<p>En cliquant sur \u00ab J\u2019accepte tous les cookies \u00bb, vous autorisez des d\u00e9p\u00f4ts de cookies et autres traceurs pour le stockage de vos donn\u00e9es sur nos sites et applications \u00e0 des fins de personnalisation et de ciblage publicitaire.<\/p>\n<p class=\"consentModule_secondaryText\">Vous gardez la possibilit\u00e9 de retirer votre consentement \u00e0 tout moment en consultant notre <a href=\"https:\/\/www.dna.fr\/protection-des-donnees\" target=\"_blank\" title=\"Consulter notre politique de protection des donn\u00e9es\" rel=\"noopener\">politique de protection des donn\u00e9es<\/a>. <br \/>&#13;<br \/>\n            <a href=\"https:\/\/www.dna.fr\/culture-loisirs\/2025\/10\/31\/javascript:Didomi.notice.show()\" class=\"consentModule_cmp\" target=\"_blank\" rel=\"noopener\">G\u00e9rer mes choix<\/a>&#13;\n        <\/p>\n<p>&#13;<br \/>\n                        J&rsquo;accepte&#13;<br \/>\n            J&rsquo;accepte tous les cookies&#13;\n        <\/p>\n<p>L\u2019association PasSages donne par ailleurs rendez-vous au public pour un nouveau temps d\u2019\u00e9change dans le cadre de son cycle \u00ab\u00a0Parlons-en\u00a0!\u00a0\u00bb, le samedi 8\u00a0novembre de 14\u00a0h \u00e0 16\u00a0h, au Sapin Vert \u00e0 Bischheim. Cette nouvelle \u00e9dition sera consacr\u00e9e \u00e0 l\u2019action Respect, <a href=\"https:\/\/www.dna.fr\/culture-loisirs\/2025\/06\/19\/l-association-passages-poursuit-son-action-aupres-des-ecoliers\" target=\"_blank\" rel=\"noopener\">un projet phare men\u00e9 depuis plusieurs ann\u00e9es aupr\u00e8s des \u00e9l\u00e8ves de CM1 et CM2 de la ville<\/a>. L\u2019objectif\u00a0: sensibiliser les plus jeunes \u00e0 la tol\u00e9rance, \u00e0 la diversit\u00e9 culturelle et au vivre-ensemble. La rencontre prendra la forme d\u2019une table ronde anim\u00e9e par Claire Chaffonjon et Gaby Buchmann, qui inviteront le public \u00e0 une discussion vivante et participative autour des valeurs de respect et de citoyennet\u00e9.<\/p>\n<p>Une belle occasion de d\u00e9couvrir le projet, \u00e9changer des id\u00e9es et poser toutes vos questions dans une ambiance chaleureuse et bienveillante.<\/p>\n<p class=\"note\">Anniversaire, vendredi 7\u00a0novembre d\u00e8s 18\u00a0h\u00a030, \u00e0 la salle Saint-Laurent, 2A rue Saint Laurent \u00e0 Bischheim. Entr\u00e9e libre sur inscription\u00a0: chloe.passages@gmail.com<\/p>\n<p class=\"note\">\u00ab\u00a0Parlons-en\u00a0!\u00a0\u00bb, samedi 8\u00a0novembre de 14\u00a0h \u00e0 16\u00a0h, au salon du Sapin Vert, 4 avenue de P\u00e9rigueux \u00e0 Bischheim.<\/p>\n","protected":false},"excerpt":{"rendered":"Cr\u00e9\u00e9e en 1995, l\u2019association PasSages agit au c\u0153ur du territoire pour promouvoir la solidarit\u00e9, le vivre-ensemble et la&hellip;\n","protected":false},"author":2,"featured_media":503121,"comment_status":"","ping_status":"","sticky":false,"template":"","format":"standard","meta":{"footnotes":""},"categories":[2820],"tags":[1111,11,13205,6211,1687,2880,1057,1777,674,3326,107,1011,27,775,12,5486,25,3140,640,3265],"class_list":{"0":"post-503120","1":"post","2":"type-post","3":"status-publish","4":"format-standard","5":"has-post-thumbnail","7":"category-strasbourg","8":"tag-actu","9":"tag-actualites","10":"tag-bischheim","11":"tag-conference","12":"tag-culture-loisirs","13":"tag-edition-strasbourg","14":"tag-education","15":"tag-eu","16":"tag-europe","17":"tag-fete-locale","18":"tag-fil-info","19":"tag-fr","20":"tag-france","21":"tag-grand-est","22":"tag-news","23":"tag-rencontre","24":"tag-republique-francaise","25":"tag-spectacle","26":"tag-strasbourg","27":"tag-strasbourg-nord"},"share_on_mastodon":{"url":"https:\/\/pubeurope.com\/@fr\/115470989023311412","error":""},"_links":{"self":[{"href":"https:\/\/www.europesays.com\/fr\/wp-json\/wp\/v2\/posts\/503120","targetHints":{"allow":["GET"]}}],"collection":[{"href":"https:\/\/www.europesays.com\/fr\/wp-json\/wp\/v2\/posts"}],"about":[{"href":"https:\/\/www.europesays.com\/fr\/wp-json\/wp\/v2\/types\/post"}],"author":[{"embeddable":true,"href":"https:\/\/www.europesays.com\/fr\/wp-json\/wp\/v2\/users\/2"}],"replies":[{"embeddable":true,"href":"https:\/\/www.europesays.com\/fr\/wp-json\/wp\/v2\/comments?post=503120"}],"version-history":[{"count":0,"href":"https:\/\/www.europesays.com\/fr\/wp-json\/wp\/v2\/posts\/503120\/revisions"}],"wp:featuredmedia":[{"embeddable":true,"href":"https:\/\/www.europesays.com\/fr\/wp-json\/wp\/v2\/media\/503121"}],"wp:attachment":[{"href":"https:\/\/www.europesays.com\/fr\/wp-json\/wp\/v2\/media?parent=503120"}],"wp:term":[{"taxonomy":"category","embeddable":true,"href":"https:\/\/www.europesays.com\/fr\/wp-json\/wp\/v2\/categories?post=503120"},{"taxonomy":"post_tag","embeddable":true,"href":"https:\/\/www.europesays.com\/fr\/wp-json\/wp\/v2\/tags?post=503120"}],"curies":[{"name":"wp","href":"https:\/\/api.w.org\/{rel}","templated":true}]}}