{"id":503128,"date":"2025-10-31T21:53:22","date_gmt":"2025-10-31T21:53:22","guid":{"rendered":"https:\/\/www.europesays.com\/fr\/503128\/"},"modified":"2025-10-31T21:53:22","modified_gmt":"2025-10-31T21:53:22","slug":"une-nouvelle-enseigne-ad-expert-chez-carquefou-automobiles","status":"publish","type":"post","link":"https:\/\/www.europesays.com\/fr\/503128\/","title":{"rendered":"Une nouvelle enseigne AD Expert chez Carquefou Automobiles !"},"content":{"rendered":"<p>Un vent de nouveaut\u00e9 souffle sur le secteur automobile local avec le lancement d&rsquo;une nouvelle enseigne AD Expert chez Carquefou Automobiles.<\/p>\n<p>Une nouvelle page pour toujours r\u00e9pondre au mieux \u00e0 vos attentes, avec un savoir-faire inchang\u00e9 : depuis 25 ans, St\u00e9phane Baudry et son \u00e9quipe proposent des prestations compl\u00e8tes alliant expertise m\u00e9canique et sens du service.<\/p>\n<p>Un service complet pour tous types de v\u00e9hicules :<\/p>\n<p>Carquefou Automobiles propose une large gamme de services pour r\u00e9pondre aux besoins des <strong>particuliers <\/strong>comme des <strong>professionnels <\/strong>: entretien r\u00e9gulier, r\u00e9parations m\u00e9caniques, diagnostics \u00e9lectroniques, vidanges, freinage, climatisation, montage de pneus, et bien plus encore&#8230; Une \u00e9quipe de <strong>m\u00e9caniciens exp\u00e9riment\u00e9s<\/strong> assure des interventions rapides, efficaces et garanties.<\/p>\n<p>Vous serez accueillis par <strong>St\u00e9phane<\/strong>, dirigeant<strong> <\/strong>;<strong> Emilie<\/strong>, assistante administrative ; <strong>Cyril<\/strong>, chef d&rsquo;atelier ; <strong>Fran\u00e7ois <\/strong>et <strong>Alexis<\/strong>, techniciens.<\/p>\n<p><img loading=\"lazy\" decoding=\"async\" style=\"display: block; margin-left: auto; margin-right: auto;\" src=\"https:\/\/www.europesays.com\/fr\/wp-content\/uploads\/2025\/10\/P35550704D7041678G.jpg\" alt=\"\" width=\"550\" height=\"305\"\/><\/p>\n<p class=\"elmt-legende\">Offre en cours chez Carquefou Automobiles \u00a9 Carquefou Automobiles<\/p>\n<p>\u00ab\u00a0Notre entit\u00e9, c&rsquo;est aussi <strong>25 ans d\u2019histoire<\/strong>, et une nouvelle page qui s\u2019\u00e9crit avec vous. <\/p>\n<p>Aujourd\u2019hui, nous changeons de cap : <strong>nous devenons Garage AD Expert<\/strong>, avec une id\u00e9e simple en t\u00eate : vous offrir <strong>le m\u00eame savoir-faire<\/strong>, mais avec <strong>plus de libert\u00e9<\/strong>, des <strong>tarifs plus justes<\/strong>, et toujours notre <strong>service carrosserie<\/strong>.<\/p>\n<p>On ne tourne pas le dos au pass\u00e9. On choisit juste un avenir <strong>plus proche de vos attentes<\/strong>.\u00a0Ici, ce sont vos voitures, vos souvenirs, vos d\u00e9pannages d\u2019urgence, vos visites de routine\u2026\u00a0Et \u00e7a, <strong>aucune enseigne ne peut le dupliquer<\/strong>.<\/p>\n<p>Retrouvez-nous toujours au <strong>90 rue Fran\u00e7ois Ren\u00e9 de Ch\u00e2teaubriand<\/strong> \u00e0 Carquefou.\u00a0Merci pour votre confiance. On continue, ensemble. Parce que AD, c&rsquo;est s\u00fbr !\u00a0\u00bb<\/p>\n<p style=\"text-align: right;\">St\u00e9phane BAUDRY &amp; toute son \u00e9quipe.<\/p>\n<p>Infos pratiques<\/p>\n<ul>\n<li>90 Rue Fran\u00e7ois Ren\u00e9 de Ch\u00e2teaubriand, 44470 Carquefou<\/li>\n<p>&#13;<\/p>\n<li><a href=\"https:\/\/nantes.maville.com\/actu\/tel:0240527303\" class=\"trackingClickNumero\" target=\"_blank\" rel=\"noopener\">02 40 52 73 03<\/a><\/li>\n<p>&#13;\n<\/ul>\n<p>\u00a0<\/p>\n","protected":false},"excerpt":{"rendered":"Un vent de nouveaut\u00e9 souffle sur le secteur automobile local avec le lancement d&rsquo;une nouvelle enseigne AD Expert&hellip;\n","protected":false},"author":2,"featured_media":503129,"comment_status":"","ping_status":"","sticky":false,"template":"","format":"standard","meta":{"footnotes":""},"categories":[2818],"tags":[1111,11,62495,10929,3862,8762,1777,674,40505,1011,27,766,12,2043,2636,25],"class_list":{"0":"post-503128","1":"post","2":"type-post","3":"status-publish","4":"format-standard","5":"has-post-thumbnail","7":"category-nantes","8":"tag-actu","9":"tag-actualites","10":"tag-ad","11":"tag-automobiles","12":"tag-carquefou","13":"tag-enseigne","14":"tag-eu","15":"tag-europe","16":"tag-expert","17":"tag-fr","18":"tag-france","19":"tag-nantes","20":"tag-news","21":"tag-nouvelle","22":"tag-pays-de-la-loire","23":"tag-republique-francaise"},"share_on_mastodon":{"url":"https:\/\/pubeurope.com\/@fr\/115471004839915848","error":""},"_links":{"self":[{"href":"https:\/\/www.europesays.com\/fr\/wp-json\/wp\/v2\/posts\/503128","targetHints":{"allow":["GET"]}}],"collection":[{"href":"https:\/\/www.europesays.com\/fr\/wp-json\/wp\/v2\/posts"}],"about":[{"href":"https:\/\/www.europesays.com\/fr\/wp-json\/wp\/v2\/types\/post"}],"author":[{"embeddable":true,"href":"https:\/\/www.europesays.com\/fr\/wp-json\/wp\/v2\/users\/2"}],"replies":[{"embeddable":true,"href":"https:\/\/www.europesays.com\/fr\/wp-json\/wp\/v2\/comments?post=503128"}],"version-history":[{"count":0,"href":"https:\/\/www.europesays.com\/fr\/wp-json\/wp\/v2\/posts\/503128\/revisions"}],"wp:featuredmedia":[{"embeddable":true,"href":"https:\/\/www.europesays.com\/fr\/wp-json\/wp\/v2\/media\/503129"}],"wp:attachment":[{"href":"https:\/\/www.europesays.com\/fr\/wp-json\/wp\/v2\/media?parent=503128"}],"wp:term":[{"taxonomy":"category","embeddable":true,"href":"https:\/\/www.europesays.com\/fr\/wp-json\/wp\/v2\/categories?post=503128"},{"taxonomy":"post_tag","embeddable":true,"href":"https:\/\/www.europesays.com\/fr\/wp-json\/wp\/v2\/tags?post=503128"}],"curies":[{"name":"wp","href":"https:\/\/api.w.org\/{rel}","templated":true}]}}