{"id":50313,"date":"2025-04-24T23:01:20","date_gmt":"2025-04-24T23:01:20","guid":{"rendered":"https:\/\/www.europesays.com\/fr\/50313\/"},"modified":"2025-04-24T23:01:20","modified_gmt":"2025-04-24T23:01:20","slug":"en-direct-guerre-en-ukraine-vladimir-arrete-lance-soudain-donald-trump","status":"publish","type":"post","link":"https:\/\/www.europesays.com\/fr\/50313\/","title":{"rendered":"En direct, guerre en Ukraine \u2013 \u00abVladimir, ARR\u00caTE!\u00bb, lance soudain Donald Trump"},"content":{"rendered":"<p>        24 avril \u00e0 22:45<\/p>\n<p>      Accord britanno-europ\u00e9en sur la d\u00e9fense en vue?<\/p>\n<p>              <a tabindex=\"-1\" title=\"Le Temps avec l\u2019AFP\" href=\"https:\/\/www.letemps.ch\/profil\/le-temps-avec-l-afp\" rel=\"nofollow noopener\" target=\"_blank\"><\/p>\n<p>                    <img decoding=\"async\" src=\"https:\/\/www.europesays.com\/fr\/wp-content\/uploads\/2025\/04\/1744691829_537_small.jpeg\" class=\"lazy\" alt=\"\"\/><\/p>\n<p><\/a>        <\/p>\n<p>Le premier ministre britannique Keir Starmer\u00a0s\u2019est entretenu jeudi \u00e0 Londres avec la pr\u00e9sidente de la Commission europ\u00e9enne Ursula von\u00a0der\u00a0Leyen sur un accord susceptible de permettre la participation du Royaume-Uni au programme militaire europ\u00e9en \u00abSafe\u00bb. Le dirigeant travailliste esp\u00e8re conclure cet accord avec Bruxelles d\u2019ici un sommet pr\u00e9vu le 19\u00a0mai \u00e0 Londres avec les chefs des institutions europ\u00e9ennes.<\/p>\n<p>Face \u00e0 la menace russe et au risque de d\u00e9sengagement am\u00e9ricain, l\u2019UE s\u2019est en effet engag\u00e9e dans un plan de r\u00e9armement du continent. \u00abSafe\u00bb pr\u00e9voit des pr\u00eats de 150\u00a0milliards d\u2019euros et doit permettre de financer, en commun, des achats et des projets d\u2019investissement en Europe en mati\u00e8re de d\u00e9fense. Le Royaume-Uni a beaucoup \u00e0 gagner d\u2019un tel accord, qui pourrait b\u00e9n\u00e9ficier \u00e0 ses entreprises de d\u00e9fense, comme BAE Systems et Rolls-Royce.<\/p>\n<p>        24 avril \u00e0 22:35<\/p>\n<p>      Pour le chef de l\u2019OTAN Mark Rutte: \u00abla balle est clairement dans le camp\u00bb russe<\/p>\n<p>              <a tabindex=\"-1\" title=\"Le Temps avec l\u2019AFP\" href=\"https:\/\/www.letemps.ch\/profil\/le-temps-avec-l-afp\" rel=\"nofollow noopener\" target=\"_blank\"><\/p>\n<p>                    <img decoding=\"async\" src=\"https:\/\/www.europesays.com\/fr\/wp-content\/uploads\/2025\/04\/1744691829_537_small.jpeg\" class=\"lazy\" alt=\"\"\/><\/p>\n<p><\/a>        <\/p>\n<p>Le secr\u00e9taire g\u00e9n\u00e9ral de l\u2019Otan, Mark Rutte, a estim\u00e9 jeudi qu\u2019il revenait \u00e0 la Russie, et non l\u2019Ukraine, de faire avancer les n\u00e9gociations pour mettre fin au conflit, apr\u00e8s que le pr\u00e9sident am\u00e9ricain Donald Trump a fustig\u00e9 Kiev. Il a d\u00e9clar\u00e9 aux journalistes \u00e0 la Maison-Blanche, \u00e0 l\u2019issue d\u2019une rencontre avec le pr\u00e9sident Trump:<\/p>\n<blockquote>\n<p>Il y a quelque chose sur la table maintenant, je pense, et les Ukrainiens jouent vraiment le jeu. Et je pense que la balle est clairement dans le camp de la Russie maintenant.<\/p>\n<\/blockquote>\n<p>  <a class=\"glightbox\" href=\"https:\/\/www.letemps.ch\/placeholder.png\" data-type=\"image\" data-description=\"\u00a9 ALEX WROBLEWSKI \/ AFP\" data- rel=\"nofollow noopener\" target=\"_blank\"><\/p>\n<p>      <img decoding=\"async\" class=\"lazy\" title=\"\u00a9 ALEX WROBLEWSKI \/ AFP\" alt=\"\u00a9 ALEX WROBLEWSKI \/ AFP\" src=\"https:\/\/www.europesays.com\/fr\/wp-content\/uploads\/2025\/04\/1745535672_196_medium.jpeg\"\/><\/p>\n<p>  <\/a><br \/>\n  \u00a9 ALEX WROBLEWSKI \/ AFP<\/p>\n<p>        24 avril \u00e0 20:28<\/p>\n<p>      Le pr\u00e9sident am\u00e9ricain assure qu\u2019il exerce \u00abune forte pression\u00bb sur son coll\u00e8gue russe<\/p>\n<p>              <a tabindex=\"-1\" title=\"Le Temps avec l\u2019AFP\" href=\"https:\/\/www.letemps.ch\/profil\/le-temps-avec-l-afp\" rel=\"nofollow noopener\" target=\"_blank\"><\/p>\n<p>                    <img decoding=\"async\" src=\"https:\/\/www.europesays.com\/fr\/wp-content\/uploads\/2025\/04\/1744691829_537_small.jpeg\" class=\"lazy\" alt=\"\"\/><\/p>\n<p><\/a>        <\/p>\n<p>\u00abNous mettons une forte pression sur la Russie\u00bb, d\u00e9clare ce jeudi soir (heure suisse) le pr\u00e9sident am\u00e9ricain dans le Bureau ovale, ajoutant toutefois qu&rsquo;\u00abil faut aussi que l\u2019Ukraine veuille conclure un accord\u00bb. \u00abElle est tr\u00e8s durement touch\u00e9e et je crois vraiment qu\u2019elle veut conclure un accord\u00bb, affirme-t-il, allusion \u00e0 l\u2019attaque de Kiev cette nuit, l\u2019une des pires agressions par missiles russes depuis le d\u00e9but du conflit.<\/p>\n<p>        24 avril \u00e0 19:00<\/p>\n<p>      Le bilan des frappes sur Kiev s&rsquo;\u00e9tablit \u00e0 12 victimes<\/p>\n<p>              <a tabindex=\"-1\" title=\"Le Temps avec l\u2019AFP\" href=\"https:\/\/www.letemps.ch\/profil\/le-temps-avec-l-afp\" rel=\"nofollow noopener\" target=\"_blank\"><\/p>\n<p>                    <img decoding=\"async\" src=\"https:\/\/www.europesays.com\/fr\/wp-content\/uploads\/2025\/04\/1744691829_537_small.jpeg\" class=\"lazy\" alt=\"\"\/><\/p>\n<p><\/a>        <\/p>\n<p>L\u2019attaque russe de missiles et de drones qui a vis\u00e9 dans la nuit la capitale ukrainienne a tu\u00e9 12 personnes et bless\u00e9s 90, selon un nouveau bilan publi\u00e9 jeudi en fin de journ\u00e9e (heure suisse) par les secours.<\/p>\n<p>\u00abLe nombre de morts dans le district de Sviatochynsky \u00e0 Kiev s\u2019\u00e9l\u00e8ve \u00e0 12. Les sauveteurs ont d\u00e9gag\u00e9 les corps de deux autres personnes de sous les d\u00e9combres\u00bb, a annonc\u00e9 sur Telegram le service d\u2019urgence de l\u2019Etat ukrainien, pr\u00e9cisant que \u00ab90 personnes ont \u00e9t\u00e9 bless\u00e9es\u00bb.<\/p>\n<p>        24 avril \u00e0 18:24<\/p>\n<p>      Le pr\u00e9sident ukrainien \u00e0 Pr\u00e9toria, la marque d\u2019un changement de doctrine de l\u2019Afrique du Sud<\/p>\n<p>              <a tabindex=\"-1\" title=\"Le Temps avec l\u2019AFP\" href=\"https:\/\/www.letemps.ch\/profil\/le-temps-avec-l-afp\" rel=\"nofollow noopener\" target=\"_blank\"><\/p>\n<p>                    <img decoding=\"async\" src=\"https:\/\/www.europesays.com\/fr\/wp-content\/uploads\/2025\/04\/1744691829_537_small.jpeg\" class=\"lazy\" alt=\"\"\/><\/p>\n<p><\/a>        <\/p>\n<p>Le pr\u00e9sident Volodymyr Zelensky \u00e9tait ce jeudi en Afrique du Sud. C\u2019est la premi\u00e8re fois qu\u2019il s\u2019y rendait, et le s\u00e9jour, \u00e9court\u00e9 en raison du bombardement de Kiev, marque un jalon. Car jusqu\u2019ici, l\u2019Afrique du Sud se montrait tr\u00e8s pro-russe, rappelle l\u2019agence AFP.<\/p>\n<p>Il y a deux mois a eu lieu le vote in\u00e9dit par l\u2019Afrique du Sud d\u2019une r\u00e9solution de l\u2019ONU qualifiant la guerre \u00abd\u2019invasion totale de l\u2019Ukraine\u00bb par la Russie et \u00abr\u00e9affirmant son attachement\u00bb \u00e0 l&rsquo;\u00abint\u00e9grit\u00e9 territoriale\u00bb du pays. Le revirement est frappant pour l\u2019Afrique du Sud, dont le pr\u00e9sident Cyril Ramaphosa qualifiait encore Moscou d&rsquo;\u00aballi\u00e9 et ami pr\u00e9cieux\u00bb au sommet des Brics en octobre 2024.<\/p>\n<p>\u00abL\u2019Afrique du Sud a \u00e9t\u00e9 critiqu\u00e9e pour avoir adopt\u00e9 une position assez ambigu\u00eb sur la fa\u00e7on de d\u00e9finir le conflit\u00bb en Ukraine, observe Priyal Singh, chercheur \u00e0 l\u2019Institut pour les \u00e9tudes de s\u00e9curit\u00e9 \u00e0 Pretoria, pour qui le vote de la r\u00e9solution \u00aba mis les choses au clair\u00bb.<\/p>\n<p>        24 avril \u00e0 15:01<\/p>\n<p>      \u00abVladimir, ARR\u00caTE!\u00bb<\/p>\n<p>              <a tabindex=\"-1\" title=\"Le Temps avec l\u2019AFP\" href=\"https:\/\/www.letemps.ch\/profil\/le-temps-avec-l-afp\" rel=\"nofollow noopener\" target=\"_blank\"><\/p>\n<p>                    <img decoding=\"async\" src=\"https:\/\/www.europesays.com\/fr\/wp-content\/uploads\/2025\/04\/1744691829_537_small.jpeg\" class=\"lazy\" alt=\"\"\/><\/p>\n<p><\/a>        <\/p>\n<p>Donald Trump se dit \u00abpas content\u00bb des frappes russes sur Kiev survenues dans la nuit.<\/p>\n<p>\u00abPas n\u00e9cessaire et tr\u00e8s mauvais timing\u00bb, tapote le pr\u00e9sident am\u00e9ricain sur sa plateforme Truth Social avant d\u2019ajouter:<\/p>\n<blockquote>\n<p>Vladimir, ARR\u00caTE!<\/p>\n<\/blockquote>\n<p>        24 avril \u00e0 14:01<\/p>\n<p>      Volodymyr Zelensky d\u00e9plore l\u2019absence de \u00abpression forte\u00bb sur Moscou<\/p>\n<p>              <a tabindex=\"-1\" title=\"Le Temps avec l\u2019AFP\" href=\"https:\/\/www.letemps.ch\/profil\/le-temps-avec-l-afp\" rel=\"nofollow noopener\" target=\"_blank\"><\/p>\n<p>                    <img decoding=\"async\" src=\"https:\/\/www.europesays.com\/fr\/wp-content\/uploads\/2025\/04\/1744691829_537_small.jpeg\" class=\"lazy\" alt=\"\"\/><\/p>\n<p><\/a>        <\/p>\n<p>Le pr\u00e9sident ukrainien a d\u00e9nonc\u00e9 jeudi l\u2019absence de \u00abpression forte\u00bb sur la Russie pour la pousser \u00e0 arr\u00eater son invasion de l\u2019Ukraine ou \u00e0 accepter une tr\u00eave inconditionnelle sur le champ de bataille.<\/p>\n<p>\u00abNous pensons qu\u2019avec plus de pression sur la Russie [\u2026] nous serons en mesure de rapprocher les parties pour un cessez-le-feu sans condition\u00bb, a-t-il d\u00e9clar\u00e9 lors d\u2019une conf\u00e9rence de presse en Afrique du Sud.<\/p>\n<p>  <a class=\"glightbox\" href=\"https:\/\/www.letemps.ch\/placeholder.png\" data-type=\"image\" data-description=\"Le pr\u00e9sident ukrainien Volodymyr Zelensky s&#039;exprime lors d&#039;une conf\u00e9rence de presse \u00e0 Pretoria, en Afrique du Sud, le 24 avril 2025. \u2014 \u00a9 KIM LUDBROOK \/ keystone-sda.ch\" data- rel=\"nofollow noopener\" target=\"_blank\"><\/p>\n<p>      <img decoding=\"async\" class=\"lazy\" title=\"Le pr\u00e9sident ukrainien Volodymyr Zelensky s'exprime lors d'une conf\u00e9rence de presse \u00e0 Pretoria, en Afrique du Sud, le 24 avril 2025. \u2014 \u00a9 KIM LUDBROOK \/ keystone-sda.ch\" alt=\"Le pr\u00e9sident ukrainien Volodymyr Zelensky s'exprime lors d'une conf\u00e9rence de presse \u00e0 Pretoria, en Afrique du Sud, le 24 avril 2025. \u2014 \u00a9 KIM LUDBROOK \/ keystone-sda.ch\" src=\"https:\/\/www.europesays.com\/fr\/wp-content\/uploads\/2025\/04\/1745535673_854_medium.jpeg\"\/><\/p>\n<p>  <\/a><br \/>\n  Le pr\u00e9sident ukrainien Volodymyr Zelensky s&rsquo;exprime lors d&rsquo;une conf\u00e9rence de presse \u00e0 Pretoria, en Afrique du Sud, le 24 avril 2025. \u2014 \u00a9 KIM LUDBROOK \/ keystone-sda.ch<\/p>\n<p>        24 avril \u00e0 13:49<\/p>\n<p>      Londres condamne les frappes sur Kiev et annonce de nouvelles sanctions commerciales<\/p>\n<p>              <a tabindex=\"-1\" title=\"Le Temps avec l\u2019AFP\" href=\"https:\/\/www.letemps.ch\/profil\/le-temps-avec-l-afp\" rel=\"nofollow noopener\" target=\"_blank\"><\/p>\n<p>                    <img decoding=\"async\" src=\"https:\/\/www.europesays.com\/fr\/wp-content\/uploads\/2025\/04\/1744691829_537_small.jpeg\" class=\"lazy\" alt=\"\"\/><\/p>\n<p><\/a>        <\/p>\n<p>Le ministre britannique des Affaires \u00e9trang\u00e8res David Lammy a condamn\u00e9 les frappes meurtri\u00e8res russes \u00abcruelles\u00bb qui ont vis\u00e9 la capitale ukrainienne dans la nuit, au lendemain de discussions \u00e0 Londres entre Ukrainiens, Am\u00e9ricains et Europ\u00e9ens.<\/p>\n<p>  <a class=\"glightbox\" href=\"https:\/\/www.letemps.ch\/placeholder.png\" data-type=\"image\" data-description=\"Le ministre britannique des Affaires \u00e9trang\u00e8res, David Lammy, \u00e0 Paris, le 17 avril 2025. \u2014 \u00a9 Julien de Rosa \/ keystone-sda.ch\" data- rel=\"nofollow noopener\" target=\"_blank\"><\/p>\n<p>      <img decoding=\"async\" class=\"lazy\" title=\"Le ministre britannique des Affaires \u00e9trang\u00e8res, David Lammy, \u00e0 Paris, le 17 avril 2025. \u2014 \u00a9 Julien de Rosa \/ keystone-sda.ch\" alt=\"Le ministre britannique des Affaires \u00e9trang\u00e8res, David Lammy, \u00e0 Paris, le 17 avril 2025. \u2014 \u00a9 Julien de Rosa \/ keystone-sda.ch\" src=\"https:\/\/www.europesays.com\/fr\/wp-content\/uploads\/2025\/04\/1745535674_176_medium.jpeg\"\/><\/p>\n<p>  <\/a><br \/>\n  Le ministre britannique des Affaires \u00e9trang\u00e8res, David Lammy, \u00e0 Paris, le 17 avril 2025. \u2014 \u00a9 Julien de Rosa \/ keystone-sda.ch<\/p>\n<p>Plus t\u00f4t, le secr\u00e9taire d\u2019Etat Stephen Doughty avait \u00e9galement condamn\u00e9 les frappes, des sc\u00e8nes \u00abchoquantes\u00bb qui \u00abrappellent le bain de sang et l\u2019agression perp\u00e9tr\u00e9s par Poutine\u00bb. \u00abCe ne sont pas les actions d\u2019un homme de paix\u00bb, a aussi d\u00e9clar\u00e9 David Lammy sur le r\u00e9seau social X.<\/p>\n<p>Parall\u00e8lement, le gouvernement britannique a annonc\u00e9 de nouvelles sanctions commerciales contre la Russie, notamment une interdiction d\u2019exportation des manettes de jeu vid\u00e9o, utilis\u00e9es pour piloter des drones menant des attaques.<\/p>\n<p>        24 avril \u00e0 13:40<\/p>\n<p>      Le corps d\u2019une journaliste morte en d\u00e9tention en Russie rapatri\u00e9 en Ukraine<\/p>\n<p>              <a tabindex=\"-1\" title=\"Le Temps avec l\u2019AFP\" href=\"https:\/\/www.letemps.ch\/profil\/le-temps-avec-l-afp\" rel=\"nofollow noopener\" target=\"_blank\"><\/p>\n<p>                    <img decoding=\"async\" src=\"https:\/\/www.europesays.com\/fr\/wp-content\/uploads\/2025\/04\/1744691829_537_small.jpeg\" class=\"lazy\" alt=\"\"\/><\/p>\n<p><\/a>        <\/p>\n<p>La d\u00e9pouille de la journaliste ukrainienne Victoria Rochtchina a \u00e9t\u00e9 rapatri\u00e9e en Ukraine, ont annonc\u00e9 jeudi des responsables, plus de six mois apr\u00e8s l\u2019annonce de son d\u00e9c\u00e8s en d\u00e9tention en Russie dans des circonstances troubles. \u00abSon corps a \u00e9t\u00e9 restitu\u00e9 lors d\u2019un r\u00e9cent rapatriement, fin f\u00e9vrier. Son identit\u00e9 a \u00e9t\u00e9 confirm\u00e9e gr\u00e2ce \u00e0 des tests ADN\u00bb, a indiqu\u00e9 un vice-ministre ukrainien de l\u2019Int\u00e9rieur, Leonid Tymtchenko, cit\u00e9 par le m\u00e9dia ukrainien Censor.net.<\/p>\n<p>\u00abEtant donn\u00e9 les tortures et l\u2019\u00e9tat du corps, la famille de Rochtchina a demand\u00e9 non pas un, mais plusieurs tests ADN\u00bb, notamment par des laboratoires \u00e0 l\u2019\u00e9tranger, a confirm\u00e9 sur Telegram un d\u00e9put\u00e9 ukrainien, Iaroslav Iourtchychyne.<\/p>\n<p>Kiev accuse Moscou d\u2019avoir tortur\u00e9 et tu\u00e9 la journaliste, qui avait disparu en ao\u00fbt 2023 apr\u00e8s avoir rejoint les territoires occup\u00e9s par la Russie dans la r\u00e9gion ukrainienne de Zaporijjia (sud) pour couvrir la situation locale. Victoria Rochtchina, 27\u00a0ans, est morte le 19\u00a0septembre 2024, selon une lettre du minist\u00e8re russe de la D\u00e9fense re\u00e7ue par sa famille.<\/p>\n<p>        24 avril \u00e0 13:31<\/p>\n<p>      Des chasseurs su\u00e9dois interceptent un avion russe pr\u00e8s de la Pologne<\/p>\n<p>              <a tabindex=\"-1\" title=\"Le Temps avec l\u2019AFP\" href=\"https:\/\/www.letemps.ch\/profil\/le-temps-avec-l-afp\" rel=\"nofollow noopener\" target=\"_blank\"><\/p>\n<p>                    <img decoding=\"async\" src=\"https:\/\/www.europesays.com\/fr\/wp-content\/uploads\/2025\/04\/1744691829_537_small.jpeg\" class=\"lazy\" alt=\"\"\/><\/p>\n<p><\/a>        <\/p>\n<p>Deux chasseurs su\u00e9dois sous commandement de l\u2019OTAN ont escort\u00e9 jeudi au-dessus de la mer Baltique un avion de reconnaissance russe qui approchait de l\u2019espace a\u00e9rien polonais, ont annonc\u00e9 les forces arm\u00e9es su\u00e9doises.<\/p>\n<p>\u00abL\u2019avion \u00e9tait proche de l\u2019espace a\u00e9rien polonais, nous sommes donc mont\u00e9s pour signaler notre pr\u00e9sence, effectuer une identification visuelle et l\u2019escorter hors de la zone\u00bb, a d\u00e9clar\u00e9 la porte-parole de l\u2019arm\u00e9e de l\u2019air su\u00e9doise, Therese Akerstedt.<\/p>\n<p>Les tensions en mer Baltique se sont intensifi\u00e9es depuis l\u2019invasion russe de l\u2019Ukraine en f\u00e9vrier 2022.<\/p>\n<p>        24 avril \u00e0 13:28<\/p>\n<p>      Moscou cherche \u00e0 \u00abmettre la pression\u00bb sur les Etats-Unis, d\u00e9nonce Volodymyr Zelensky<\/p>\n<p>              <a tabindex=\"-1\" title=\"Le Temps avec l\u2019AFP\" href=\"https:\/\/www.letemps.ch\/profil\/le-temps-avec-l-afp\" rel=\"nofollow noopener\" target=\"_blank\"><\/p>\n<p>                    <img decoding=\"async\" src=\"https:\/\/www.europesays.com\/fr\/wp-content\/uploads\/2025\/04\/1744691829_537_small.jpeg\" class=\"lazy\" alt=\"\"\/><\/p>\n<p><\/a>        <\/p>\n<p>La Russie cherche \u00e0 \u00abmettre la pression\u00bb sur les \u00c9tats-Unis en attaquant massivement l\u2019Ukraine, a d\u00e9nonc\u00e9 jeudi le pr\u00e9sident ukrainien, en pleines discussions impuls\u00e9es par Washington sur un r\u00e8glement de la guerre.<\/p>\n<p>\u00abElle exerce \u00e9galement une pression sur les \u00c9tats-Unis. C\u2019est une autre raison qui explique l\u2019attaque d\u2019aujourd\u2019hui\u00bb, a-t-il d\u00e9clar\u00e9 durant une conf\u00e9rence de presse en Afrique du Sud, lors d\u2019un d\u00e9placement qu\u2019il a dit \u00e9courter en raison des frappes russes nocturnes.<\/p>\n<p>        24 avril \u00e0 12:23<br \/>\n          <strong>En image<\/strong><\/p>\n<p>      \u00abIls veulent nous d\u00e9truire, c\u2019est tout\u00bb: les habitants de Kiev sous le choc apr\u00e8s les frappes russes<\/p>\n<p>              <a tabindex=\"-1\" title=\"Le Temps avec l\u2019AFP\" href=\"https:\/\/www.letemps.ch\/profil\/le-temps-avec-l-afp\" rel=\"nofollow noopener\" target=\"_blank\"><\/p>\n<p>                    <img decoding=\"async\" src=\"https:\/\/www.europesays.com\/fr\/wp-content\/uploads\/2025\/04\/1744691829_537_small.jpeg\" class=\"lazy\" alt=\"\"\/><\/p>\n<p><\/a>        <\/p>\n<p>Corps gisants au sol, immeubles endommag\u00e9s et calcin\u00e9s: les habitants du quartier de Sviatochynski, dans l\u2019ouest de Kiev, se sont r\u00e9veill\u00e9s jeudi dans un d\u00e9cor apocalyptique apr\u00e8s une nouvelle attaque a\u00e9rienne russe meurtri\u00e8re.<\/p>\n<p>  <a class=\"glightbox\" href=\"https:\/\/www.letemps.ch\/placeholder.png\" data-type=\"image\" data-description=\"Genya Savilov\/AFP \u2014 \u00a9 GENYA SAVILOV \/ AFP\" data- rel=\"nofollow noopener\" target=\"_blank\"><\/p>\n<p>      <img decoding=\"async\" class=\"lazy\" title=\"Genya Savilov\/AFP \u2014 \u00a9 GENYA SAVILOV \/ AFP\" alt=\"Genya Savilov\/AFP \u2014 \u00a9 GENYA SAVILOV \/ AFP\" src=\"https:\/\/www.europesays.com\/fr\/wp-content\/uploads\/2025\/04\/1745535675_857_medium.jpeg\"\/><\/p>\n<p>  <\/a><br \/>\n  Genya Savilov\/AFP \u2014 \u00a9 GENYA SAVILOV \/ AFP<\/p>\n<p>  <a class=\"glightbox\" href=\"https:\/\/www.letemps.ch\/placeholder.png\" data-type=\"image\" data-description=\"Tetiana Dzhafarova\/AFP \u2014 \u00a9 TETIANA DZHAFAROVA \/ AFP\" data- rel=\"nofollow noopener\" target=\"_blank\"><\/p>\n<p>      <img decoding=\"async\" class=\"lazy\" title=\"Tetiana Dzhafarova\/AFP \u2014 \u00a9 TETIANA DZHAFAROVA \/ AFP\" alt=\"Tetiana Dzhafarova\/AFP \u2014 \u00a9 TETIANA DZHAFAROVA \/ AFP\" src=\"https:\/\/www.europesays.com\/fr\/wp-content\/uploads\/2025\/04\/1745535676_916_medium.jpeg\"\/><\/p>\n<p>  <\/a><br \/>\n  Tetiana Dzhafarova\/AFP \u2014 \u00a9 TETIANA DZHAFAROVA \/ AFP<\/p>\n<p>  <a class=\"glightbox\" href=\"https:\/\/www.letemps.ch\/placeholder.png\" data-type=\"image\" data-description=\"Genya Savilov\/AFP \u2014 \u00a9 GENYA SAVILOV \/ AFP\" data- rel=\"nofollow noopener\" target=\"_blank\"><\/p>\n<p>      <img decoding=\"async\" class=\"lazy\" title=\"Genya Savilov\/AFP \u2014 \u00a9 GENYA SAVILOV \/ AFP\" alt=\"Genya Savilov\/AFP \u2014 \u00a9 GENYA SAVILOV \/ AFP\" src=\"https:\/\/www.europesays.com\/fr\/wp-content\/uploads\/2025\/04\/1745535677_671_medium.jpeg\"\/><\/p>\n<p>  <\/a><br \/>\n  Genya Savilov\/AFP \u2014 \u00a9 GENYA SAVILOV \/ AFP<\/p>\n<p>Olena Davydiouk, qui vit tout pr\u00e8s du point d\u2019impact d\u2019un des missiles, a \u00e9t\u00e9 r\u00e9veill\u00e9e par les puissantes explosions. \u00abLes vitres ont vol\u00e9 en \u00e9clats, les portes ont \u00e9t\u00e9 arrach\u00e9es de leurs gonds\u00bb, raconte cette avocate de 33\u00a0ans encore sous le choc. \u00abIls sortent des gens de sous les d\u00e9combres, ils disent qu\u2019il y a des morts\u00bb, lance-t-elle.<\/p>\n<p>Olena dit ne pas comprendre pourquoi la Russie continue ses attaques meurtri\u00e8res et encore moins les messages sur les r\u00e9seaux sociaux, d\u2019internautes russes se r\u00e9jouissant apr\u00e8s les frappes. \u00abIls veulent nous d\u00e9truire, c\u2019est tout\u00bb, l\u00e2che-t-elle.<\/p>\n<p>        24 avril \u00e0 11:59<\/p>\n<p>      Crim\u00e9e annex\u00e9e \u00abperdue\u00bb par l\u2019Ukraine selon Donald Trump: le Kremlin dit \u00eatre \u00abcompl\u00e8tement\u00bb d\u2019accord<\/p>\n<p>              <a tabindex=\"-1\" title=\"Le Temps avec l\u2019AFP\" href=\"https:\/\/www.letemps.ch\/profil\/le-temps-avec-l-afp\" rel=\"nofollow noopener\" target=\"_blank\"><\/p>\n<p>                    <img decoding=\"async\" src=\"https:\/\/www.europesays.com\/fr\/wp-content\/uploads\/2025\/04\/1744691829_537_small.jpeg\" class=\"lazy\" alt=\"\"\/><\/p>\n<p><\/a>        <\/p>\n<p>Le Kremlin dit \u00eatre \u00abcompl\u00e8tement\u00bb d\u2019accord avec le pr\u00e9sident am\u00e9ricain Donald Trump, qui a d\u00e9clar\u00e9 la veille que l\u2019Ukraine a \u00abperdu il y a des ann\u00e9es\u00bb sa p\u00e9ninsule de Crim\u00e9e, annex\u00e9e en 2014 par la Russie, ce que la communaut\u00e9 internationale ne reconna\u00eet pas.<\/p>\n<p>\u00abCela correspond compl\u00e8tement \u00e0 notre compr\u00e9hension (des choses) et \u00e0 ce que nous disons depuis longtemps\u00bb, a d\u00e9clar\u00e9 le porte-parole de la pr\u00e9sidence russe, Dmitri Peskov, lors de son briefing quotidien.<\/p>\n<p>        24 avril \u00e0 11:38<\/p>\n<p>      L\u2019arm\u00e9e russe dit avoir cibl\u00e9 l\u2019industrie militaire ukrainienne<\/p>\n<p>              <a tabindex=\"-1\" title=\"Le Temps avec l\u2019AFP\" href=\"https:\/\/www.letemps.ch\/profil\/le-temps-avec-l-afp\" rel=\"nofollow noopener\" target=\"_blank\"><\/p>\n<p>                    <img decoding=\"async\" src=\"https:\/\/www.europesays.com\/fr\/wp-content\/uploads\/2025\/04\/1744691829_537_small.jpeg\" class=\"lazy\" alt=\"\"\/><\/p>\n<p><\/a>        <\/p>\n<p>La Russie assure avoir vis\u00e9 dans la nuit des infrastructures de l\u2019industrie militaire ukrainienne, et non des cibles civiles, des attaques qui ont fait au moins huit morts \u00e0 Kiev, selon les autorit\u00e9s ukrainiennes.<\/p>\n<p>Les forces arm\u00e9es russes \u00abont men\u00e9 une attaque massive avec des armes de pr\u00e9cision \u00e0 longue port\u00e9e\u00bb contre plusieurs entreprises li\u00e9es au complexe militaro-industriel ukrainien, a indiqu\u00e9 le minist\u00e8re russe de la D\u00e9fense dans un communiqu\u00e9. \u00abToutes les cibles ont \u00e9t\u00e9 touch\u00e9es\u00bb, a-t-il pr\u00e9cis\u00e9.<\/p>\n<p>        24 avril \u00e0 10:09<\/p>\n<p>      Retour pr\u00e9cipit\u00e9 \u00e0 Kiev de Volodymyr Zelensky, en visite en Afrique du Sud<\/p>\n<p>              <a tabindex=\"-1\" title=\"Le Temps avec l\u2019AFP\" href=\"https:\/\/www.letemps.ch\/profil\/le-temps-avec-l-afp\" rel=\"nofollow noopener\" target=\"_blank\"><\/p>\n<p>                    <img decoding=\"async\" src=\"https:\/\/www.europesays.com\/fr\/wp-content\/uploads\/2025\/04\/1744691829_537_small.jpeg\" class=\"lazy\" alt=\"\"\/><\/p>\n<p><\/a>        <\/p>\n<p>Le pr\u00e9sident ukrainien Volodymyr Zelensky a annonc\u00e9 jeudi qu\u2019il \u00e9courtait sa visite en cours en Afrique du Sud pour rentrer en Ukraine, apr\u00e8s des frappes russes ayant fait au moins neuf morts \u00e0 Kiev. \u00abJ\u2019annule une partie du programme de cette visite et rentrerai imm\u00e9diatement en Ukraine apr\u00e8s ma rencontre avec le pr\u00e9sident sud-africain\u00bb Cyril Ramaphosa, a indiqu\u00e9 Volodymyr Zelensky sur X.<\/p>\n<p>Le pr\u00e9sident ukrainien Volodymyr Zelensky a d\u00e9nonc\u00e9 des bombardements russes sur l\u2019Ukraine qui ont tu\u00e9 au moins neuf personnes dans la nuit \u00e0 Kiev, la capitale, appelant la Russie \u00e0 \u00abcesser imm\u00e9diatement\u00bb ses frappes. \u00abCela fait 44 jours que l\u2019Ukraine a accept\u00e9 un cessez-le-feu total et l\u2019arr\u00eat des frappes\u2026 Et cela fait 44 jours que la Russie continue de tuer notre peuple\u00bb, a r\u00e9agi le dirigeant ukrainien dans un message sur X ajoutant que \u00ables frappes doivent cesser imm\u00e9diatement et sans conditions\u00bb.<\/p>\n<blockquote class=\"twitter-tweet\" data-dnt=\"true\" align=\"center\">\n<p lang=\"en\" dir=\"ltr\">It has been 44 days since Ukraine agreed to a full ceasefire and a halt to strikes. This was a proposal from the United States. And it has been 44 days of Russia continuing to kill our people and evading tough pressure and accountability for its actions.<\/p>\n<p>It is extremely\u2026 <a href=\"https:\/\/t.co\/87CSHvsvqG\" rel=\"nofollow\">pic.twitter.com\/87CSHvsvqG<\/a><\/p>\n<p>\u2014 Volodymyr Zelenskyy \/ \u0412\u043e\u043b\u043e\u0434\u0438\u043c\u0438\u0440 \u0417\u0435\u043b\u0435\u043d\u0441\u044c\u043a\u0438\u0439 (@ZelenskyyUa) <a href=\"https:\/\/twitter.com\/ZelenskyyUa\/status\/1915306369474842949?ref_src=twsrc%5Etfw\" rel=\"nofollow noopener\" target=\"_blank\">April 24, 2025<\/a>\n<\/p><\/blockquote>\n<p>        24 avril \u00e0 09:28<br \/>\n          <strong>Chiffre<\/strong><\/p>\n<p>      Bilan de la nuit \u00e0 Kiev: 70 missiles, 145 drones et au moins dix morts<\/p>\n<p>              <a tabindex=\"-1\" title=\"Le Temps avec l\u2019AFP\" href=\"https:\/\/www.letemps.ch\/profil\/le-temps-avec-l-afp\" rel=\"nofollow noopener\" target=\"_blank\"><\/p>\n<p>                    <img decoding=\"async\" src=\"https:\/\/www.europesays.com\/fr\/wp-content\/uploads\/2025\/04\/1744691829_537_small.jpeg\" class=\"lazy\" alt=\"\"\/><\/p>\n<p><\/a>        <\/p>\n<p>La Russie a tir\u00e9 70 missiles et 145 drones dans six r\u00e9gions de l\u2019Ukraine dans la nuit de mercredi \u00e0 jeudi, faisant au moins 10 morts \u00e0 Kiev dans l\u2019une des attaques les plus meurtri\u00e8res sur la capitale depuis des semaines, a d\u00e9clar\u00e9 jeudi l\u2019arm\u00e9e de l\u2019air ukrainienne. Les forces a\u00e9riennes ukrainiennes \u00abont d\u00e9tect\u00e9 et suivi 215 cibles a\u00e9riennes ennemies\u00bb, a \u00e9crit la m\u00eame source sur Telegram, disant que 112 de ces cibles avaient \u00e9t\u00e9 d\u00e9truites.<\/p>\n<p>        24 avril \u00e0 08:51<br \/>\n          <strong>En image<\/strong><\/p>\n<p>        24 avril \u00e0 08:48<\/p>\n<p>      \u00abLa preuve du respect d\u2019aucun effort de paix\u00bb<\/p>\n<p>              <a tabindex=\"-1\" title=\"Le Temps avec l\u2019AFP\" href=\"https:\/\/www.letemps.ch\/profil\/le-temps-avec-l-afp\" rel=\"nofollow noopener\" target=\"_blank\"><\/p>\n<p>                    <img decoding=\"async\" src=\"https:\/\/www.europesays.com\/fr\/wp-content\/uploads\/2025\/04\/1744691829_537_small.jpeg\" class=\"lazy\" alt=\"\"\/><\/p>\n<p><\/a>        <\/p>\n<p>Une frappe massive de missiles russes, qui a fait neuf morts \u00e0 Kiev dans la nuit de mercredi \u00e0 jeudi, prouve que Moscou ne souhaite pas mettre un terme \u00e0 son invasion de l\u2019Ukraine, a d\u00e9clar\u00e9 jeudi le ministre ukrainien des Affaires \u00e9trang\u00e8res, Andri\u00ef Sybiga.<\/p>\n<p>Le pr\u00e9sident russe Vladimir Poutine \u00abmontre par ses actes (\u2026) qu\u2019il ne respecte aucun effort de paix et ne souhaite que continuer la guerre\u00bb, a d\u00e9clar\u00e9 Andri\u00ef Sybiga sur les r\u00e9seaux sociaux, fustigeant \u00e9galement les \u00abexigences maximalistes\u00bb de Moscou qui veut que l\u2019Ukraine se retire d\u2019une plus grande partie de son territoire comme condition de paix.<\/p>\n<p>        24 avril \u00e0 05:46<\/p>\n<p>      A Kiev, le biland monte \u00e0 neuf morts et 63 bless\u00e9s <\/p>\n<p>              <a tabindex=\"-1\" title=\"Le Temps avec l\u2019AFP\" href=\"https:\/\/www.letemps.ch\/profil\/le-temps-avec-l-afp\" rel=\"nofollow noopener\" target=\"_blank\"><\/p>\n<p>                    <img decoding=\"async\" src=\"https:\/\/www.europesays.com\/fr\/wp-content\/uploads\/2025\/04\/1744691829_537_small.jpeg\" class=\"lazy\" alt=\"\"\/><\/p>\n<p><\/a>        <\/p>\n<p>Dans un bilan qui n\u2019a cess\u00e9 de s\u2019alourdir au cours de la nuit, les autorit\u00e9s ont fait \u00e9tat d\u2019un bilan provisoire de \u00abneuf personnes tu\u00e9es, 63 bless\u00e9es, dont 42 hospitalis\u00e9es parmi lesquelles six enfants\u00bb, en accusant \u00abla Russie d\u2019avoir lanc\u00e9 une frappe massive sur Kiev\u00bb.<\/p>\n<p>        24 avril \u00e0 04:44<\/p>\n<p>      A Kiev, deux morts et 54 bless\u00e9s<\/p>\n<p>              <a tabindex=\"-1\" title=\"Le Temps avec l\u2019AFP\" href=\"https:\/\/www.letemps.ch\/profil\/le-temps-avec-l-afp\" rel=\"nofollow noopener\" target=\"_blank\"><\/p>\n<p>                    <img decoding=\"async\" src=\"https:\/\/www.europesays.com\/fr\/wp-content\/uploads\/2025\/04\/1744691829_537_small.jpeg\" class=\"lazy\" alt=\"\"\/><\/p>\n<p><\/a>        <\/p>\n<p>Au moins deux personnes ont \u00e9t\u00e9 tu\u00e9es et 54 bless\u00e9es, dont des enfants, dans une attaque de missiles russes contre la capitale de l\u2019Ukraine dans la nuit de mercredi \u00e0 jeudi, la pr\u00e9sidence ukrainienne accusant le pr\u00e9sident russe d\u2019avoir \u00abuniquement le d\u00e9sir de tuer\u00bb. \u00abKiev est attaqu\u00e9e par des missiles ennemis\u00bb, ont \u00e9crit les autorit\u00e9s militaires de la capitale de l\u2019Ukraine sur leur cha\u00eene Telegram.<\/p>\n<p>  <a class=\"glightbox\" href=\"https:\/\/www.letemps.ch\/placeholder.png\" data-type=\"image\" data-description=\"Des personnes s&#039;abritent dans une station de m\u00e9tro, le jeudi 24 avril 2025. \u2014 \u00a9 Efrem Lukatsky \/ keystone-sda.ch\" data- rel=\"nofollow noopener\" target=\"_blank\"><\/p>\n<p>      <img decoding=\"async\" class=\"lazy\" title=\"Des personnes s'abritent dans une station de m\u00e9tro, le jeudi 24 avril 2025. \u2014 \u00a9 Efrem Lukatsky \/ keystone-sda.ch\" alt=\"Des personnes s'abritent dans une station de m\u00e9tro, le jeudi 24 avril 2025. \u2014 \u00a9 Efrem Lukatsky \/ keystone-sda.ch\" src=\"https:\/\/www.europesays.com\/fr\/wp-content\/uploads\/2025\/04\/1745535678_668_medium.jpeg\"\/><\/p>\n<p>  <\/a><br \/>\n  Des personnes s&rsquo;abritent dans une station de m\u00e9tro, le jeudi 24 avril 2025. \u2014 \u00a9 Efrem Lukatsky \/ keystone-sda.ch<\/p>\n<p>Dans un bilan qui n\u2019a cess\u00e9 de s\u2019alourdir dans la nuit, Vitali Klitschko, le maire de Kiev, a fait \u00e9tat sur son compte Telegram de \u00abdeux personnes tu\u00e9es dans la capitale\u00bb et de 54 autres bless\u00e9es, dont 38 hospitalis\u00e9es parmi lesquelles \u00absix enfants\u00bb.<\/p>\n<p>Les autorit\u00e9s militaires avaient \u00e9voqu\u00e9 dans un premier temps des d\u00e9g\u00e2ts mat\u00e9riels dans au moins deux quartiers de la ville et exhort\u00e9 les habitants \u00e0 se mettre \u00e0 l\u2019abri.<\/p>\n<p>  <a class=\"glightbox\" href=\"https:\/\/www.letemps.ch\/placeholder.png\" data-type=\"image\" data-description=\"Des policiers ukrainiens pr\u00e8s d&#039;un des b\u00e2timents endommag\u00e9s par l&#039;attaque. \u2014 \u00a9 Efrem Lukatsky \/ keystone-sda.ch\" data- rel=\"nofollow noopener\" target=\"_blank\"><\/p>\n<p>      <img decoding=\"async\" class=\"lazy\" title=\"Des policiers ukrainiens pr\u00e8s d'un des b\u00e2timents endommag\u00e9s par l'attaque. \u2014 \u00a9 Efrem Lukatsky \/ keystone-sda.ch\" alt=\"Des policiers ukrainiens pr\u00e8s d'un des b\u00e2timents endommag\u00e9s par l'attaque. \u2014 \u00a9 Efrem Lukatsky \/ keystone-sda.ch\" src=\"https:\/\/www.europesays.com\/fr\/wp-content\/uploads\/2025\/04\/1745535680_108_medium.jpeg\"\/><\/p>\n<p>  <\/a><br \/>\n  Des policiers ukrainiens pr\u00e8s d&rsquo;un des b\u00e2timents endommag\u00e9s par l&rsquo;attaque. \u2014 \u00a9 Efrem Lukatsky \/ keystone-sda.ch<\/p>\n<p>        24 avril \u00e0 01:08<\/p>\n<p>      Nouvelle attaque de missiles sur Kiev<\/p>\n<p>              <a tabindex=\"-1\" title=\"Le Temps avec l\u2019AFP\" href=\"https:\/\/www.letemps.ch\/profil\/le-temps-avec-l-afp\" rel=\"nofollow noopener\" target=\"_blank\"><\/p>\n<p>                    <img decoding=\"async\" src=\"https:\/\/www.europesays.com\/fr\/wp-content\/uploads\/2025\/04\/1744691829_537_small.jpeg\" class=\"lazy\" alt=\"\"\/><\/p>\n<p><\/a>        <\/p>\n<p>Les autorit\u00e9s militaires de Kiev ont lanc\u00e9 dans la nuit de mercredi \u00e0 jeudi une alerte anti-a\u00e9rienne sur une \u00abattaque\u00bb de \u00abmissiles ennemis\u00bb sur la capitale ukrainienne. Des journalistes de l\u2019AFP ont \u00e9galement entendu des explosions qui ont r\u00e9sonn\u00e9 dans la ville ainsi que des vols de drones au-dessus de la capitale de l\u2019Ukraine.<\/p>\n<p>\u00abKiev est attaqu\u00e9e par des missiles ennemis\u00bb, ont \u00e9crit les autorit\u00e9s militaires de la capitale de l\u2019Ukraine sur leur cha\u00eene Telegram. Vitali Klitschko, le maire de Kiev, a indiqu\u00e9 qu\u2019un enfant de trois ans avait \u00e9t\u00e9 \u00abhospitalis\u00e9\u00bb \u00e0 la suite de l\u2019attaque. Les autorit\u00e9s militaires ont fait \u00e9tat de d\u00e9g\u00e2ts mat\u00e9riels dans au moins deux quartiers de la ville et exhort\u00e9 les habitants \u00e0 se mettre \u00e0 l\u2019abri. Une journaliste de l\u2019AFP a vu une dizaine d\u2019habitants r\u00e9fugi\u00e9s dans un abri en sous-sol d\u2019un immeuble r\u00e9sidentiel d\u00e8s que l\u2019alerte anti-a\u00e9rienne a retenti.<\/p>\n<p>La derni\u00e8re attaque de missiles contre Kiev remonte \u00e0 d\u00e9but avril.<\/p>\n<p>        24 avril \u00e0 00:16<\/p>\n<p>      Donald Trump \u00abpense avoir un accord\u00bb avec la Russie<\/p>\n<p>              <a tabindex=\"-1\" title=\"Le Temps avec l\u2019AFP\" href=\"https:\/\/www.letemps.ch\/profil\/le-temps-avec-l-afp\" rel=\"nofollow noopener\" target=\"_blank\"><\/p>\n<p>                    <img decoding=\"async\" src=\"https:\/\/www.europesays.com\/fr\/wp-content\/uploads\/2025\/04\/1744691829_537_small.jpeg\" class=\"lazy\" alt=\"\"\/><\/p>\n<p><\/a>        <\/p>\n<p>A Washington, Donald Trump a fait porter \u00e0 son homologue ukrainien la responsabilit\u00e9 du blocage des tractations visant \u00e0 mettre fin \u00e0 la guerre d\u00e9clench\u00e9e par la Russie en f\u00e9vrier 2022. Si un accord est \u00abtr\u00e8s proche\u00bb et m\u00eame conclu avec Moscou, la discussion s\u2019av\u00e8re \u00abplus difficile\u00bb avec le chef de l\u2019Etat ukrainien, a-t-il dit. Le refus de Kiev d\u2019accepter les termes des Etats-Unis pour mettre fin \u00e0 \u00abne fera que prolonger les tueries\u00bb, a averti le milliardaire r\u00e9publicain.<\/p>\n<p>\u00abJe pense avoir un accord avec la Russie\u00bb, a lanc\u00e9 Donald Trump devant des journalistes dans le Bureau ovale. \u00abNous devons parvenir \u00e0 un accord avec Zelensky (\u2026) mais cela a \u00e9t\u00e9 jusqu\u2019\u00e0 pr\u00e9sent plus difficile\u00bb.<\/p>\n<p>        23 avril \u00e0 23:09<\/p>\n<p>      Volodymyr Zelensky partage une d\u00e9claration de l\u2019administration Trump sur la Crim\u00e9e de 2018<\/p>\n<p>              <a tabindex=\"-1\" title=\"Le Temps avec l\u2019AFP\" href=\"https:\/\/www.letemps.ch\/profil\/le-temps-avec-l-afp\" rel=\"nofollow noopener\" target=\"_blank\"><\/p>\n<p>                    <img decoding=\"async\" src=\"https:\/\/www.europesays.com\/fr\/wp-content\/uploads\/2025\/04\/1744691829_537_small.jpeg\" class=\"lazy\" alt=\"\"\/><\/p>\n<p><\/a>        <\/p>\n<p>Volodymyr Zelensky a publi\u00e9 une d\u00e9claration de l\u2019administration Trump de 2018 s\u2019opposant \u00e0 l\u2019annexion de la Crim\u00e9e par Moscou. Cela en r\u00e9ponse aux critiques du pr\u00e9sident am\u00e9ricain qui lui a reproch\u00e9 mercredi d\u2019avoir r\u00e9affirm\u00e9 que Kiev ne reconna\u00eetrait pas une souverainet\u00e9 russe sur ce territoire.<\/p>\n<p>Sur Telegram, le pr\u00e9sident ukrainien a publi\u00e9 un lien vers cette d\u00e9claration du 25\u00a0juillet 2018 sign\u00e9 par Mike Pompeo, alors chef de la diplomatie am\u00e9ricaine, qui stipulait notamment que \u00ables Etats-Unis rejettent la tentative d\u2019annexion de la Crim\u00e9e par la Russie\u00bb.<\/p>\n<p>\u00abL\u2019Ukraine agira toujours en respectant sa Constitution et nous sommes absolument s\u00fbrs que nos partenaires, en particulier les Etats-Unis, agiront en suivant leurs d\u00e9cisions fortes\u00bb, a \u00e9crit Volodymyr Zelensky dans le message accompagnant cette d\u00e9claration datant du premier mandat de Donald Trump. Volodymyr Zelensky faisait r\u00e9f\u00e9rence au fait que la Constitution ukrainienne stipule que la Crim\u00e9e fait partie de l\u2019Ukraine.<\/p>\n<p>Lire aussi: <a href=\"https:\/\/www.letemps.ch\/articles\/a-kiev-l-idee-americaine-de-reconnaitre-la-crimee-comme-territoire-russe-n-a-pas-l-ombre-d-une-chance\" rel=\"nofollow noopener\" target=\"_blank\">A Kiev, l\u2019id\u00e9e am\u00e9ricaine de reconna\u00eetre la Crim\u00e9e comme territoire russe n\u2019a pas l\u2019ombre d\u2019une chance<\/a><\/p>\n<p>        23 avril \u00e0 20:42<\/p>\n<p>      Le pr\u00e9sident am\u00e9ricain presse son homologue ukrainien d&rsquo;abandonner la Crim\u00e9e<\/p>\n<p>              <a tabindex=\"-1\" title=\"Le Temps avec les agences\" href=\"https:\/\/www.letemps.ch\/profil\/le-temps-avec-les-agences\" rel=\"nofollow noopener\" target=\"_blank\"><\/p>\n<p>                    <img decoding=\"async\" src=\"https:\/\/www.europesays.com\/fr\/wp-content\/uploads\/2025\/04\/1744691829_537_small.jpeg\" class=\"lazy\" alt=\"\"\/><\/p>\n<p><\/a>        <\/p>\n<p>Donald Trump, dont l\u2019impatience grandit de mani\u00e8re tr\u00e8s visible, s\u2019en prend \u00e0 nouveau \u00e0 Volodymyr Zelensky. \u00abIl peut avoir la paix ou il peut se battre encore trois ans avant de perdre tout le pays\u00bb, d\u00e9clare le pr\u00e9sident am\u00e9ricain ce mercredi soir (heure suisse).<\/p>\n<blockquote>\n<p>Nous sommes tr\u00e8s proches d\u2019un accord mais cet homme qui n\u2019a pas les cartes en main doit maintenant conclure<\/p>\n<\/blockquote>\n<p>ajoute-t-il, reprenant la m\u00e9taphore des \u00abcartes\u00bb d\u00e9j\u00e0 utilis\u00e9e durant l\u2019\u00e9prouvante rencontre de f\u00e9vrier \u00e0 la Maison-Blanche.<\/p>\n<p>Plus t\u00f4t mercredi, le vice-pr\u00e9sident am\u00e9ricain J. D. Vance a somm\u00e9 Moscou et Kiev de parvenir \u00e0 un accord, sans quoi les Etats-Unis \u00abse retireront\u00bb du processus (lire aussi plus bas). Le vice-pr\u00e9sident am\u00e9ricain a sugg\u00e9r\u00e9 de \u00abgeler les lignes territoriales \u00e0 un niveau proche de ce qu\u2019elles sont aujourd\u2019hui\u00bb.<\/p>\n<p>        23 avril \u00e0 16:28<\/p>\n<p>      C\u2019est \u00ab\u00e0 l\u2019Ukraine de d\u00e9cider de son avenir\u00bb, dit Londres<\/p>\n<p>              <a tabindex=\"-1\" title=\"Le Temps avec l\u2019AFP\" href=\"https:\/\/www.letemps.ch\/profil\/le-temps-avec-l-afp\" rel=\"nofollow noopener\" target=\"_blank\"><\/p>\n<p>                    <img decoding=\"async\" src=\"https:\/\/www.europesays.com\/fr\/wp-content\/uploads\/2025\/04\/1744691829_537_small.jpeg\" class=\"lazy\" alt=\"\"\/><\/p>\n<p><\/a>        <\/p>\n<p>Il revient \u00ab\u00e0 l\u2019Ukraine de d\u00e9cider de son avenir\u00bb, a indiqu\u00e9 un porte-parole de Downing Street interrog\u00e9 sur l\u2019appel du vice-pr\u00e9sident am\u00e9ricain J. D.\u00a0Vance adress\u00e9 \u00e0 Moscou et Kiev d\u2019\u00e9changer des territoires pour parvenir \u00e0 un cessez-le-feu. \u00abNous soutenons les efforts men\u00e9s par les Etats-Unis pour mettre un terme durable \u00e0 la guerre. Je pense que c\u2019est ce que nous souhaitons tous. En fin de compte, ce doit \u00eatre \u00e0 l\u2019Ukraine de d\u00e9cider de son avenir\u00bb, a d\u00e9clar\u00e9 le porte-parole.<\/p>\n<p>        23 avril \u00e0 14:29<\/p>\n<p>      \u00abNous insistons sur un cessez-le-feu imm\u00e9diat\u00bb<\/p>\n<p>              <a tabindex=\"-1\" title=\"Le Temps avec l\u2019AFP\" href=\"https:\/\/www.letemps.ch\/profil\/le-temps-avec-l-afp\" rel=\"nofollow noopener\" target=\"_blank\"><\/p>\n<p>                    <img decoding=\"async\" src=\"https:\/\/www.europesays.com\/fr\/wp-content\/uploads\/2025\/04\/1744691829_537_small.jpeg\" class=\"lazy\" alt=\"\"\/><\/p>\n<p><\/a>        <\/p>\n<p>Le pr\u00e9sident Volodymyr Zelensky a appel\u00e9 mercredi \u00e0 un cessez-le-feu \u00abimm\u00e9diat, complet et inconditionnel\u00bb en Ukraine, alors qu\u2019une d\u00e9l\u00e9gation ukrainienne est \u00e0 Londres pour des discussions avec ses alli\u00e9s occidentaux dans un format r\u00e9duit.<\/p>\n<p>\u00abNous insistons sur un cessez-le-feu imm\u00e9diat, complet et inconditionnel\u00bb, a d\u00e9clar\u00e9 le dirigeant ukrainien sur Telegram, r\u00e9it\u00e9rant sa position de la veille selon laquelle les n\u00e9gociations de paix ne peuvent commencer qu\u2019apr\u00e8s l\u2019annonce d\u2019un cessez-le-feu. \u00abPr\u00e9server des vies doit \u00eatre une priorit\u00e9 absolue pour tous les partenaires\u00bb, a-t-il poursuivi.<\/p>\n<p>        23 avril \u00e0 11:13<\/p>\n<p>      A Londres, se rencontrer malgr\u00e9 tout<\/p>\n<p>              <a tabindex=\"-1\" title=\"Le Temps avec l\u2019AFP\" href=\"https:\/\/www.letemps.ch\/profil\/le-temps-avec-l-afp\" rel=\"nofollow noopener\" target=\"_blank\"><\/p>\n<p>                    <img decoding=\"async\" src=\"https:\/\/www.europesays.com\/fr\/wp-content\/uploads\/2025\/04\/1744691829_537_small.jpeg\" class=\"lazy\" alt=\"\"\/><\/p>\n<p><\/a>        <\/p>\n<p>Une d\u00e9l\u00e9gation ukrainienne rencontrera mercredi \u00e0 Londres Keith Kellogg, l\u2019\u00e9missaire de Donald Trump, malgr\u00e9 l\u2019annonce par le Foreign Office du report des discussions minist\u00e9rielles pr\u00e9vues sur la guerre en Ukraine, a indiqu\u00e9 \u00e0 l\u2019AFP une source au sein de la pr\u00e9sidence \u00e0 Kiev.<\/p>\n<p>\u00abKeith Kellogg sera pr\u00e9sent \u00e0 la r\u00e9union, et la rencontre avec les Am\u00e9ricains aura donc lieu. Il y aura d\u2019autres r\u00e9unions avec les Europ\u00e9ens, diff\u00e9rentes r\u00e9unions\u00bb, a affirm\u00e9 cette source \u00e0 l\u2019AFP sous couvert d\u2019anonymat.<\/p>\n<p>        23 avril \u00e0 10:27<\/p>\n<p>      Soldats chinois combattant en Ukraine: des accusations sans fondement selon P\u00e9kin<\/p>\n<p>              <a tabindex=\"-1\" title=\"Le Temps avec l\u2019AFP\" href=\"https:\/\/www.letemps.ch\/profil\/le-temps-avec-l-afp\" rel=\"nofollow noopener\" target=\"_blank\"><\/p>\n<p>                    <img decoding=\"async\" src=\"https:\/\/www.europesays.com\/fr\/wp-content\/uploads\/2025\/04\/1744691829_537_small.jpeg\" class=\"lazy\" alt=\"\"\/><\/p>\n<p><\/a>        <\/p>\n<p>P\u00e9kin a d\u00e9nonc\u00e9 mercredi des \u00abaccusations sans fondement\u00bb apr\u00e8s que l\u2019Ukraine eut affirm\u00e9 que des soldats chinois combattaient au sein de l\u2019arm\u00e9e russe et que des entreprises chinoises aidaient Moscou \u00e0 fabriquer du mat\u00e9riel militaire. \u00abLa Chine s\u2019oppose avec force \u00e0 des accusations sans fondement et \u00e0 de la manipulation politique\u00bb, a tonn\u00e9 le porte-parole de la diplomatie chinoise Guo Jiakun, lors d\u2019un point de presse, au lendemain de la convocation de son ambassadeur au minist\u00e8re ukrainien des Affaires \u00e9trang\u00e8res.<\/p>\n<p>        23 avril \u00e0 10:15<\/p>\n<p>      Pas de r\u00e9union minist\u00e9rielle sur l\u2019Ukraine \u00e0 Londres, finalement report\u00e9e<\/p>\n<p>              <a tabindex=\"-1\" title=\"Le Temps avec l\u2019AFP\" href=\"https:\/\/www.letemps.ch\/profil\/le-temps-avec-l-afp\" rel=\"nofollow noopener\" target=\"_blank\"><\/p>\n<p>                    <img decoding=\"async\" src=\"https:\/\/www.europesays.com\/fr\/wp-content\/uploads\/2025\/04\/1744691829_537_small.jpeg\" class=\"lazy\" alt=\"\"\/><\/p>\n<p><\/a>        <\/p>\n<p>Les discussions minist\u00e9rielles sur la guerre en Ukraine mercredi ont \u00e9t\u00e9 \u00abreport\u00e9es\u00bb mais se tiennent au niveau des conseillers de premier rang, a annonc\u00e9 le minist\u00e8re britannique des Affaires \u00e9trang\u00e8res.<\/p>\n<p>\u00abLa r\u00e9union sur les pourparlers de paix en Ukraine avec les ministres des Affaires \u00e9trang\u00e8res aujourd\u2019hui est report\u00e9e\u00bb, a annonc\u00e9 le Foreign office dans un communiqu\u00e9. \u00abLes discussions entre conseillers se poursuivent mais sont ferm\u00e9es aux m\u00e9dias\u00bb, a-t-il ajout\u00e9.<\/p>\n<p>        23 avril \u00e0 04:28<\/p>\n<p>      Vladimir Poutine propose de geler la ligne de front en Ukraine, selon le \u00abFinancial Times\u00bb<\/p>\n<p>              <a tabindex=\"-1\" title=\"Le Temps avec l\u2019AFP\" href=\"https:\/\/www.letemps.ch\/profil\/le-temps-avec-l-afp\" rel=\"nofollow noopener\" target=\"_blank\"><\/p>\n<p>                    <img decoding=\"async\" src=\"https:\/\/www.europesays.com\/fr\/wp-content\/uploads\/2025\/04\/1744691829_537_small.jpeg\" class=\"lazy\" alt=\"\"\/><\/p>\n<p><\/a>        <\/p>\n<p>Le pr\u00e9sident russe a propos\u00e9 aux Etats-Unis d\u2019arr\u00eater son invasion de l\u2019Ukraine et de geler la ligne de front actuelle, a affirm\u00e9 mardi le <a href=\"https:\/\/www.ft.com\/content\/78db06a7-80ea-44dc-beb5-593ddfe22ce8\" rel=\"nofollow noopener\" target=\"_blank\">Financial Times<\/a>. Selon le quotidien, qui cite des \u00abpersonnes au fait du dossier\u00bb, Vladimir\u00a0Poutine a formul\u00e9 cette proposition pendant une rencontre \u00e0 Saint-P\u00e9tersbourg d\u00e9but avril avec l\u2019\u00e9missaire am\u00e9ricain Steve Witkoff, dans le cadre des tractations internationales en cours pour un cessez-le-feu en Ukraine.<\/p>\n<p>Cesser les hostilit\u00e9s et geler le front supposerait, pour la Russie, renoncer \u00e0 sa revendication de prendre le contr\u00f4le de la totalit\u00e9 des r\u00e9gions de Donetsk, Louhansk, Kherson et Zaporijjia, dont elle occupe d\u00e9j\u00e0 de vastes secteurs.<\/p>\n<p>D\u2019apr\u00e8s les sources cit\u00e9es par le FT, le pr\u00e9sident russe serait pr\u00eat \u00e0 cette concession si les Etats-Unis acc\u00e8dent \u00e0 ses revendications majeures, comme la reconnaissance de la souverainet\u00e9 de la Russie sur la p\u00e9ninsule de Crim\u00e9e, annex\u00e9e en 2014, et la non-adh\u00e9sion de l\u2019Ukraine \u00e0 l\u2019Otan. Kiev et ses alli\u00e9s europ\u00e9ens r\u00e9clament pour leur part un retour complet de l\u2019Ukraine dans ses fronti\u00e8res d\u2019avant 2014, une position que le ministre am\u00e9ricain de la D\u00e9fense Pete Hegseth avait qualifi\u00e9 en f\u00e9vrier d&rsquo;\u00abirr\u00e9aliste\u00bb.<\/p>\n<p>        23 avril \u00e0 04:24<\/p>\n<p>      Kiev se dit pr\u00eat \u00e0 discuter directement avec Moscou, mais apr\u00e8s une tr\u00eave<\/p>\n<p>              <a tabindex=\"-1\" title=\"Le Temps avec l\u2019AFP\" href=\"https:\/\/www.letemps.ch\/profil\/le-temps-avec-l-afp\" rel=\"nofollow noopener\" target=\"_blank\"><\/p>\n<p>                    <img decoding=\"async\" src=\"https:\/\/www.europesays.com\/fr\/wp-content\/uploads\/2025\/04\/1744691829_537_small.jpeg\" class=\"lazy\" alt=\"\"\/><\/p>\n<p><\/a>        <\/p>\n<p>L&rsquo;Ukraine est pr\u00eate \u00e0 discuter directement avec Moscou pour mettre fin \u00e0 l&rsquo;invasion russe, ce qui serait une premi\u00e8re depuis 2022. Mais seulement apr\u00e8s l&rsquo;entr\u00e9e en vigueur d&rsquo;un cessez-le-feu, a d\u00e9clar\u00e9 mardi le pr\u00e9sident ukrainien. L&rsquo;\u00e9missaire sp\u00e9cial am\u00e9ricain Steve Witkoff sera lui de retour \u00e0 Moscou dans la semaine, ont fait savoir la Maison-Blanche et le Kremlin, alors que selon plusieurs m\u00e9dias am\u00e9ricains Donald Trump, tr\u00e8s impatient d&rsquo;obtenir une perc\u00e9e, serait pr\u00eat pour cela \u00e0 reconna\u00eetre la souverainet\u00e9 russe sur la Crim\u00e9e, p\u00e9ninsule ukrainienne annex\u00e9e en 2014. Am\u00e9ricains, Ukrainiens et Europ\u00e9ens doivent disccuter mercredi \u00e0 Londres d&rsquo;une cessation des combats en Ukraine, apr\u00e8s plus de trois ann\u00e9es de guerre.<\/p>\n<blockquote>\n<p>Apr\u00e8s un cessez-le-feu, nous sommes pr\u00eats \u00e0 nous asseoir (pour des n\u00e9gociations) sous n&rsquo;importe quel format<\/p>\n<\/blockquote>\n<p>, a dit Volodymyr Zelensky au cours d&rsquo;une conf\u00e9rence de presse \u00e0 Kiev.<\/p>\n<p>        22 avril \u00e0 22:48<\/p>\n<p>      De \u00abgraves inqui\u00e9tudes\u00bb: Kiev convoque l\u2019ambassadeur chinois <\/p>\n<p>              <a tabindex=\"-1\" title=\"Le Temps avec l\u2019AFP\" href=\"https:\/\/www.letemps.ch\/profil\/le-temps-avec-l-afp\" rel=\"nofollow noopener\" target=\"_blank\"><\/p>\n<p>                    <img decoding=\"async\" src=\"https:\/\/www.europesays.com\/fr\/wp-content\/uploads\/2025\/04\/1744691829_537_small.jpeg\" class=\"lazy\" alt=\"\"\/><\/p>\n<p><\/a>        <\/p>\n<p>Le minist\u00e8re ukrainien des Affaires \u00e9trang\u00e8res a indiqu\u00e9 avoir convoqu\u00e9 mardi l\u2019ambassadeur de Chine pour lui faire part de ses \u00abgraves inqui\u00e9tudes\u00bb concernant la pr\u00e9sence selon Kiev de combattants chinois dans l\u2019arm\u00e9e russe et l\u2019aide d\u2019entreprises chinoises \u00e0 la Russie pour fabriquer du mat\u00e9riel militaire.<\/p>\n<p>\u00abLe vice-ministre des Affaires \u00e9trang\u00e8res, Yevhen Perebyinis, a soulign\u00e9 que la participation de citoyens chinois aux hostilit\u00e9s contre l\u2019Ukraine aux c\u00f4t\u00e9s de l\u2019Etat agresseur (la Russie, ndlr), ainsi que l\u2019implication d\u2019entreprises chinoises dans la production de mat\u00e9riel militaire en Russie, sont tr\u00e8s pr\u00e9occupantes et contredisent l\u2019esprit de partenariat entre l\u2019Ukraine et la Chine\u00bb, a indiqu\u00e9 le minist\u00e8re dans un communiqu\u00e9.<\/p>\n<p>        22 avril \u00e0 19:16<\/p>\n<p>      Kiev ne discute pas d\u2019une nouvelle aide am\u00e9ricaine avec Washington<\/p>\n<p>              <a tabindex=\"-1\" title=\"Le Temps avec l\u2019AFP\" href=\"https:\/\/www.letemps.ch\/profil\/le-temps-avec-l-afp\" rel=\"nofollow noopener\" target=\"_blank\"><\/p>\n<p>                    <img decoding=\"async\" src=\"https:\/\/www.europesays.com\/fr\/wp-content\/uploads\/2025\/04\/1744691829_537_small.jpeg\" class=\"lazy\" alt=\"\"\/><\/p>\n<p><\/a>        <\/p>\n<p>L\u2019Ukraine ne discute pas d\u2019une nouvelle aide militaire am\u00e9ricaine avec l\u2019administration de Donald Trump et ne re\u00e7oit que l\u2019assistance accord\u00e9e sous son pr\u00e9d\u00e9cesseur Joe Biden, a d\u00e9clar\u00e9 mardi le pr\u00e9sident ukrainien Volodymyr Zelensky, lors d\u2019une conf\u00e9rence de presse.<\/p>\n<p>\u00abNous n\u2019avons pas eu pour l\u2019instant l\u2019opportunit\u00e9 de trouver un accord avec les Etats-Unis sur une nouvelle aide ou de discuter des d\u00e9tails\u00bb, a affirm\u00e9 M. Zelensky, pr\u00e9cisant que Kiev n\u2019avait pas encore re\u00e7u la r\u00e9ponse \u00e0 sa proposition d\u2019acheter aux Etats-Unis dix syst\u00e8mes de d\u00e9fense a\u00e9rienne Patriot<\/p>\n<p>        22 avril \u00e0 19:10<\/p>\n<p>      Volodymyr Zelensky \u00abvoudrait\u00bb rencontrer Donald Trump au Vatican cette semaine<\/p>\n<p>              <a tabindex=\"-1\" title=\"Le Temps avec l\u2019AFP\" href=\"https:\/\/www.letemps.ch\/profil\/le-temps-avec-l-afp\" rel=\"nofollow noopener\" target=\"_blank\"><\/p>\n<p>                    <img decoding=\"async\" src=\"https:\/\/www.europesays.com\/fr\/wp-content\/uploads\/2025\/04\/1744691829_537_small.jpeg\" class=\"lazy\" alt=\"\"\/><\/p>\n<p><\/a>        <\/p>\n<p>Le pr\u00e9sident ukrainien a d\u00e9clar\u00e9 mardi qu\u2019il \u00abvoudrait\u00bb rencontrer son homologue am\u00e9ricain Donald Trump au Vatican o\u00f9 les deux chefs d\u2019Etat se rendront pour assister aux obs\u00e8ques du pape pr\u00e9vues samedi.<\/p>\n<p>\u00abOui, je voudrais, je suis pr\u00eat. Nous sommes toujours pr\u00eats \u00e0 rencontrer nos partenaires am\u00e9ricains\u00bb, a-t-il d\u00e9clar\u00e9 lors d\u2019une conf\u00e9rence de presse \u00e0 Kiev alors que ses relations avec la nouvelle administration am\u00e9ricaine sont tendues et que sa derni\u00e8re rencontre avec Donald Trump, en f\u00e9vrier, avait \u00e9t\u00e9 marqu\u00e9e par une joute verbale.<\/p>\n<p>        22 avril \u00e0 17:36<\/p>\n<p>      La cheffe de la diplomatie europ\u00e9enne accuse Moscou d\u2019avoir essay\u00e9 de \u00abgagner du temps\u00bb avec la tr\u00eave de P\u00e2ques<\/p>\n<p>              <a tabindex=\"-1\" title=\"Le Temps avec l\u2019AFP\" href=\"https:\/\/www.letemps.ch\/profil\/le-temps-avec-l-afp\" rel=\"nofollow noopener\" target=\"_blank\"><\/p>\n<p>                    <img decoding=\"async\" src=\"https:\/\/www.europesays.com\/fr\/wp-content\/uploads\/2025\/04\/1744691829_537_small.jpeg\" class=\"lazy\" alt=\"\"\/><\/p>\n<p><\/a>        <\/p>\n<p>La cheffe de la diplomatie europ\u00e9enne Kaja Kallas a estim\u00e9 mardi que la tr\u00eave de P\u00e2ques, d\u00e9cr\u00e9t\u00e9e par Moscou mais qui n\u2019a pas donn\u00e9 lieu \u00e0 une cessation des hostilit\u00e9s en Ukraine, n\u2019\u00e9tait qu\u2019une ruse pour \u00e9viter que Donald Trump ne \u00abperde patience\u00bb.<\/p>\n<p>\u00abIls n\u2019ont pas respect\u00e9 la tr\u00eave. Il est clair que la Russie se livre \u00e0 des jeux, essaye de gagner du temps et ne veut pas vraiment la paix\u00bb, a-t-elle d\u00e9clar\u00e9.<\/p>\n<p>        22 avril \u00e0 17:27<\/p>\n<p>      Washington n\u2019a pas utilis\u00e9 \u00abtous les outils\u00bb pour mettre la pression sur Moscou, estime la cheffe de la diplomatie europ\u00e9enne<\/p>\n<p>              <a tabindex=\"-1\" title=\"Le Temps avec l\u2019AFP\" href=\"https:\/\/www.letemps.ch\/profil\/le-temps-avec-l-afp\" rel=\"nofollow noopener\" target=\"_blank\"><\/p>\n<p>                    <img decoding=\"async\" src=\"https:\/\/www.europesays.com\/fr\/wp-content\/uploads\/2025\/04\/1744691829_537_small.jpeg\" class=\"lazy\" alt=\"\"\/><\/p>\n<p><\/a>        <\/p>\n<p>Les Etats-Unis n\u2019ont pas utilis\u00e9 \u00abtous les outils\u00bb \u00e0 leur disposition pour mettre la pression sur la Russie dans les n\u00e9gociations en cours pour un cessez-le-feu en Ukraine, a estim\u00e9 mardi la cheffe de la diplomatie europ\u00e9enne Kaja Kallas.<\/p>\n<p>\u00abIls ont des outils entre leurs mains pour v\u00e9ritablement mettre la pression sur la Russie\u00bb, a-t-elle d\u00e9clar\u00e9. \u00abPourquoi n\u2019utilisent-ils pas tous les outils pour v\u00e9ritablement mettre fin \u00e0 cette guerre?\u00bb, s\u2019est-elle interrog\u00e9e.<\/p>\n<p>        22 avril \u00e0 17:01<\/p>\n<p>      L&rsquo;\u00e9missaire de Donald Trump pr\u00e9voit une nouvelle visite en Russie<\/p>\n<p>              <a tabindex=\"-1\" title=\"Le Temps avec l\u2019AFP\" href=\"https:\/\/www.letemps.ch\/profil\/le-temps-avec-l-afp\" rel=\"nofollow noopener\" target=\"_blank\"><\/p>\n<p>                    <img decoding=\"async\" src=\"https:\/\/www.europesays.com\/fr\/wp-content\/uploads\/2025\/04\/1744691829_537_small.jpeg\" class=\"lazy\" alt=\"\"\/><\/p>\n<p><\/a>        <\/p>\n<p>L&rsquo;\u00e9missaire am\u00e9ricain Steve Witkoff pr\u00e9voit un voyage cette semaine \u00e0 Moscou, a annonc\u00e9 mardi le Kremlin, en mettant en garde contre toute pr\u00e9cipitation dans les discussions pour le r\u00e8glement du conflit en Ukraine, qui se prolongent depuis plus de deux mois.<\/p>\n<p>Si la visite se confirme, il s&rsquo;agirait de la quatri\u00e8me de Steve Witkoff en Russie depuis la relance des relations russo-am\u00e9ricaines initi\u00e9e, mi-f\u00e9vrier, par Donald Trump. Le pr\u00e9sident am\u00e9ricain, qui veut mettre un terme au plus vite au conflit, avait dit dimanche esp\u00e9rer un accord \u00abdans la semaine\u00bb entre Moscou et Kiev, sans d\u00e9voiler les contours de cet engagement hypoth\u00e9tique.<\/p>\n<p>        22 avril \u00e0 13:27<\/p>\n<p>      Des discussions peut-\u00eatre, mais sans se h\u00e2ter<\/p>\n<p>              <a tabindex=\"-1\" title=\"Le Temps avec l\u2019AFP\" href=\"https:\/\/www.letemps.ch\/profil\/le-temps-avec-l-afp\" rel=\"nofollow noopener\" target=\"_blank\"><\/p>\n<p>                    <img decoding=\"async\" src=\"https:\/\/www.europesays.com\/fr\/wp-content\/uploads\/2025\/04\/1744691829_537_small.jpeg\" class=\"lazy\" alt=\"\"\/><\/p>\n<p><\/a>        <\/p>\n<p>La Russie a mis mardi en garde contre toute pr\u00e9cipitation dans les discussions sur le r\u00e8glement du conflit en Ukraine, apr\u00e8s que le pr\u00e9sident am\u00e9ricain Donald Trump a dit dimanche esp\u00e9rer un accord \u00abdans la semaine\u00bb entre Moscou et Kiev.<\/p>\n<p>\u00abIl s\u2019agit d\u2019un sujet tellement complexe (\u2026) qu\u2019il ne vaut probablement mieux pas fixer de d\u00e9lai serr\u00e9 et essayer de faire rentrer un r\u00e8glement viable (du conflit, ndlr) dans un court laps de temps\u00bb, a d\u00e9clar\u00e9 le porte-parole du Kremlin, Dmitri Peskov, dans un entretien \u00e0 la t\u00e9l\u00e9vision d\u2019Etat russe.<\/p>\n<p>        22 avril \u00e0 11:12<\/p>\n<p>      Les discussions \u00e0 Londres pour une tr\u00eave en Ukraine se pr\u00e9cisent<\/p>\n<p>              <a tabindex=\"-1\" title=\"Le Temps avec l\u2019AFP\" href=\"https:\/\/www.letemps.ch\/profil\/le-temps-avec-l-afp\" rel=\"nofollow noopener\" target=\"_blank\"><\/p>\n<p>                    <img decoding=\"async\" src=\"https:\/\/www.europesays.com\/fr\/wp-content\/uploads\/2025\/04\/1744691829_537_small.jpeg\" class=\"lazy\" alt=\"\"\/><\/p>\n<p><\/a>        <\/p>\n<p>Le second tour de discussions entre l\u2019Ukraine et ses partenaires occidentaux visant \u00e0 obtenir un cessez-le-feu avec la Russie \u00abauront lieu mercredi\u00bb \u00e0 Londres, a affirm\u00e9 mardi un haut responsable ukrainien \u00e0 l\u2019AFP, sous couvert d\u2019anonymat.<\/p>\n<p>Lundi, le pr\u00e9sident Volodymyr Zelensky avait annonc\u00e9 qu\u2019une d\u00e9l\u00e9gation ukrainienne se rendrait mercredi dans la capitale britannique en vue de discussions avec des repr\u00e9sentants am\u00e9ricains et europ\u00e9ens.<\/p>\n<p>Si la composition de la d\u00e9l\u00e9gation n\u2019a pas \u00e9t\u00e9 confirm\u00e9e, selon des m\u00e9dias ukrainiens, Kiev serait repr\u00e9sent\u00e9e par le chef de l\u2019administration pr\u00e9sidentielle ukrainienne et bras droit du pr\u00e9sident Zelensky, Andri\u00ef Iermak, le chef-adjoint de cabinet du pr\u00e9sident, Pavlo Palissa, le chef de la diplomatie ukrainienne, Andri\u00ef Sybiga, ainsi que le ministre de la D\u00e9fense, Roustem Oumerov.<\/p>\n<p>        21 avril \u00e0 18:35<br \/>\n          <strong>Explication<\/strong><\/p>\n<p>      Une \u00abtr\u00eave pascale\u00bb en forme de r\u00e9pit diplomatique pour Vladimir Poutine<\/p>\n<p>Soigneusement mise en sc\u00e8ne, l\u2019annonce d\u2019une tr\u00eave pendant le week-end pascal se voulait l\u2019expression d\u2019une \u00abmis\u00e9ricorde chr\u00e9tienne\u00bb, selon les propagandistes du Kremlin. Pour d\u2019autres, il s\u2019agissait surtout d\u2019une man\u0153uvre pour ne pas faire perdre patience aux Am\u00e9ricains<\/p>\n<p><a href=\"https:\/\/www.letemps.ch\/monde\/europe\/une-treve-pascale-en-forme-de-repit-diplomatique-pour-vladimir-poutine\" rel=\"nofollow noopener\" target=\"_blank\">Lire notre analyse<\/a><\/p>\n<p>        21 avril \u00e0 18:25<\/p>\n<p>      Zelensky annonce des discussions pour \u00abune paix r\u00e9elle et durable\u00bb mercredi \u00e0 Londres<\/p>\n<p>              <a tabindex=\"-1\" title=\"Le Temps avec l\u2019AFP\" href=\"https:\/\/www.letemps.ch\/profil\/le-temps-avec-l-afp\" rel=\"nofollow noopener\" target=\"_blank\"><\/p>\n<p>                    <img decoding=\"async\" src=\"https:\/\/www.europesays.com\/fr\/wp-content\/uploads\/2025\/04\/1744691829_537_small.jpeg\" class=\"lazy\" alt=\"\"\/><\/p>\n<p><\/a>        <\/p>\n<p>Volodymyr Zelensky d\u00e9clare que des repr\u00e9sentants ukrainiens seront \u00e0 Londres mercredi pour des discussions afin d\u2019obtenir un \u00abcessez-le-feu inconditionnel\u00bb face \u00e0 la Russie, puis \u00abune paix r\u00e9elle et durable\u00bb.<\/p>\n<p>\u00abD\u00e8s mercredi, nos repr\u00e9sentants seront \u00e0 Londres. L\u2019Ukraine, le Royaume-Uni, la France et les Etats-Unis sont pr\u00eats \u00e0 aller de l\u2019avant de mani\u00e8re aussi constructive que possible\u00bb, indique-t-il \u00e0 l\u2019issue d\u2019un appel avec le premier ministre britannique Keir Starmer.<\/p>\n<p>        21 avril \u00e0 16:21<\/p>\n<p>      Poutine va \u00e9tudier la proposition de Zelensky de prolonger la tr\u00eave<\/p>\n<p>              <a tabindex=\"-1\" title=\"Le Temps avec l\u2019AFP\" href=\"https:\/\/www.letemps.ch\/profil\/le-temps-avec-l-afp\" rel=\"nofollow noopener\" target=\"_blank\"><\/p>\n<p>                    <img decoding=\"async\" src=\"https:\/\/www.europesays.com\/fr\/wp-content\/uploads\/2025\/04\/1744691829_537_small.jpeg\" class=\"lazy\" alt=\"\"\/><\/p>\n<p><\/a>        <\/p>\n<p>Vladimir Poutine affirme qu\u2019il va \u00abanalyser\u00bb l\u2019offre de Volodymyr Zelensky de prolonger de 30 jours la tr\u00eave sur les frappes de drones et de missiles contre les infrastructures civiles.<\/p>\n<p>\u00abTout cela m\u00e9rite d\u2019\u00eatre \u00e9tudi\u00e9 attentivement. Peut-\u00eatre de fa\u00e7on bilat\u00e9rale, \u00e0 la suite de dialogues. Nous n\u2019excluons pas cela. Nous allons donc analyser tout cela et prendre les d\u00e9cisions appropri\u00e9es\u00bb, d\u00e9clare-t-il \u00e0 la presse. Tout en accusant Kiev de dissimuler des cibles militaires derri\u00e8re des infrastructures civiles.<\/p>\n<p>        21 avril \u00e0 08:15<\/p>\n<p>      La Russie reprend ses frappes a\u00e9riennes apr\u00e8s la tr\u00eave<\/p>\n<p>              <a tabindex=\"-1\" title=\"Le Temps avec l\u2019AFP\" href=\"https:\/\/www.letemps.ch\/profil\/le-temps-avec-l-afp\" rel=\"nofollow noopener\" target=\"_blank\"><\/p>\n<p>                    <img decoding=\"async\" src=\"https:\/\/www.europesays.com\/fr\/wp-content\/uploads\/2025\/04\/1744691829_537_small.jpeg\" class=\"lazy\" alt=\"\"\/><\/p>\n<p><\/a>        <\/p>\n<p>La Russie a repris ses frappes a\u00e9riennes sur l\u2019est et le sud de l\u2019Ukraine, ont indiqu\u00e9 des responsables r\u00e9gionaux ukrainiens. Cela apr\u00e8s la tr\u00eave pascale du pr\u00e9sident russe Vladimir Poutine que les deux pays se sont mutuellement accus\u00e9s d\u2019avoir viol\u00e9e.<\/p>\n<p>\u00abL\u2019arm\u00e9e russe a lanc\u00e9 des drones sur la r\u00e9gion\u00bb, a d\u00e9clar\u00e9 le gouverneur de la r\u00e9gion de Dnipropetrovsk, Sergui\u00ef Lyssak, sur Telegram. Le gouverneur de la r\u00e9gion de Mykola\u00efv, dans le sud, a indiqu\u00e9 que les attaques a\u00e9riennes russes avaient \u00e9galement repris dans cette r\u00e9gion.<\/p>\n<p>Le pr\u00e9sident ukrainien Volodymyr Zelensky, qui avait accept\u00e9 la tr\u00eave annonc\u00e9e par la Russie, a affirm\u00e9 hier soir que les forces russes avaient viol\u00e9 ce cessez-le-feu \u00abplus de 2000 fois\u00bb dans la journ\u00e9e tout en soulignant qu\u2019elles n\u2019avaient proc\u00e9d\u00e9 \u00e0 aucun raid a\u00e9rien sur cette p\u00e9riode.<\/p>\n<p>        21 avril \u00e0 08:12<\/p>\n<p>      Les \u00e9v\u00e9nements de la semaine derni\u00e8re<\/p>\n<p>Retrouvez notre suivi de la guerre en Ukraine pour la semaine du 14\u00a0au 20\u00a0avril.<\/p>\n<p>  <script async src=\"https:\/\/platform.twitter.com\/widgets.js\" charset=\"utf-8\"><\/script><\/p>\n","protected":false},"excerpt":{"rendered":"24 avril \u00e0 22:45 Accord britanno-europ\u00e9en sur la d\u00e9fense en vue? Le premier ministre britannique Keir Starmer\u00a0s\u2019est entretenu&hellip;\n","protected":false},"author":2,"featured_media":50314,"comment_status":"","ping_status":"","sticky":false,"template":"","format":"standard","meta":{"footnotes":""},"categories":[1590],"tags":[11,1777,674,4438,12,132,220],"class_list":{"0":"post-50313","1":"post","2":"type-post","3":"status-publish","4":"format-standard","5":"has-post-thumbnail","7":"category-ukraine","8":"tag-actualites","9":"tag-eu","10":"tag-europe","11":"tag-free","12":"tag-news","13":"tag-russie","14":"tag-ukraine"},"share_on_mastodon":{"url":"https:\/\/pubeurope.com\/@fr\/114395433617739374","error":""},"_links":{"self":[{"href":"https:\/\/www.europesays.com\/fr\/wp-json\/wp\/v2\/posts\/50313","targetHints":{"allow":["GET"]}}],"collection":[{"href":"https:\/\/www.europesays.com\/fr\/wp-json\/wp\/v2\/posts"}],"about":[{"href":"https:\/\/www.europesays.com\/fr\/wp-json\/wp\/v2\/types\/post"}],"author":[{"embeddable":true,"href":"https:\/\/www.europesays.com\/fr\/wp-json\/wp\/v2\/users\/2"}],"replies":[{"embeddable":true,"href":"https:\/\/www.europesays.com\/fr\/wp-json\/wp\/v2\/comments?post=50313"}],"version-history":[{"count":0,"href":"https:\/\/www.europesays.com\/fr\/wp-json\/wp\/v2\/posts\/50313\/revisions"}],"wp:featuredmedia":[{"embeddable":true,"href":"https:\/\/www.europesays.com\/fr\/wp-json\/wp\/v2\/media\/50314"}],"wp:attachment":[{"href":"https:\/\/www.europesays.com\/fr\/wp-json\/wp\/v2\/media?parent=50313"}],"wp:term":[{"taxonomy":"category","embeddable":true,"href":"https:\/\/www.europesays.com\/fr\/wp-json\/wp\/v2\/categories?post=50313"},{"taxonomy":"post_tag","embeddable":true,"href":"https:\/\/www.europesays.com\/fr\/wp-json\/wp\/v2\/tags?post=50313"}],"curies":[{"name":"wp","href":"https:\/\/api.w.org\/{rel}","templated":true}]}}