{"id":503130,"date":"2025-10-31T21:54:38","date_gmt":"2025-10-31T21:54:38","guid":{"rendered":"https:\/\/www.europesays.com\/fr\/503130\/"},"modified":"2025-10-31T21:54:38","modified_gmt":"2025-10-31T21:54:38","slug":"ligue-1-fc-nantes-fc-metz-boubacar-traore-et-benjamin-stambouli-aptes-au-service","status":"publish","type":"post","link":"https:\/\/www.europesays.com\/fr\/503130\/","title":{"rendered":"Ligue 1. FC Nantes &#8211; FC Metz\u00a0: Boubacar Traor\u00e9 et Benjamin Stambouli aptes au service"},"content":{"rendered":"<p>Le jeu des chaises musicales se poursuit du c\u00f4t\u00e9 du FC Metz. Alors que le promu messin, qui a obtenu son <a href=\"https:\/\/www.republicain-lorrain.fr\/sport\/2025\/10\/30\/ligue-1-le-fc-metz-se-lance-enfin\" target=\"_blank\" rel=\"noopener\">premier succ\u00e8s la saison mercredi face \u00e0 Lens (2-0)<\/a>, r\u00e9cup\u00e8re Benjamin Stambouli (cuisse) et Boubacar Traor\u00e9 (malade), il devra faire sans son capitaine, ce dimanche (17h15), \u00e0 Nantes. Gauthier Hein a en effet \u00e9cop\u00e9 d\u2019un match de suspension apr\u00e8s son exclusion pour deux cartons jaunes en fin de rencontre contre le RCL.<\/p>\n<p>  Malick Mbaye avec l&rsquo;\u00e9quipe r\u00e9serve<\/p>\n<p>Par ailleurs, <a href=\"https:\/\/www.republicain-lorrain.fr\/p\/stephane-le-mignan\" target=\"_blank\" rel=\"noopener\">St\u00e9phane Le Mignan<\/a> est toujours priv\u00e9 de Fod\u00e9 Ballo-Tour\u00e9 (ischio-jambiers), Michel Mboula (ischio-jambiers), Joseph Mangondo (genou) et de ses deux gardiens Pape Sy (commotion c\u00e9r\u00e9brale) et Ousmane Ba (genou).<\/p>\n<p>\u00c0 noter que Malick Mbaye (pied) voit enfin le bout du tunnel. Le jeune ailier s\u00e9n\u00e9galais, qui s\u2019entra\u00eene normalement depuis plusieurs jours, est \u00e0 la disposition de l\u2019\u00e9quipe r\u00e9serve messine qui accueille l\u2019US Vimy, ce samedi (15h) \u00e0 Frescaty, pour le compte de la 7e journ\u00e9e de National 3.<\/p>\n<p>Ce contenu est bloqu\u00e9 car vous n&rsquo;avez pas accept\u00e9 les cookies et autres traceurs.<\/p>\n<p>En cliquant sur \u00ab J\u2019accepte \u00bb, les cookies et autres traceurs seront d\u00e9pos\u00e9s et vous pourrez visualiser les contenus  (<a href=\"\" class=\"consentModule_policy\" target=\"_blank\" title=\"Consulter la politique de protection des donn\u00e9es du fournisseur\">plus d&rsquo;informations<\/a>).<\/p>\n<p>En cliquant sur \u00ab J\u2019accepte tous les cookies \u00bb, vous autorisez des d\u00e9p\u00f4ts de cookies et autres traceurs pour le stockage de vos donn\u00e9es sur nos sites et applications \u00e0 des fins de personnalisation et de ciblage publicitaire.<\/p>\n<p class=\"consentModule_secondaryText\">Vous gardez la possibilit\u00e9 de retirer votre consentement \u00e0 tout moment en consultant notre <a href=\"https:\/\/www.republicain-lorrain.fr\/protection-des-donnees\" target=\"_blank\" title=\"Consulter notre politique de protection des donn\u00e9es\" rel=\"noopener\">politique de protection des donn\u00e9es<\/a>. <br \/>&#13;<br \/>\n            <a href=\"https:\/\/www.republicain-lorrain.fr\/sport\/2025\/10\/31\/javascript:Didomi.notice.show()\" class=\"consentModule_cmp\" target=\"_blank\" rel=\"noopener\">G\u00e9rer mes choix<\/a>&#13;\n        <\/p>\n<p>&#13;<br \/>\n                        J&rsquo;accepte&#13;<br \/>\n            J&rsquo;accepte tous les cookies&#13;\n        <\/p>\n","protected":false},"excerpt":{"rendered":"Le jeu des chaises musicales se poursuit du c\u00f4t\u00e9 du FC Metz. Alors que le promu messin, qui&hellip;\n","protected":false},"author":2,"featured_media":503131,"comment_status":"","ping_status":"","sticky":false,"template":"","format":"standard","meta":{"footnotes":""},"categories":[2818],"tags":[1111,11,5598,1777,674,8113,107,1701,63,1011,27,7020,6212,6213,5599,8112,766,12,2636,25,517,1700],"class_list":{"0":"post-503130","1":"post","2":"type-post","3":"status-publish","4":"format-standard","5":"has-post-thumbnail","7":"category-nantes","8":"tag-actu","9":"tag-actualites","10":"tag-edition-metz-et-agglomeration","11":"tag-eu","12":"tag-europe","13":"tag-fc-metz","14":"tag-fil-info","15":"tag-fil-info-sport","16":"tag-football","17":"tag-fr","18":"tag-france","19":"tag-ligue-1-football","20":"tag-metz","21":"tag-metz-ville-57b","22":"tag-moselle","23":"tag-moselle-est","24":"tag-nantes","25":"tag-news","26":"tag-pays-de-la-loire","27":"tag-republique-francaise","28":"tag-sport","29":"tag-sport-lorrain"},"share_on_mastodon":{"url":"https:\/\/pubeurope.com\/@fr\/115471009341059984","error":""},"_links":{"self":[{"href":"https:\/\/www.europesays.com\/fr\/wp-json\/wp\/v2\/posts\/503130","targetHints":{"allow":["GET"]}}],"collection":[{"href":"https:\/\/www.europesays.com\/fr\/wp-json\/wp\/v2\/posts"}],"about":[{"href":"https:\/\/www.europesays.com\/fr\/wp-json\/wp\/v2\/types\/post"}],"author":[{"embeddable":true,"href":"https:\/\/www.europesays.com\/fr\/wp-json\/wp\/v2\/users\/2"}],"replies":[{"embeddable":true,"href":"https:\/\/www.europesays.com\/fr\/wp-json\/wp\/v2\/comments?post=503130"}],"version-history":[{"count":0,"href":"https:\/\/www.europesays.com\/fr\/wp-json\/wp\/v2\/posts\/503130\/revisions"}],"wp:featuredmedia":[{"embeddable":true,"href":"https:\/\/www.europesays.com\/fr\/wp-json\/wp\/v2\/media\/503131"}],"wp:attachment":[{"href":"https:\/\/www.europesays.com\/fr\/wp-json\/wp\/v2\/media?parent=503130"}],"wp:term":[{"taxonomy":"category","embeddable":true,"href":"https:\/\/www.europesays.com\/fr\/wp-json\/wp\/v2\/categories?post=503130"},{"taxonomy":"post_tag","embeddable":true,"href":"https:\/\/www.europesays.com\/fr\/wp-json\/wp\/v2\/tags?post=503130"}],"curies":[{"name":"wp","href":"https:\/\/api.w.org\/{rel}","templated":true}]}}