{"id":503143,"date":"2025-10-31T22:02:15","date_gmt":"2025-10-31T22:02:15","guid":{"rendered":"https:\/\/www.europesays.com\/fr\/503143\/"},"modified":"2025-10-31T22:02:15","modified_gmt":"2025-10-31T22:02:15","slug":"impressionnant-incroyable-sofiane-pamart-et-son-piano-ont-seduit-le-silo-a-marseille","status":"publish","type":"post","link":"https:\/\/www.europesays.com\/fr\/503143\/","title":{"rendered":"\u00ab\u00a0Impressionnant\u00a0\u00bb, \u00ab\u00a0Incroyable\u00a0\u00bb&#8230; Sofiane Pamart et son piano ont s\u00e9duit le Silo \u00e0 Marseille"},"content":{"rendered":"<p>Il est arriv\u00e9 sur sc\u00e8ne avec ses \u00e9ternelles petites lunettes noires et un bonnet en laine sur la t\u00eate. Veste de costard oversize, pantalon noir fa\u00e7on treillis, mitaines et bottines \u00e0 talons, Sofiane Pamart a entam\u00e9 son show devant un public de tout \u00e2ge et de tout style. Une de ses forces\u00a0: r\u00e9unir les habitu\u00e9s de musique classique et les autres.<\/p>\n<p>\u00c0 35\u00a0ans,<a href=\"https:\/\/www.laprovence.com\/article\/france-monde\/6692308\/le-pianiste-sofiane-pamart-de-lombre-du-rap-aux-lumieres-du-solo.html\" target=\"_blank\" rel=\"noopener\"> le pianiste virtuose<\/a> figure parmi les artistes de musique classique les plus \u00e9cout\u00e9s en streaming dans le monde. M\u00e9daill\u00e9 d\u2019or du Conservatoire de Lille, il a r\u00e9ussi \u00e0 imposer son style et casser les codes en collaborant avec les plus grands rappeurs francophones. Il a marqu\u00e9 aussi les esprits avec son piano en feu lors de la <a href=\"https:\/\/www.laprovence.com\/article\/sports\/8668521208472714\/ceremonie-douverture-des-jo-juliette-armanet-philippe-katerine-celine-dion-des-stars-de-la-chanson-attendues\" target=\"_blank\" rel=\"noopener\">c\u00e9r\u00e9monie d\u2019ouverture des JO 2024<\/a> en accompagnant Juliette Armanet sur Imagine de John Lennon.<\/p>\n<p>Prochain album en exclu<\/p>\n<p>Hier soir, c\u2019\u00e9tait bien <a href=\"https:\/\/www.laprovence.com\/article\/edition-arles\/6822239\/sofiane-pamart-le-reve-devenu-realite.html\" target=\"_blank\" rel=\"noopener\">une star du piano<\/a> qui se produisait. Dont on pouvait d\u2019ailleurs pr\u00e9commander en exclusivit\u00e9 le prochain album (pr\u00e9vu dans un an) gr\u00e2ce \u00e0 un QR code distribu\u00e9 \u00e0 tout le public. Pour ceux l\u2019ayant scann\u00e9 avant ou pendant le show, une rencontre privil\u00e9gi\u00e9e avec l\u2019artiste \u00e9tait organis\u00e9e \u00e0 la fin du concert.<\/p>\n<p>Dans une ambiance intimiste, Sofiane Pamart a encha\u00een\u00e9 ses morceaux &#8230;<\/p>\n","protected":false},"excerpt":{"rendered":"Il est arriv\u00e9 sur sc\u00e8ne avec ses \u00e9ternelles petites lunettes noires et un bonnet en laine sur la&hellip;\n","protected":false},"author":2,"featured_media":503144,"comment_status":"","ping_status":"","sticky":false,"template":"","format":"standard","meta":{"footnotes":""},"categories":[2814],"tags":[17,1111,11,251,1777,674,1011,27,48000,28488,884,12,2537,62496,5176,882,25,55709,3711],"class_list":{"0":"post-503143","1":"post","2":"type-post","3":"status-publish","4":"format-standard","5":"has-post-thumbnail","7":"category-marseille","8":"tag-17","9":"tag-actu","10":"tag-actualites","11":"tag-culture","12":"tag-eu","13":"tag-europe","14":"tag-fr","15":"tag-france","16":"tag-impressionnant","17":"tag-incroyable","18":"tag-marseille","19":"tag-news","20":"tag-ont","21":"tag-pamart","22":"tag-piano","23":"tag-provence-alpes-cote-dazur","24":"tag-republique-francaise","25":"tag-sofiane","26":"tag-son"},"share_on_mastodon":{"url":"https:\/\/pubeurope.com\/@fr\/115471040121903930","error":""},"_links":{"self":[{"href":"https:\/\/www.europesays.com\/fr\/wp-json\/wp\/v2\/posts\/503143","targetHints":{"allow":["GET"]}}],"collection":[{"href":"https:\/\/www.europesays.com\/fr\/wp-json\/wp\/v2\/posts"}],"about":[{"href":"https:\/\/www.europesays.com\/fr\/wp-json\/wp\/v2\/types\/post"}],"author":[{"embeddable":true,"href":"https:\/\/www.europesays.com\/fr\/wp-json\/wp\/v2\/users\/2"}],"replies":[{"embeddable":true,"href":"https:\/\/www.europesays.com\/fr\/wp-json\/wp\/v2\/comments?post=503143"}],"version-history":[{"count":0,"href":"https:\/\/www.europesays.com\/fr\/wp-json\/wp\/v2\/posts\/503143\/revisions"}],"wp:featuredmedia":[{"embeddable":true,"href":"https:\/\/www.europesays.com\/fr\/wp-json\/wp\/v2\/media\/503144"}],"wp:attachment":[{"href":"https:\/\/www.europesays.com\/fr\/wp-json\/wp\/v2\/media?parent=503143"}],"wp:term":[{"taxonomy":"category","embeddable":true,"href":"https:\/\/www.europesays.com\/fr\/wp-json\/wp\/v2\/categories?post=503143"},{"taxonomy":"post_tag","embeddable":true,"href":"https:\/\/www.europesays.com\/fr\/wp-json\/wp\/v2\/tags?post=503143"}],"curies":[{"name":"wp","href":"https:\/\/api.w.org\/{rel}","templated":true}]}}