{"id":503165,"date":"2025-10-31T22:16:15","date_gmt":"2025-10-31T22:16:15","guid":{"rendered":"https:\/\/www.europesays.com\/fr\/503165\/"},"modified":"2025-10-31T22:16:15","modified_gmt":"2025-10-31T22:16:15","slug":"a-berlin-les-cafes-cimetieres-offrent-un-havre-de-paix-aux-vivants-et-aux-morts","status":"publish","type":"post","link":"https:\/\/www.europesays.com\/fr\/503165\/","title":{"rendered":"\u00c0 Berlin, les \u201ccaf\u00e9s-cimeti\u00e8res\u201d offrent un havre de paix aux vivants et aux morts"},"content":{"rendered":"\n<p>\u201cUne part de cheese-cake aux c\u00f4t\u00e9s des morts, une petite bi\u00e8re avec vue sur les pierres tombales\u2026 Cette perspective aurait de quoi en d\u00e9go\u00fbter plus d\u2019un\u201d,<strong> <\/strong><a class=\"ithalc\" data-ithal=\"lien_externe\" data-ithalc=\"[nav_article]\" target=\"_blank\" href=\"https:\/\/www.faz.net\/aktuell\/reise\/friedhofs-cafes-in-berlin-so-einzigartig-wie-die-hauptstadt-19322256.html\" rel=\"nofollow noopener\">reconnaissait la <strong>Frankfurter Allgemeine Zeitung<\/strong><\/a><strong>,<\/strong> dans un article publi\u00e9 en 2023. Pourtant, \u201c\u00e0 Berlin, c\u2019est parfaitement banal\u201d. Aujourd\u2019hui, la capitale allemande compte une douzaine de caf\u00e9s-cimeti\u00e8res, <a class=\"ithalc\" data-ithal=\"lien_externe\" data-ithalc=\"[nav_article]\" target=\"_blank\" href=\"https:\/\/www.theguardian.com\/world\/2025\/oct\/28\/cemetery-cafes-trend-berlin-germany\" rel=\"nofollow noopener\">rapporte <strong>The Guardian<\/strong><\/a><strong>.<\/strong> Ces curieux \u00e9tablissements connaissent \u201cune popularit\u00e9 grandissante\u201d, attirant des visiteurs en qu\u00eate de calme.<\/p>\n<p>Parmi les pr\u00e9curseurs de cet \u00e9tonnant concept, \u201cBernd Bo\u00dfmann est souvent consid\u00e9r\u00e9 comme le pionnier du genre, avec son caf\u00e9 ouvert en 2006, le tout premier d\u2019Allemagne\u201d, relate le quotidien britannique. Militant en faveur des droits LGBTQI dans les ann\u00e9es 1980, il confie avoir perdu de nombreux amis au cours de cet engagement.<\/p>\n<p>En voulant leur \u201crendre visite\u201d au vieux cimeti\u00e8re St Matthieu de Berlin, il constate que \u201cl\u2019endroit est parfait pour les morts, mais particuli\u00e8rement d\u00e9plaisant pour les vivants\u201d. Et d\u00e9cide d\u2019y rem\u00e9dier, en y installant un caf\u00e9. Celui-ci est symboliquement baptis\u00e9 \u201cFinovo\u201d, contraction de \u201cfin et novo, fin et nouveau d\u00e9part\u201d, pr\u00e9cise la Frankfurter Allgemeine Zeitung.<\/p>\n<p> Des \u00e9tablissements hors du commun <\/p>\n<p>Depuis, l\u2019id\u00e9e a fait son chemin, et des caf\u00e9s-cimeti\u00e8res se sont i<\/p>\n","protected":false},"excerpt":{"rendered":"\u201cUne part de cheese-cake aux c\u00f4t\u00e9s des morts, une petite bi\u00e8re avec vue sur les pierres tombales\u2026 Cette&hellip;\n","protected":false},"author":2,"featured_media":503166,"comment_status":"","ping_status":"","sticky":false,"template":"","format":"standard","meta":{"footnotes":""},"categories":[1587],"tags":[11,672,1898,1804,251,1805,1803,1777,674,1801,12,1802,1857],"class_list":{"0":"post-503165","1":"post","2":"type-post","3":"status-publish","4":"format-standard","5":"has-post-thumbnail","7":"category-allemagne","8":"tag-actualites","9":"tag-allemagne","10":"tag-berlin","11":"tag-bundesrepublik-deutschland","12":"tag-culture","13":"tag-de","14":"tag-deutschland","15":"tag-eu","16":"tag-europe","17":"tag-germany","18":"tag-news","19":"tag-republique-federale-dallemagne","20":"tag-sociu00e9tu00e9"},"share_on_mastodon":{"url":"https:\/\/pubeurope.com\/@fr\/115471095206283546","error":""},"_links":{"self":[{"href":"https:\/\/www.europesays.com\/fr\/wp-json\/wp\/v2\/posts\/503165","targetHints":{"allow":["GET"]}}],"collection":[{"href":"https:\/\/www.europesays.com\/fr\/wp-json\/wp\/v2\/posts"}],"about":[{"href":"https:\/\/www.europesays.com\/fr\/wp-json\/wp\/v2\/types\/post"}],"author":[{"embeddable":true,"href":"https:\/\/www.europesays.com\/fr\/wp-json\/wp\/v2\/users\/2"}],"replies":[{"embeddable":true,"href":"https:\/\/www.europesays.com\/fr\/wp-json\/wp\/v2\/comments?post=503165"}],"version-history":[{"count":0,"href":"https:\/\/www.europesays.com\/fr\/wp-json\/wp\/v2\/posts\/503165\/revisions"}],"wp:featuredmedia":[{"embeddable":true,"href":"https:\/\/www.europesays.com\/fr\/wp-json\/wp\/v2\/media\/503166"}],"wp:attachment":[{"href":"https:\/\/www.europesays.com\/fr\/wp-json\/wp\/v2\/media?parent=503165"}],"wp:term":[{"taxonomy":"category","embeddable":true,"href":"https:\/\/www.europesays.com\/fr\/wp-json\/wp\/v2\/categories?post=503165"},{"taxonomy":"post_tag","embeddable":true,"href":"https:\/\/www.europesays.com\/fr\/wp-json\/wp\/v2\/tags?post=503165"}],"curies":[{"name":"wp","href":"https:\/\/api.w.org\/{rel}","templated":true}]}}