{"id":503180,"date":"2025-10-31T22:25:12","date_gmt":"2025-10-31T22:25:12","guid":{"rendered":"https:\/\/www.europesays.com\/fr\/503180\/"},"modified":"2025-10-31T22:25:12","modified_gmt":"2025-10-31T22:25:12","slug":"sinner-signe-sa-24e-victoire-consecutive-en-indoor-et-son-meilleur-match-de-la-semaine","status":"publish","type":"post","link":"https:\/\/www.europesays.com\/fr\/503180\/","title":{"rendered":"Sinner signe sa 24e victoire cons\u00e9cutive en indoor et son \u00abmeilleur match de la semaine\u00bb"},"content":{"rendered":"<p>\n    Malgr\u00e9 quelques signes d\u2019usure physique, l\u2019Italien s\u2019est promen\u00e9 contre l\u2019Am\u00e9ricain Ben Shelton et a soign\u00e9 ses stats.<\/p>\n<p class=\"fig-paragraph\"><a href=\"http:\/\/www.lefigaro.fr\/sports\/tennis\/rolex-paris-masters-sinner-prend-le-dessus-sur-shelton-et-file-en-demies-20251031\" data-fig-type=\"NewsFlash\" data-gtm-custom-categorie=\"navigation\" data-gtm-custom-action=\"crossclick\" data-gtm-custom-label=\"Contextuel\" data-gtm-event=\"customEventSPE\" data-fig-domain=\"LEFIGARO\" target=\"_blank\" rel=\"noopener\">Le choc annonc\u00e9 de la soir\u00e9e<\/a>\u00a0a fait pschitt. Faute d\u2019un duel \u00e9quilibr\u00e9. Il faut dire que Ben Shelton n\u2019aime pas jouer contre Sinner. Confirmation. L\u2019Am\u00e9ricain qui a domin\u00e9 l\u2019Italien dans leur premier duel, reste d\u00e9sormais sur sept d\u00e9faites et 17 sets perdus. En grosse difficult\u00e9 sur ses services, Shelton (29 % de points derri\u00e8re ses deuxi\u00e8mes services) n\u2019a jamais exist\u00e9 face au Transalpin qui s\u2019est promen\u00e9 en (1h09). Il en est d\u00e9sormais \u00e0 vingt-quatre victoires cons\u00e9cutives sur dur indoor. Seuls Roger Federer, Novak Djokovic et Pete Sampras ont fait mieux.<\/p>\n<p class=\"fig-paragraph\">Exp\u00e9ditif sur le court, Sinner l\u2019a \u00e9t\u00e9 aussi avec les m\u00e9dias avec une courte zone mixte. \u00ab C\u2019est mon meilleur match de la semaine. Je suis tr\u00e8s heureux d\u2019\u00eatre en demies ici pour la premi\u00e8re fois, je savais que \u00e7a allait un match difficile \u00e0 cause de son service. Contre Ben, ce n\u2019est pas facile, il y avait un peu de tension avant le match, c\u2019est normal. Mais aujourd\u2019hui j\u2019ai tr\u00e8s bien retourn\u00e9 et j\u2019ai \u00e9t\u00e9 tr\u00e8s solide en fond de court aussi.\u00bb <\/p>\n<blockquote class=\"fig-quote&#10;    \">\n<p class=\"fig-quote__text\">Je ne pense pas du tout au classement, je pense \u00e0 la fa\u00e7on dont je joue.<\/p>\n<p>            Jannik Sinner\n    <\/p><\/blockquote>\n<p>                                    <a class=\"fig-a11y-skip a11y-hidden\" href=\"#fig-a11y-skip-main-inarticle\"><br \/>\n        Passer la publicit\u00e9<br \/>\n    <\/a><\/p>\n<p class=\"fig-paragraph\">Il l\u2019assure m\u00eame si on n\u2019est pas oblig\u00e9 de le croire\u00a0: la course \u00e0 la premi\u00e8re place n\u2019est pas un objectif. En cas de titre, il redeviendra pourtant n\u00b01.: \u00abJe ne pense pas du tout au classement, je pense \u00e0 la fa\u00e7on dont je joue. Chaque jour, il y a de gros challenges qui se pr\u00e9sentent, je suis concentr\u00e9 sur \u00e7a. On verra ce qui se passera \u00e0 la fin de l\u2019ann\u00e9e, pour l\u2019instant on est \u00e0 Paris. La saison a \u00e9t\u00e9 tr\u00e8s longue avec de tr\u00e8s bons de r\u00e9sultat mais rien n\u2019est acquis d\u2019avance.\u00a0\u00bb\u00a0<\/p>\n<p>En demi-finales samedi, le num\u00e9ro 2 mondial affrontera le vainqueur du duel entre Daniil Medvedev et Alexander Zverev. Dans quel \u00e9tat physique\u00a0? L\u2019Italien a sembl\u00e9 ponctuellement g\u00ean\u00e9, tra\u00eenant des pieds en d\u00e9but de match entre les points et pour regagner sa chaise\u00a0: \u00abOn verra demain comment je me sens, ce sera un match tr\u00e8s difficile\u00bb.<\/p>\n","protected":false},"excerpt":{"rendered":"Malgr\u00e9 quelques signes d\u2019usure physique, l\u2019Italien s\u2019est promen\u00e9 contre l\u2019Am\u00e9ricain Ben Shelton et a soign\u00e9 ses stats. Le&hellip;\n","protected":false},"author":2,"featured_media":503181,"comment_status":"","ping_status":"","sticky":false,"template":"","format":"standard","meta":{"footnotes":""},"categories":[1415],"tags":[1011,27,20859,60,1467],"class_list":{"0":"post-503180","1":"post","2":"type-post","3":"status-publish","4":"format-standard","5":"has-post-thumbnail","7":"category-tennis","8":"tag-fr","9":"tag-france","10":"tag-jannik-sinner","11":"tag-sports","12":"tag-tennis"},"share_on_mastodon":{"url":"https:\/\/pubeurope.com\/@fr\/115471130543471847","error":""},"_links":{"self":[{"href":"https:\/\/www.europesays.com\/fr\/wp-json\/wp\/v2\/posts\/503180","targetHints":{"allow":["GET"]}}],"collection":[{"href":"https:\/\/www.europesays.com\/fr\/wp-json\/wp\/v2\/posts"}],"about":[{"href":"https:\/\/www.europesays.com\/fr\/wp-json\/wp\/v2\/types\/post"}],"author":[{"embeddable":true,"href":"https:\/\/www.europesays.com\/fr\/wp-json\/wp\/v2\/users\/2"}],"replies":[{"embeddable":true,"href":"https:\/\/www.europesays.com\/fr\/wp-json\/wp\/v2\/comments?post=503180"}],"version-history":[{"count":0,"href":"https:\/\/www.europesays.com\/fr\/wp-json\/wp\/v2\/posts\/503180\/revisions"}],"wp:featuredmedia":[{"embeddable":true,"href":"https:\/\/www.europesays.com\/fr\/wp-json\/wp\/v2\/media\/503181"}],"wp:attachment":[{"href":"https:\/\/www.europesays.com\/fr\/wp-json\/wp\/v2\/media?parent=503180"}],"wp:term":[{"taxonomy":"category","embeddable":true,"href":"https:\/\/www.europesays.com\/fr\/wp-json\/wp\/v2\/categories?post=503180"},{"taxonomy":"post_tag","embeddable":true,"href":"https:\/\/www.europesays.com\/fr\/wp-json\/wp\/v2\/tags?post=503180"}],"curies":[{"name":"wp","href":"https:\/\/api.w.org\/{rel}","templated":true}]}}