{"id":503189,"date":"2025-10-31T22:34:13","date_gmt":"2025-10-31T22:34:13","guid":{"rendered":"https:\/\/www.europesays.com\/fr\/503189\/"},"modified":"2025-10-31T22:34:13","modified_gmt":"2025-10-31T22:34:13","slug":"lours-nikita-kaamelott-la-carriere-de-lacteur-tcheky-karyo-en-images","status":"publish","type":"post","link":"https:\/\/www.europesays.com\/fr\/503189\/","title":{"rendered":"L\u2019Ours, Nikita, Kaamelott&#8230; La carri\u00e8re de l\u2019acteur Tch\u00e9ky Karyo en images"},"content":{"rendered":"<p>\n    <strong>EN IMAGES &#8211;<\/strong> Aper\u00e7u dans environ 80 films, l\u2019acteur franco-turc a d\u00e9but\u00e9 dans le cin\u00e9ma d\u2019auteur fran\u00e7ais avant de s\u2019exporter dans les ann\u00e9es 1990.<\/p>\n<p class=\"fig-paragraph\">Figure du cin\u00e9ma fran\u00e7ais, l\u2019acteur franco-turc Tch\u00e9ky Karyo,\u00a0<a href=\"http:\/\/www.lefigaro.fr\/cinema\/l-acteur-tcheky-karyo-est-mort-a-l-age-de-72-ans-20251031\" target=\"_blank\" data-fig-type=\"NewsFlash\" rel=\"noopener nofollow\" data-gtm-custom-categorie=\"navigation\" data-gtm-custom-action=\"crossclick\" data-gtm-custom-label=\"Contextuel\" data-gtm-event=\"customEventSPE\" data-fig-domain=\"LEFIGARO\">est d\u00e9c\u00e9d\u00e9 vendredi \u00e0 l\u2019\u00e2ge de 72 ans<\/a>. Dans un communiqu\u00e9 transmis \u00e0 l\u2019AFP, sa famille a annonc\u00e9 la nouvelle\u00a0: \u00abVal\u00e9rie Keruzor\u00e9, son \u00e9pouse, et leurs enfants ont la douleur de faire part de la disparition de Tch\u00e9ky Karyo emport\u00e9 par un cancer ce vendredi 31 octobre\u00bb.\u00a0<\/p>\n<p class=\"fig-paragraph\">Tch\u00e9ky Karyo a jou\u00e9 dans 80 films dont L\u2019Ours de Jean-Jacques Annaud et Nikita de Luc Besson. Il s\u2019est fait conna\u00eetre dans le cin\u00e9ma d\u2019auteur fran\u00e7ais. Mais, ce polyglotte ma\u00eetrisant le fran\u00e7ais, l\u2019anglais, l\u2019espagnol et l\u2019arabe est ensuite apparu dans des productions internationales comme La Balance, de Bob Swain, ou Bad Boys de Michael Bay.<\/p>\n<p>                                    <a class=\"fig-a11y-skip a11y-hidden\" href=\"#fig-a11y-skip-main-inarticle\"><br \/>\n        Passer la publicit\u00e9<br \/>\n    <\/a><\/p>\n<p class=\"fig-paragraph\">Sa filmographie \u00e9clectique l\u2019a fait c\u00f4toyer Jean-Pierre Jeunet dans\u00a0<a href=\"https:\/\/www.lefigaro.fr\/international\/jean-pierre-jeunet-et-dire-que-je-considerais-le-fabuleux-destin-d-amelie-poulain-comme-un-petit-film-tout-simple-20210527\" target=\"_blank\" data-fig-type=\"Article\" rel=\"noopener nofollow\" data-gtm-custom-categorie=\"navigation\" data-gtm-custom-action=\"crossclick\" data-gtm-custom-label=\"Contextuel\" data-gtm-event=\"customEventSPE\" data-fig-domain=\"LEFIGARO\">Le Fabuleux destin d\u2019Am\u00e9lie Poulain (<\/a>2001) et l\u2019a port\u00e9 vers des cin\u00e9astes \u00e9trangers, notamment le Br\u00e9silien Walter Salles (Terra Estrangeira, 1995) ou l\u2019Am\u00e9ricain Ridley Scott dans 1492: Christophe Colomb aux c\u00f4t\u00e9s de G\u00e9rard Depardieu. Il avait \u00e9t\u00e9 \u00e9galement vu plus r\u00e9cemment dans la s\u00e9rie The Missing, et aussi dans Kaamelott, d\u2019Alexandre Astier. Il s\u2019est aussi essay\u00e9 au th\u00e9\u00e2tre, et m\u00eame \u00e0 la musique.<\/p>\n","protected":false},"excerpt":{"rendered":"EN IMAGES &#8211; Aper\u00e7u dans environ 80 films, l\u2019acteur franco-turc a d\u00e9but\u00e9 dans le cin\u00e9ma d\u2019auteur fran\u00e7ais avant&hellip;\n","protected":false},"author":2,"featured_media":503190,"comment_status":"","ping_status":"","sticky":false,"template":"","format":"standard","meta":{"footnotes":""},"categories":[1356],"tags":[650,58,59,1011,27,252,1364],"class_list":{"0":"post-503189","1":"post","2":"type-post","3":"status-publish","4":"format-standard","5":"has-post-thumbnail","7":"category-television","8":"tag-cinema","9":"tag-divertissement","10":"tag-entertainment","11":"tag-fr","12":"tag-france","13":"tag-television","14":"tag-tv"},"share_on_mastodon":{"url":"https:\/\/pubeurope.com\/@fr\/115471166020519528","error":""},"_links":{"self":[{"href":"https:\/\/www.europesays.com\/fr\/wp-json\/wp\/v2\/posts\/503189","targetHints":{"allow":["GET"]}}],"collection":[{"href":"https:\/\/www.europesays.com\/fr\/wp-json\/wp\/v2\/posts"}],"about":[{"href":"https:\/\/www.europesays.com\/fr\/wp-json\/wp\/v2\/types\/post"}],"author":[{"embeddable":true,"href":"https:\/\/www.europesays.com\/fr\/wp-json\/wp\/v2\/users\/2"}],"replies":[{"embeddable":true,"href":"https:\/\/www.europesays.com\/fr\/wp-json\/wp\/v2\/comments?post=503189"}],"version-history":[{"count":0,"href":"https:\/\/www.europesays.com\/fr\/wp-json\/wp\/v2\/posts\/503189\/revisions"}],"wp:featuredmedia":[{"embeddable":true,"href":"https:\/\/www.europesays.com\/fr\/wp-json\/wp\/v2\/media\/503190"}],"wp:attachment":[{"href":"https:\/\/www.europesays.com\/fr\/wp-json\/wp\/v2\/media?parent=503189"}],"wp:term":[{"taxonomy":"category","embeddable":true,"href":"https:\/\/www.europesays.com\/fr\/wp-json\/wp\/v2\/categories?post=503189"},{"taxonomy":"post_tag","embeddable":true,"href":"https:\/\/www.europesays.com\/fr\/wp-json\/wp\/v2\/tags?post=503189"}],"curies":[{"name":"wp","href":"https:\/\/api.w.org\/{rel}","templated":true}]}}