{"id":503207,"date":"2025-10-31T22:43:11","date_gmt":"2025-10-31T22:43:11","guid":{"rendered":"https:\/\/www.europesays.com\/fr\/503207\/"},"modified":"2025-10-31T22:43:11","modified_gmt":"2025-10-31T22:43:11","slug":"quatre-bulgares-condamnes-a-des-peines-allant-de-deux-a-quatre-ans-de-prison","status":"publish","type":"post","link":"https:\/\/www.europesays.com\/fr\/503207\/","title":{"rendered":"quatre Bulgares condamn\u00e9s \u00e0 des peines allant de deux \u00e0 quatre ans de prison"},"content":{"rendered":"<p>\n    Ces hommes ont \u00e9t\u00e9 reconnus coupables d\u2019avoir tagu\u00e9 des \u00abmains rouges\u00bb sur le M\u00e9morial de la Shoah en mai 2024, sur fond de soup\u00e7ons d\u2019ing\u00e9rence \u00e9trang\u00e8re.<\/p>\n<p class=\"fig-paragraph\">Quatre ressortissants bulgares ont \u00e9t\u00e9 condamn\u00e9s vendredi \u00e0 des peines de deux \u00e0 quatre ans d\u2019emprisonnement, reconnus coupables d\u2019avoir tagu\u00e9 des\u00a0\u00abmains rouges\u00bb\u00a0sur le\u00a0<a href=\"http:\/\/www.lefigaro.fr\/lyon\/un-tag-free-gaza-sur-un-memorial-de-la-shoah-a-lyon-20250830\" target=\"_blank\" data-fig-type=\"NewsFlash\" rel=\"noopener\" data-gtm-custom-categorie=\"navigation\" data-gtm-custom-action=\"crossclick\" data-gtm-custom-label=\"Contextuel\" data-gtm-event=\"customEventSPE\" data-fig-domain=\"LEFIGARO\">M\u00e9morial de la Shoah<\/a>\u00a0en mai 2024, sur fond de soup\u00e7ons d\u2019ing\u00e9rence \u00e9trang\u00e8re.<\/p>\n<p class=\"fig-paragraph\">Le tribunal correctionnel de Paris, dont la d\u00e9cision est globalement conforme aux r\u00e9quisitions du parquet, a prononc\u00e9 une peine de deux ans contre Georgi Filipov et Kiril Milushev, pr\u00e9sent\u00e9s comme les ex\u00e9cutants, de quatre ans contre Nikolay Ivanov et trois ans contre Mircho Angelov, en fuite, ces deux derniers \u00e9tant consid\u00e9r\u00e9s comme les\u00a0\u00abcerveaux\u00bb\u00a0de l\u2019op\u00e9ration.<\/p>\n","protected":false},"excerpt":{"rendered":"Ces hommes ont \u00e9t\u00e9 reconnus coupables d\u2019avoir tagu\u00e9 des \u00abmains rouges\u00bb sur le M\u00e9morial de la Shoah en&hellip;\n","protected":false},"author":2,"featured_media":503208,"comment_status":"","ping_status":"","sticky":false,"template":"","format":"standard","meta":{"footnotes":""},"categories":[4],"tags":[11,1011,27,12,25,10775],"class_list":{"0":"post-503207","1":"post","2":"type-post","3":"status-publish","4":"format-standard","5":"has-post-thumbnail","7":"category-france","8":"tag-actualites","9":"tag-fr","10":"tag-france","11":"tag-news","12":"tag-republique-francaise","13":"tag-shoah"},"share_on_mastodon":{"url":"https:\/\/pubeurope.com\/@fr\/115471201575571513","error":""},"_links":{"self":[{"href":"https:\/\/www.europesays.com\/fr\/wp-json\/wp\/v2\/posts\/503207","targetHints":{"allow":["GET"]}}],"collection":[{"href":"https:\/\/www.europesays.com\/fr\/wp-json\/wp\/v2\/posts"}],"about":[{"href":"https:\/\/www.europesays.com\/fr\/wp-json\/wp\/v2\/types\/post"}],"author":[{"embeddable":true,"href":"https:\/\/www.europesays.com\/fr\/wp-json\/wp\/v2\/users\/2"}],"replies":[{"embeddable":true,"href":"https:\/\/www.europesays.com\/fr\/wp-json\/wp\/v2\/comments?post=503207"}],"version-history":[{"count":0,"href":"https:\/\/www.europesays.com\/fr\/wp-json\/wp\/v2\/posts\/503207\/revisions"}],"wp:featuredmedia":[{"embeddable":true,"href":"https:\/\/www.europesays.com\/fr\/wp-json\/wp\/v2\/media\/503208"}],"wp:attachment":[{"href":"https:\/\/www.europesays.com\/fr\/wp-json\/wp\/v2\/media?parent=503207"}],"wp:term":[{"taxonomy":"category","embeddable":true,"href":"https:\/\/www.europesays.com\/fr\/wp-json\/wp\/v2\/categories?post=503207"},{"taxonomy":"post_tag","embeddable":true,"href":"https:\/\/www.europesays.com\/fr\/wp-json\/wp\/v2\/tags?post=503207"}],"curies":[{"name":"wp","href":"https:\/\/api.w.org\/{rel}","templated":true}]}}