{"id":503209,"date":"2025-10-31T22:44:20","date_gmt":"2025-10-31T22:44:20","guid":{"rendered":"https:\/\/www.europesays.com\/fr\/503209\/"},"modified":"2025-10-31T22:44:20","modified_gmt":"2025-10-31T22:44:20","slug":"nicolas-sarkozy-saura-le-10-novembre-sil-est-autorise-a-etre-remis-en-liberte","status":"publish","type":"post","link":"https:\/\/www.europesays.com\/fr\/503209\/","title":{"rendered":"Nicolas Sarkozy saura le 10\u00a0novembre s\u2019il est autoris\u00e9 \u00e0 \u00eatre remis en libert\u00e9"},"content":{"rendered":"<p>La cour d\u2019appel de Paris examinera le 10\u00a0novembre la demande de mise en libert\u00e9 de <a href=\"https:\/\/www.20minutes.fr\/politique\/nicolas_sarkozy\/\" class=\"c-link c-link--is-underlined\" target=\"_blank\" rel=\"noopener\">Nicolas Sarkozy<\/a>, emprisonn\u00e9 dans le cadre du dossier libyen, a appris vendredi l\u2019AFP de source judiciaire, confirmant une information du Figaro. L\u2019ex-pr\u00e9sident est incarc\u00e9r\u00e9 depuis le 21\u00a0octobre \u00e0 la prison de la Sant\u00e9 \u00e0 Paris apr\u00e8s sa condamnation avec mandat de d\u00e9p\u00f4t \u00e0 ex\u00e9cution provisoire pour association de malfaiteurs dans le proc\u00e8s libyen, une d\u00e9tention in\u00e9dite dans l\u2019histoire de la R\u00e9publique.<\/p>\n<p>Le 25 septembre, le tribunal correctionnel de Paris l\u2019a condamn\u00e9 \u00e0 cinq ans de prison, reconnu coupable d\u2019avoir sciemment laiss\u00e9 ses collaborateurs rencontrer \u00e0 <a href=\"https:\/\/www.20minutes.fr\/monde\/tripoli\/\" class=\"c-link c-link--is-underlined\" target=\"_blank\" rel=\"noopener\">Tripoli<\/a> un dignitaire du pouvoir de <a href=\"https:\/\/www.20minutes.fr\/monde\/mouammar_kadhafi\/\" class=\"c-link c-link--is-underlined\" target=\"_blank\" rel=\"noopener\">Mouammar Kadhafi<\/a> pour discuter d\u2019un financement occulte de sa campagne pr\u00e9sidentielle victorieuse de\u00a02007.<\/p>\n<p>\u00ab\u00a0Haine\u00a0\u00bb ou \u00ab\u00a0gravit\u00e9 exceptionnelle\u00a0\u00bb\u00a0?<\/p>\n<p>Nicolas Sarkozy a fait appel et un nouveau proc\u00e8s devrait se tenir \u00e0 partir de mars, m\u00eame si les dates n\u2019ont pas encore \u00e9t\u00e9 officiellement fix\u00e9es. Plus que la condamnation, c\u2019est le mandat de d\u00e9p\u00f4t l\u2019envoyant en prison qui avait suscit\u00e9 la stupeur. Pour les juges, il est justifi\u00e9 par la \u00ab\u00a0gravit\u00e9 exceptionnelle\u00a0\u00bb des faits. Pour Nicolas Sarkozy, il a \u00e9t\u00e9 motiv\u00e9 par \u00ab\u00a0la haine\u00a0\u00bb.<\/p>\n<\/p>\n<p>Ce crit\u00e8re de la gravit\u00e9 des faits de nature \u00e0 \u00ab\u00a0troubler l\u2019ordre public\u00a0\u00bb ne pourra pas \u00eatre retenu dans l\u2019examen de la mise en libert\u00e9 de Nicolas Sarkozy, replac\u00e9 par son appel dans la situation d\u2019un innocent pr\u00e9sum\u00e9. Son maintien en d\u00e9tention n\u2019est d\u00e9sormais possible que si elle est l&rsquo;\u00ab\u00a0unique moyen\u00a0\u00bb de conserver les preuves, d\u2019emp\u00eacher des pressions, des concertations entre auteurs, de pr\u00e9venir une fuite ou une r\u00e9cidive, ou de le prot\u00e9ger.<\/p>\n<p>Sortira, sortira pas<\/p>\n<p>Sinon, Nicolas Sarkozy devra \u00eatre remis en libert\u00e9 sous contr\u00f4le judiciaire, le cas \u00e9ch\u00e9ant en l\u2019assignant \u00e0 r\u00e9sidence avec un <a href=\"https:\/\/www.20minutes.fr\/dossier\/bracelet_electronique\" class=\"c-link c-link--is-underlined\" target=\"_blank\" rel=\"noopener\">bracelet<\/a>. Parmi les trois condamn\u00e9s avec mandat de d\u00e9p\u00f4t par le jugement du 25\u00a0septembre, la cour d\u2019appel de Paris a mis en libert\u00e9 lundi l\u2019ex-banquier Wahib Nacer et doit examiner lundi, une semaine avant celle de Nicolas Sarkozy, la demande de l\u2019interm\u00e9diaire Alexandre Djouhri.<\/p>\n<p>\u00ab\u00a0Les crit\u00e8res d\u2019appr\u00e9ciation de la juridiction d\u2019appel sont n\u00e9cessairement diff\u00e9rents de ceux de la juridiction de premier degr\u00e9\u00a0\u00bb, avait pr\u00e9cis\u00e9 mardi la cour avant de mettre en libert\u00e9 M. Nacer.<\/p>\n<p>Cet arr\u00eat \u00ab\u00a0ne doit pas \u00eatre analys\u00e9 \u00e0 l\u2019aune du jugement qui doit \u00eatre rendu\u00a0\u00bb \u00e0 l\u2019issue du proc\u00e8s en appel pr\u00e9vu \u00ab\u00a0en <a href=\"https:\/\/www.20minutes.fr\/sciences\/mars\/\" class=\"c-link c-link--is-underlined\" target=\"_blank\" rel=\"noopener\">mars<\/a>\u00a0\u00bb, avait d\u00e9clar\u00e9 le <a href=\"https:\/\/www.20minutes.fr\/dossier\/president\" class=\"c-link c-link--is-underlined\" target=\"_blank\" rel=\"noopener\">pr\u00e9sident<\/a> avant de rendre sa d\u00e9cision.<\/p>\n","protected":false},"excerpt":{"rendered":"La cour d\u2019appel de Paris examinera le 10\u00a0novembre la demande de mise en libert\u00e9 de Nicolas Sarkozy, emprisonn\u00e9&hellip;\n","protected":false},"author":2,"featured_media":503210,"comment_status":"","ping_status":"","sticky":false,"template":"","format":"standard","meta":{"footnotes":""},"categories":[2],"tags":[11,590,1011,27,303,8168,12,3091,316,4919,806],"class_list":{"0":"post-503209","1":"post","2":"type-post","3":"status-publish","4":"format-standard","5":"has-post-thumbnail","7":"category-actualites","8":"tag-actualites","9":"tag-finance","10":"tag-fr","11":"tag-france","12":"tag-justice","13":"tag-mouammar-kadhafi","14":"tag-news","15":"tag-nicolas-sarkozy","16":"tag-politique","17":"tag-president","18":"tag-prison"},"share_on_mastodon":{"url":"https:\/\/pubeurope.com\/@fr\/115471205249702725","error":""},"_links":{"self":[{"href":"https:\/\/www.europesays.com\/fr\/wp-json\/wp\/v2\/posts\/503209","targetHints":{"allow":["GET"]}}],"collection":[{"href":"https:\/\/www.europesays.com\/fr\/wp-json\/wp\/v2\/posts"}],"about":[{"href":"https:\/\/www.europesays.com\/fr\/wp-json\/wp\/v2\/types\/post"}],"author":[{"embeddable":true,"href":"https:\/\/www.europesays.com\/fr\/wp-json\/wp\/v2\/users\/2"}],"replies":[{"embeddable":true,"href":"https:\/\/www.europesays.com\/fr\/wp-json\/wp\/v2\/comments?post=503209"}],"version-history":[{"count":0,"href":"https:\/\/www.europesays.com\/fr\/wp-json\/wp\/v2\/posts\/503209\/revisions"}],"wp:featuredmedia":[{"embeddable":true,"href":"https:\/\/www.europesays.com\/fr\/wp-json\/wp\/v2\/media\/503210"}],"wp:attachment":[{"href":"https:\/\/www.europesays.com\/fr\/wp-json\/wp\/v2\/media?parent=503209"}],"wp:term":[{"taxonomy":"category","embeddable":true,"href":"https:\/\/www.europesays.com\/fr\/wp-json\/wp\/v2\/categories?post=503209"},{"taxonomy":"post_tag","embeddable":true,"href":"https:\/\/www.europesays.com\/fr\/wp-json\/wp\/v2\/tags?post=503209"}],"curies":[{"name":"wp","href":"https:\/\/api.w.org\/{rel}","templated":true}]}}