{"id":503213,"date":"2025-10-31T22:46:24","date_gmt":"2025-10-31T22:46:24","guid":{"rendered":"https:\/\/www.europesays.com\/fr\/503213\/"},"modified":"2025-10-31T22:46:24","modified_gmt":"2025-10-31T22:46:24","slug":"saint-etienne-lhistorique-magasin-de-jeux-au-tapis-vert-a-change-de-mains","status":"publish","type":"post","link":"https:\/\/www.europesays.com\/fr\/503213\/","title":{"rendered":"Saint-\u00c9tienne. L\u2019historique magasin de jeux Au Tapis vert a chang\u00e9 de mains"},"content":{"rendered":"<p>La deuxi\u00e8me fois aura \u00e9t\u00e9 la bonne. En 2015, lorsqu\u2019Au Tapis vert avait \u00e9t\u00e9 mis en vente une premi\u00e8re fois, Adrien Parizot s\u2019\u00e9tait d\u00e9j\u00e0 positionn\u00e9. Mais, \u00e0 son grand regret, l\u2019affaire ne s\u2019\u00e9tait pas conclue.<\/p>\n<p>Ce St\u00e9phanois de 43 ans n\u2019en a pas cru ses yeux quand, il y a quelques mois, il est tomb\u00e9 par hasard sur une petite annonce indiquant que le magasin de jeux historique de Saint-\u00c9tienne &#8211; il a \u00e9t\u00e9 cr\u00e9\u00e9 rue Louis-Braille en 1903, <a href=\"https:\/\/www.leprogres.fr\/loire-42-edition-saint-etienne-metropole\/2018\/03\/12\/au-tapis-vert-demenage-dans-la-rue-de-la-republique\" target=\"_blank\" rel=\"noopener\">avant de d\u00e9m\u00e9nager en 2018 au 9 rue de la R\u00e9publique<\/a> &#8211; \u00e9tait \u00e0 nouveau \u00e0 vendre. Il \u00e9tait hors de question que le commerce de ses r\u00eaves lui passe \u00e0 nouveau sous le nez\u2026<\/p>\n<p>Adrien Parizot a repris Au Tapis vert le 10\u00a0septembre dernier, <a href=\"https:\/\/www.leprogres.fr\/economie\/2024\/12\/18\/au-tapis-vert-philippe-teyssier-a-toujours-pris-des-virages-a-90-degres\" target=\"_blank\" rel=\"noopener\">\u00e0 la suite de Philippe Teyssier<\/a>. Un virage professionnel \u00e0 180\u00a0degr\u00e9s pour celui qui a \u00e9t\u00e9 durant dix ans \u00e9ducateur sportif au sein de la salle d\u2019escalade Brocabrac, dans les Hauts de Jacquard. \u00ab\u00a0J\u2019avais d\u00e9missionn\u00e9 en juillet\u00a02024 et je cherchais une reconversion. La vente d\u2019Au Tapis vert est arriv\u00e9e \u00e0 point nomm\u00e9\u2026\u00a0\u00bb<\/p>\n<p>  \u00ab\u00a0Le jeu, \u00e7a rassemble et c&rsquo;est interg\u00e9n\u00e9rationnel \u00bb<\/p>\n<p>Pour l\u2019\u00e9pauler dans cette nouvelle aventure, le nouveau commer\u00e7ant st\u00e9phanois peut compter sur son p\u00e8re, Daniel, 70 ans, ancien dirigeant de soci\u00e9t\u00e9s \u00ab\u00a0dans le domaine de l\u2019\u00e9levage et de la sant\u00e9 animale\u00a0\u00bb\u00a0: \u00ab\u00a0J\u2019aide mon fils au niveau gestion-comptabilit\u00e9.\u00a0\u00bb<\/p>\n<p>Grand fan de billard &#8211; \u00ab\u00a0J\u2019ai toute une pi\u00e8ce \u00e0 la maison qui y est consacr\u00e9e\u00a0\u00bb-, Adrien Parizot dit avoir toujours ador\u00e9 l\u2019univers du jeu en g\u00e9n\u00e9ral\u00a0: \u00ab\u00a0On retrouve un peu les m\u00eames valeurs que dans le sport. Le jeu, c\u2019est quelque chose qui rassemble et qui est interg\u00e9n\u00e9rationnel. C\u2019est aussi un bon support d\u2019apprentissage pour les enfants, mais aussi de stimulation pour les seniors souffrant de troubles de la m\u00e9moire. Et puis il y a une grande diversit\u00e9\u00a0: jeux coop\u00e9ratifs, d\u2019\u00e9nigmes, d\u2019enqu\u00eates\u2026\u00a0\u00bb<\/p>\n<p>\u00ab\u00a0\u00c7a fait un vrai petit p\u00f4le jeux dans cette rue\u00a0\u00bb<\/p>\n<p>Adrien Parizot n\u2019a pas eu de gros travaux \u00e0 faire en reprenant Au Tapis vert\u00a0: \u00ab\u00a0J\u2019ai juste abattu une cloison int\u00e9rieure pour apporter plus de lumi\u00e8re.\u00a0\u00bb Il compte y organiser r\u00e9guli\u00e8rement des animations, par exemple avec des cr\u00e9ateurs de jeux de la r\u00e9gion, des clubs de poker\u2026 \u00ab\u00a0C\u2019est ce qu\u2019il faut faire si on veut donner envie aux gens de (re) venir faire leurs achats dans les commerces de centre-ville\u00a0\u00bb, estime-t-il.<\/p>\n<p>Dans la m\u00eame optique, il compte nouer des partenariats avec ses voisins de la rue de la R\u00e9publique\u00a0: \u00ab\u00a0Avec le magasin de jouets Sajou, le bar \u00e0 jeux Pile ou face, 1909 Escape Game et Clash de haches, \u00e7a fait un vrai petit p\u00f4le jeux dans cette rue, c\u2019est sympa.\u00a0\u00bb<\/p>\n<p>Dans quelques semaines, Adrien Parizot conna\u00eetra ses premi\u00e8res f\u00eates de fin d\u2019ann\u00e9e. Une p\u00e9riode cruciale, o\u00f9 le magasin r\u00e9alise habituellement 30\u00a0% de son chiffre d\u2019affaires annuel.<\/p>\n","protected":false},"excerpt":{"rendered":"La deuxi\u00e8me fois aura \u00e9t\u00e9 la bonne. En 2015, lorsqu\u2019Au Tapis vert avait \u00e9t\u00e9 mis en vente une&hellip;\n","protected":false},"author":2,"featured_media":503214,"comment_status":"","ping_status":"","sticky":false,"template":"","format":"standard","meta":{"footnotes":""},"categories":[9653],"tags":[1111,11,2430,4406,33,7539,1777,674,1011,27,12,25,4001,7538],"class_list":{"0":"post-503213","1":"post","2":"type-post","3":"status-publish","4":"format-standard","5":"has-post-thumbnail","7":"category-saint-etienne","8":"tag-actu","9":"tag-actualites","10":"tag-auvergne-rhone-alpes","11":"tag-commerce-et-services","12":"tag-economie","13":"tag-edition-loire-sud","14":"tag-eu","15":"tag-europe","16":"tag-fr","17":"tag-france","18":"tag-news","19":"tag-republique-francaise","20":"tag-saint-etienne","21":"tag-saint-etienne-ville"},"share_on_mastodon":{"url":"https:\/\/pubeurope.com\/@fr\/115471213183224224","error":""},"_links":{"self":[{"href":"https:\/\/www.europesays.com\/fr\/wp-json\/wp\/v2\/posts\/503213","targetHints":{"allow":["GET"]}}],"collection":[{"href":"https:\/\/www.europesays.com\/fr\/wp-json\/wp\/v2\/posts"}],"about":[{"href":"https:\/\/www.europesays.com\/fr\/wp-json\/wp\/v2\/types\/post"}],"author":[{"embeddable":true,"href":"https:\/\/www.europesays.com\/fr\/wp-json\/wp\/v2\/users\/2"}],"replies":[{"embeddable":true,"href":"https:\/\/www.europesays.com\/fr\/wp-json\/wp\/v2\/comments?post=503213"}],"version-history":[{"count":0,"href":"https:\/\/www.europesays.com\/fr\/wp-json\/wp\/v2\/posts\/503213\/revisions"}],"wp:featuredmedia":[{"embeddable":true,"href":"https:\/\/www.europesays.com\/fr\/wp-json\/wp\/v2\/media\/503214"}],"wp:attachment":[{"href":"https:\/\/www.europesays.com\/fr\/wp-json\/wp\/v2\/media?parent=503213"}],"wp:term":[{"taxonomy":"category","embeddable":true,"href":"https:\/\/www.europesays.com\/fr\/wp-json\/wp\/v2\/categories?post=503213"},{"taxonomy":"post_tag","embeddable":true,"href":"https:\/\/www.europesays.com\/fr\/wp-json\/wp\/v2\/tags?post=503213"}],"curies":[{"name":"wp","href":"https:\/\/api.w.org\/{rel}","templated":true}]}}