{"id":503215,"date":"2025-10-31T22:47:46","date_gmt":"2025-10-31T22:47:46","guid":{"rendered":"https:\/\/www.europesays.com\/fr\/503215\/"},"modified":"2025-10-31T22:47:46","modified_gmt":"2025-10-31T22:47:46","slug":"nancy-un-repas-chaud-dans-un-endroit-chaud-tous-les-soirs","status":"publish","type":"post","link":"https:\/\/www.europesays.com\/fr\/503215\/","title":{"rendered":"Nancy. Un repas chaud dans un endroit chaud tous les soirs"},"content":{"rendered":"<p>Depuis le 2\u00a0novembre 2023, la Ville de Nancy a repris \u00e0 la suite des associations l\u2019organisation de la distribution de repas chauds aux SDF, dans l\u2019ancien restaurant municipal, rue Pierre-Fourier \u00e0 Nancy.<\/p>\n<p>Les personnes sans-abri b\u00e9n\u00e9ficient ainsi d\u2019un repas chaud, et au chaud, tous les soirs. Ils ont la possibilit\u00e9 \u00e9galement d\u2019emporter leur repas, selon leur convenance.<\/p>\n<p>Cette action permet la mise en place d\u2019un v\u00e9ritable lieu de repos et de mise \u00e0 l\u2019abri temporaire pour les personnes concern\u00e9es. Elle permet aussi de retisser le lien avec des personnes en grande exclusion et de les aider \u00e0 red\u00e9marrer un accompagnement social et de sant\u00e9. Tous les soirs, des b\u00e9n\u00e9voles des Restos du c\u0153ur, de la banque alimentaire et du Secours catholique sont mobilis\u00e9s.<\/p>\n<p>Cette organisation, en \u00e9troite coordination avec les nombreuses associations, offre \u00e9galement l\u2019acc\u00e8s \u00e0 des services utiles\u00a0: entretiens avec un travailleur social, consultations m\u00e9dicales, acc\u00e8s aux informations utiles,\u00a0etc.<\/p>\n<p>L\u2019initiative est cofinanc\u00e9e par l\u2019\u00c9tat, la M\u00e9tropole du Grand Nancy et le CCAS, en lien avec l\u2019AARS. Un lien fort est organis\u00e9 avec les maraudes pilot\u00e9es par le SAMU social.<\/p>\n<p>Modalit\u00e9s d\u2019acc\u00e8s\u00a0: du lundi au vendredi, du 3\u00a0novembre au 31\u00a0mars 2026, de 18\u00a0h\u00a030 \u00e0 20\u00a0h\u00a030.<\/p>\n","protected":false},"excerpt":{"rendered":"Depuis le 2\u00a0novembre 2023, la Ville de Nancy a repris \u00e0 la suite des associations l\u2019organisation de la&hellip;\n","protected":false},"author":2,"featured_media":503216,"comment_status":"","ping_status":"","sticky":false,"template":"","format":"standard","meta":{"footnotes":""},"categories":[9635],"tags":[1111,11,1704,1777,674,1011,27,775,1702,1703,12,25,801],"class_list":{"0":"post-503215","1":"post","2":"type-post","3":"status-publish","4":"format-standard","5":"has-post-thumbnail","7":"category-nancy","8":"tag-actu","9":"tag-actualites","10":"tag-edition-nancy-et-agglomeration","11":"tag-eu","12":"tag-europe","13":"tag-fr","14":"tag-france","15":"tag-grand-est","16":"tag-nancy","17":"tag-nancy-ville-54b","18":"tag-news","19":"tag-republique-francaise","20":"tag-social"},"share_on_mastodon":{"url":"https:\/\/pubeurope.com\/@fr\/115471217022752312","error":""},"_links":{"self":[{"href":"https:\/\/www.europesays.com\/fr\/wp-json\/wp\/v2\/posts\/503215","targetHints":{"allow":["GET"]}}],"collection":[{"href":"https:\/\/www.europesays.com\/fr\/wp-json\/wp\/v2\/posts"}],"about":[{"href":"https:\/\/www.europesays.com\/fr\/wp-json\/wp\/v2\/types\/post"}],"author":[{"embeddable":true,"href":"https:\/\/www.europesays.com\/fr\/wp-json\/wp\/v2\/users\/2"}],"replies":[{"embeddable":true,"href":"https:\/\/www.europesays.com\/fr\/wp-json\/wp\/v2\/comments?post=503215"}],"version-history":[{"count":0,"href":"https:\/\/www.europesays.com\/fr\/wp-json\/wp\/v2\/posts\/503215\/revisions"}],"wp:featuredmedia":[{"embeddable":true,"href":"https:\/\/www.europesays.com\/fr\/wp-json\/wp\/v2\/media\/503216"}],"wp:attachment":[{"href":"https:\/\/www.europesays.com\/fr\/wp-json\/wp\/v2\/media?parent=503215"}],"wp:term":[{"taxonomy":"category","embeddable":true,"href":"https:\/\/www.europesays.com\/fr\/wp-json\/wp\/v2\/categories?post=503215"},{"taxonomy":"post_tag","embeddable":true,"href":"https:\/\/www.europesays.com\/fr\/wp-json\/wp\/v2\/tags?post=503215"}],"curies":[{"name":"wp","href":"https:\/\/api.w.org\/{rel}","templated":true}]}}