{"id":503217,"date":"2025-10-31T22:49:33","date_gmt":"2025-10-31T22:49:33","guid":{"rendered":"https:\/\/www.europesays.com\/fr\/503217\/"},"modified":"2025-10-31T22:49:33","modified_gmt":"2025-10-31T22:49:33","slug":"sdm-regne-sur-le-zenith-du-grand-nancy","status":"publish","type":"post","link":"https:\/\/www.europesays.com\/fr\/503217\/","title":{"rendered":"SDM r\u00e8gne sur le Z\u00e9nith du Grand Nancy"},"content":{"rendered":"<p>Couronn\u00e9 \u00e0 l\u2019occasion des Flammes 2025, consacrant les artistes fran\u00e7ais de la sc\u00e8ne urbaine, pour ses collaborations avec Booba \u2013 qui l\u2019a lanc\u00e9 &#8211; mais aussi pour le meilleur album rap de l\u2019ann\u00e9e, avec \u00ab A la Vie \u00e0 la Mort \u00bb, SDM est partout. Y compris sur Netflix, depuis ce vendredi 31 octobre, avec la quatri\u00e8me saison de \u00ab Nouvelle \u00c9cole \u00bb. Programme o\u00f9 son \u00e9quipe est oppos\u00e9e \u00e0 celle de SCH avec, pour objectif final, de d\u00e9nicher la future p\u00e9pite du rap francophone. Malgr\u00e9 cet agenda surcharg\u00e9, dans lequel s\u2019est gliss\u00e9 un featuring sur le prochain album d\u2019Orelsan, SDM trouve le temps d\u2019encha\u00eener les concerts de son Tour 2025\u2026 Et de faire \u00e9tape, ce vendredi soir, au Z\u00e9nith du Grand Nancy, avec son \u00ab Bolide Allemand \u00bb, devant 5500 personnes se muant en choristes !<\/p>\n","protected":false},"excerpt":{"rendered":"Couronn\u00e9 \u00e0 l\u2019occasion des Flammes 2025, consacrant les artistes fran\u00e7ais de la sc\u00e8ne urbaine, pour ses collaborations avec&hellip;\n","protected":false},"author":2,"featured_media":503218,"comment_status":"","ping_status":"","sticky":false,"template":"","format":"standard","meta":{"footnotes":""},"categories":[9635],"tags":[1111,11,1704,1777,674,1011,27,2798,775,10061,873,1702,12,25],"class_list":{"0":"post-503217","1":"post","2":"type-post","3":"status-publish","4":"format-standard","5":"has-post-thumbnail","7":"category-nancy","8":"tag-actu","9":"tag-actualites","10":"tag-edition-nancy-et-agglomeration","11":"tag-eu","12":"tag-europe","13":"tag-fr","14":"tag-france","15":"tag-galerie-photo","16":"tag-grand-est","17":"tag-maxeville","18":"tag-musique","19":"tag-nancy","20":"tag-news","21":"tag-republique-francaise"},"share_on_mastodon":{"url":"https:\/\/pubeurope.com\/@fr\/115471224869076111","error":""},"_links":{"self":[{"href":"https:\/\/www.europesays.com\/fr\/wp-json\/wp\/v2\/posts\/503217","targetHints":{"allow":["GET"]}}],"collection":[{"href":"https:\/\/www.europesays.com\/fr\/wp-json\/wp\/v2\/posts"}],"about":[{"href":"https:\/\/www.europesays.com\/fr\/wp-json\/wp\/v2\/types\/post"}],"author":[{"embeddable":true,"href":"https:\/\/www.europesays.com\/fr\/wp-json\/wp\/v2\/users\/2"}],"replies":[{"embeddable":true,"href":"https:\/\/www.europesays.com\/fr\/wp-json\/wp\/v2\/comments?post=503217"}],"version-history":[{"count":0,"href":"https:\/\/www.europesays.com\/fr\/wp-json\/wp\/v2\/posts\/503217\/revisions"}],"wp:featuredmedia":[{"embeddable":true,"href":"https:\/\/www.europesays.com\/fr\/wp-json\/wp\/v2\/media\/503218"}],"wp:attachment":[{"href":"https:\/\/www.europesays.com\/fr\/wp-json\/wp\/v2\/media?parent=503217"}],"wp:term":[{"taxonomy":"category","embeddable":true,"href":"https:\/\/www.europesays.com\/fr\/wp-json\/wp\/v2\/categories?post=503217"},{"taxonomy":"post_tag","embeddable":true,"href":"https:\/\/www.europesays.com\/fr\/wp-json\/wp\/v2\/tags?post=503217"}],"curies":[{"name":"wp","href":"https:\/\/api.w.org\/{rel}","templated":true}]}}