{"id":503219,"date":"2025-10-31T22:51:26","date_gmt":"2025-10-31T22:51:26","guid":{"rendered":"https:\/\/www.europesays.com\/fr\/503219\/"},"modified":"2025-10-31T22:51:26","modified_gmt":"2025-10-31T22:51:26","slug":"toulon-enregistre-le-retour-de-baptiste-serin-pour-affronter-lyon-melvyn-jaminet-forfait","status":"publish","type":"post","link":"https:\/\/www.europesays.com\/fr\/503219\/","title":{"rendered":"Toulon enregistre le retour de Baptiste Serin pour affronter Lyon, Melvyn Jaminet forfait"},"content":{"rendered":"<p>\n    Samedi, Toulon affronte Lyon \u00e0 Mayol pour le compte de la 9e journ\u00e9e de Top 14. Les Toulonnais pourront compter sur Serin, mais pas sur Jaminet.<\/p>\n<p class=\"fig-paragraph\">Le retour. Le RC Toulon pourra compter sur le retour de plusieurs cadres dont le demi de m\u00eal\u00e9e\u00a0<a href=\"http:\/\/www.lefigaro.fr\/sports\/rugby\/top-14\/top-14-blesse-face-au-racing-92-les-nouvelles-pour-le-toulonnais-baptiste-serin-sont-rassurantes-20251021\" target=\"_blank\" data-fig-type=\"NewsFlash\" rel=\"noopener nofollow\" data-gtm-custom-categorie=\"navigation\" data-gtm-custom-action=\"crossclick\" data-gtm-custom-label=\"Contextuel\" data-gtm-event=\"customEventSPE\" data-fig-domain=\"LEFIGARO\">Baptiste Serin<\/a>\u00a0pour affronter Lyon samedi lors de\u00a0<a href=\"https:\/\/www.lefigaro.fr\/sports\/rugby\/top-14\/calendrier-resultats?journee=9\" target=\"_blank\" rel=\"sponsored noopener nofollow\" data-gtm-custom-categorie=\"navigation\" data-gtm-custom-action=\"crossclick\" data-gtm-custom-label=\"Contextuel\" data-gtm-event=\"customEventSPE\">la neuvi\u00e8me journ\u00e9e de Top 14<\/a>, alors que son buteur Melvyn Jaminet est forfait.<\/p>\n<p class=\"fig-paragraph\">Serin \u00e9tait absent lors du d\u00e9placement \u00e0 Toulouse \u00e0 cause d&rsquo;une blessure aux c\u00f4tes, alors que le troisi\u00e8me ligne Esteban Abadie \u00e9tait touch\u00e9 \u00e0 un genou et le deuxi\u00e8me ligne David Ribbans se remettait d&rsquo;un virus contract\u00e9 une semaine plus t\u00f4t.<\/p>\n<p>                                    <a class=\"fig-a11y-skip a11y-hidden\" href=\"#fig-a11y-skip-main-inarticle\"><br \/>\n        Passer la publicit\u00e9<br \/>\n    <\/a><\/p>\n<p class=\"fig-paragraph\">Ces trois joueurs seront titulaires sur la pelouse du stade Mayol ce samedi (14h30), ce qui ne sera pas le cas de l&rsquo;arri\u00e8re Melvyn Jaminet, victime d&rsquo;une entorse \u00e0 un coude face au Stade Toulousain. Aucune op\u00e9ration n&rsquo;est pr\u00e9vue pour le buteur varois au contraire de son co\u00e9quipier Marius Domon, touch\u00e9 \u00e0 une main et d\u00e9j\u00e0 op\u00e9r\u00e9 ce jeudi. \u00abL&rsquo;op\u00e9ration s&rsquo;est tr\u00e8s bien pass\u00e9e, Marius sera indisponible entre six et huit semaines. Melvyn est indisponible pour ce week-end, pour le moment\u00bb, a indiqu\u00e9 le manager Pierre Mignoni en conf\u00e9rence de presse vendredi, sugg\u00e9rant que l&rsquo;absence du joueur de 26 ans pourrait \u00eatre plus longue.<\/p>\n<p class=\"fig-paragraph\">Gianmarco Lucchesi, Matthias Halagahu, Gabin Villi\u00e8re et Antoine Frisch sont toujours absents m\u00eame si le talonneur italien a repris la course ces derniers jours. Trois autres joueurs ont rejoint l&rsquo;infirmerie varoise cette semaine dont le troisi\u00e8me ligne anglais Zach Mercer qui \u00aba un petit truc au genou, ce n&rsquo;est pas tr\u00e8s grave\u00bb, selon son coach.<\/p>\n<p class=\"fig-paragraph\">J\u00e9r\u00e9my Sinzelle (tendon d&rsquo;Achille) et Rayan Rebbadj (ischio-jambiers) ne seront pas non plus disponibles pour affronter le LOU alors que les internationaux Ben White (\u00c9cosse), Setariki Tuicuvu (Fidji), Paolo Garbisi et Juan Ignacio Brex (Italie) ont regagn\u00e9 la Rade en fin de semaine apr\u00e8s avoir \u00e9t\u00e9 en s\u00e9lection et sont titulaires avec le RCT (9e, 19 pts avec un match en retard) pour recevoir le Lou (12e, 18pts).<\/p>\n","protected":false},"excerpt":{"rendered":"Samedi, Toulon affronte Lyon \u00e0 Mayol pour le compte de la 9e journ\u00e9e de Top 14. Les Toulonnais&hellip;\n","protected":false},"author":2,"featured_media":503220,"comment_status":"","ping_status":"","sticky":false,"template":"","format":"standard","meta":{"footnotes":""},"categories":[9619],"tags":[1111,11,1777,674,1011,27,9216,13084,12,882,3461,25,2310],"class_list":{"0":"post-503219","1":"post","2":"type-post","3":"status-publish","4":"format-standard","5":"has-post-thumbnail","7":"category-toulon","8":"tag-actu","9":"tag-actualites","10":"tag-eu","11":"tag-europe","12":"tag-fr","13":"tag-france","14":"tag-lou","15":"tag-melvyn-jaminet","16":"tag-news","17":"tag-provence-alpes-cote-dazur","18":"tag-rct","19":"tag-republique-francaise","20":"tag-toulon"},"share_on_mastodon":{"url":"https:\/\/pubeurope.com\/@fr\/115471232851944738","error":""},"_links":{"self":[{"href":"https:\/\/www.europesays.com\/fr\/wp-json\/wp\/v2\/posts\/503219","targetHints":{"allow":["GET"]}}],"collection":[{"href":"https:\/\/www.europesays.com\/fr\/wp-json\/wp\/v2\/posts"}],"about":[{"href":"https:\/\/www.europesays.com\/fr\/wp-json\/wp\/v2\/types\/post"}],"author":[{"embeddable":true,"href":"https:\/\/www.europesays.com\/fr\/wp-json\/wp\/v2\/users\/2"}],"replies":[{"embeddable":true,"href":"https:\/\/www.europesays.com\/fr\/wp-json\/wp\/v2\/comments?post=503219"}],"version-history":[{"count":0,"href":"https:\/\/www.europesays.com\/fr\/wp-json\/wp\/v2\/posts\/503219\/revisions"}],"wp:featuredmedia":[{"embeddable":true,"href":"https:\/\/www.europesays.com\/fr\/wp-json\/wp\/v2\/media\/503220"}],"wp:attachment":[{"href":"https:\/\/www.europesays.com\/fr\/wp-json\/wp\/v2\/media?parent=503219"}],"wp:term":[{"taxonomy":"category","embeddable":true,"href":"https:\/\/www.europesays.com\/fr\/wp-json\/wp\/v2\/categories?post=503219"},{"taxonomy":"post_tag","embeddable":true,"href":"https:\/\/www.europesays.com\/fr\/wp-json\/wp\/v2\/tags?post=503219"}],"curies":[{"name":"wp","href":"https:\/\/api.w.org\/{rel}","templated":true}]}}