{"id":503235,"date":"2025-10-31T23:00:13","date_gmt":"2025-10-31T23:00:13","guid":{"rendered":"https:\/\/www.europesays.com\/fr\/503235\/"},"modified":"2025-10-31T23:00:13","modified_gmt":"2025-10-31T23:00:13","slug":"municipales-2026-a-ostwald-fabienne-baas-passe-le-relais-a-delphine-rideau","status":"publish","type":"post","link":"https:\/\/www.europesays.com\/fr\/503235\/","title":{"rendered":"Municipales 2026. \u00c0 Ostwald, Fabienne Baas passe le relais \u00e0 Delphine Rideau"},"content":{"rendered":"<p>Longtemps tiraill\u00e9e entre \u00ab\u00a0le bonheur de l\u2019engagement\u00a0\u00bb, cette envie de faire aboutir les projets lanc\u00e9s, et un \u00e2ge qui l\u2019incite \u00e0 \u00ab\u00a0tourner la page\u00a0\u00bb, Fabienne Baas a annonc\u00e9 aux agents de la ville la d\u00e9cision prise avec son \u00e9quipe. \u00ab\u00a0Maire, ce n\u2019est pas un mandat \u00e0 vie, tu es le maillon d\u2019une cha\u00eene\u00a0\u00bb, m\u00e9dite-t-elle. Durant le prochain mandat, elle se verrait bien conseill\u00e8re municipale d\u00e9l\u00e9gu\u00e9e, incarnant une sorte de sagesse.<\/p>\n<p><a href=\"https:\/\/www.dna.fr\/politique\/2020\/07\/03\/fabienne-baas-ceint-l-echarpe-tricolore\" target=\"_blank\" rel=\"nofollow noopener\">Le d\u00e9but de son mandat<\/a> a \u00e9t\u00e9 particuli\u00e8rement difficile,&#8230;<\/p>\n","protected":false},"excerpt":{"rendered":"Longtemps tiraill\u00e9e entre \u00ab\u00a0le bonheur de l\u2019engagement\u00a0\u00bb, cette envie de faire aboutir les projets lanc\u00e9s, et un \u00e2ge&hellip;\n","protected":false},"author":2,"featured_media":503236,"comment_status":"","ping_status":"","sticky":false,"template":"","format":"standard","meta":{"footnotes":""},"categories":[2820],"tags":[1111,11,1984,2880,5949,4188,1777,674,107,1011,27,775,12,6611,316,25,640,3089],"class_list":{"0":"post-503235","1":"post","2":"type-post","3":"status-publish","4":"format-standard","5":"has-post-thumbnail","7":"category-strasbourg","8":"tag-actu","9":"tag-actualites","10":"tag-conseil-municipal","11":"tag-edition-strasbourg","12":"tag-elections","13":"tag-elections-municipales","14":"tag-eu","15":"tag-europe","16":"tag-fil-info","17":"tag-fr","18":"tag-france","19":"tag-grand-est","20":"tag-news","21":"tag-ostwald","22":"tag-politique","23":"tag-republique-francaise","24":"tag-strasbourg","25":"tag-strasbourg-sud"},"share_on_mastodon":{"url":"https:\/\/pubeurope.com\/@fr\/115471268279170368","error":""},"_links":{"self":[{"href":"https:\/\/www.europesays.com\/fr\/wp-json\/wp\/v2\/posts\/503235","targetHints":{"allow":["GET"]}}],"collection":[{"href":"https:\/\/www.europesays.com\/fr\/wp-json\/wp\/v2\/posts"}],"about":[{"href":"https:\/\/www.europesays.com\/fr\/wp-json\/wp\/v2\/types\/post"}],"author":[{"embeddable":true,"href":"https:\/\/www.europesays.com\/fr\/wp-json\/wp\/v2\/users\/2"}],"replies":[{"embeddable":true,"href":"https:\/\/www.europesays.com\/fr\/wp-json\/wp\/v2\/comments?post=503235"}],"version-history":[{"count":0,"href":"https:\/\/www.europesays.com\/fr\/wp-json\/wp\/v2\/posts\/503235\/revisions"}],"wp:featuredmedia":[{"embeddable":true,"href":"https:\/\/www.europesays.com\/fr\/wp-json\/wp\/v2\/media\/503236"}],"wp:attachment":[{"href":"https:\/\/www.europesays.com\/fr\/wp-json\/wp\/v2\/media?parent=503235"}],"wp:term":[{"taxonomy":"category","embeddable":true,"href":"https:\/\/www.europesays.com\/fr\/wp-json\/wp\/v2\/categories?post=503235"},{"taxonomy":"post_tag","embeddable":true,"href":"https:\/\/www.europesays.com\/fr\/wp-json\/wp\/v2\/tags?post=503235"}],"curies":[{"name":"wp","href":"https:\/\/api.w.org\/{rel}","templated":true}]}}