{"id":503241,"date":"2025-10-31T23:03:14","date_gmt":"2025-10-31T23:03:14","guid":{"rendered":"https:\/\/www.europesays.com\/fr\/503241\/"},"modified":"2025-10-31T23:03:14","modified_gmt":"2025-10-31T23:03:14","slug":"nrj-music-awards-2025-myles-smith-chante-nice-to-meet-you-nrj-music-awards","status":"publish","type":"post","link":"https:\/\/www.europesays.com\/fr\/503241\/","title":{"rendered":"NRJ Music Awards 2025 &#8211; Myles Smith chante \u00ab\u00a0Nice to meet you\u00a0\u00bb &#8211; NRJ Music Awards"},"content":{"rendered":"<p id=\"descriptionPanel\" class=\"text-secondary mr-2 line-clamp-2 pr-2.5 overflow-visible\">Myles est nomm\u00e9 dans deux cat\u00e9gories ce soir ! La cat\u00e9gorie du \u00ab\u00a0Hit International\u00a0\u00bb et de \u00ab\u00a0l&rsquo;artiste masculin international\u00a0\u00bb. La c\u00e9r\u00e9monie des NRJ Music Awards \u00e0 l&rsquo;honneur de vivre sa prestation sur son single \u00ab\u00a0Nice to meet you\u00a0\u00bb. C&rsquo;est gr\u00e2ce \u00e0 ce titre qu&rsquo;il a \u00e9t\u00e9 nomm\u00e9 pour le \u00ab\u00a0Hit International\u00a0\u00bb. Myles Smith sera-t-il le grand gagnant de cet Awards ? NRJ Music Awards 2025 \u2013 Partie 2<br \/>En savoir plus sur <a class=\"text-white hover:text-blue-500\" href=\"https:\/\/www.tf1.fr\/dossier\/nikos-aliagas\" rel=\"nofollow noopener\" target=\"_blank\">Nikos Aliagas<\/a><\/p>\n<p>Afficher la version longue du r\u00e9sum\u00e9<a class=\"shrink-0\" href=\"https:\/\/www.tf1.fr\/tf1\/nrj-music-awards\" rel=\"nofollow noopener\" target=\"_blank\"><img decoding=\"async\" src=\"https:\/\/www.europesays.com\/fr\/wp-content\/uploads\/2025\/10\/program-card-portrait-1-nma-2025-dd21c9-c4e9c5-0@1x.jpg\" width=\"138\" height=\"184\" alt=\"\" loading=\"eager\" fetchpriority=\"auto\" class=\"rounded-3px aspect-[3\/4] h-24 w-auto\" aria-hidden=\"true\"\/><\/a><img alt=\"Sous-Titrage T\u00e9l\u00e9texte\" loading=\"lazy\" width=\"27\" height=\"20\" decoding=\"async\" data-nimg=\"1\" style=\"color:transparent\" src=\"https:\/\/www.tf1.fr\/public\/_next\/static\/media\/sme.b8f879c0.svg\"\/><\/p>\n<p>2m56<\/p>\n<p>31 oct. 2025 \u00e0 23:45<\/p>\n","protected":false},"excerpt":{"rendered":"Myles est nomm\u00e9 dans deux cat\u00e9gories ce soir ! La cat\u00e9gorie du \u00ab\u00a0Hit International\u00a0\u00bb et de \u00ab\u00a0l&rsquo;artiste masculin&hellip;\n","protected":false},"author":2,"featured_media":503242,"comment_status":"","ping_status":"","sticky":false,"template":"","format":"standard","meta":{"footnotes":""},"categories":[2819],"tags":[1111,11,1777,674,3483,62508,62509,41321,1011,27,12,2401,22726,62510,62511,62518,62522,62507,62519,62523,62515,62514,882,25,62520,62521,62516,62517,62512,62513],"class_list":{"0":"post-503241","1":"post","2":"type-post","3":"status-publish","4":"format-standard","5":"has-post-thumbnail","7":"category-nice","8":"tag-actu","9":"tag-actualites","10":"tag-eu","11":"tag-europe","12":"tag-extrait","13":"tag-extrait-nrj-music-awards","14":"tag-extrait-nrj-music-awards-tf1","15":"tag-extrait-tf1","16":"tag-fr","17":"tag-france","18":"tag-news","19":"tag-nice","20":"tag-nrj-music-awards","21":"tag-nrj-music-awards-extrait","22":"tag-nrj-music-awards-extrait-tf1","23":"tag-nrj-music-awards-streaming","24":"tag-nrj-music-awards-streaming-gratuit","25":"tag-nrj-music-awards-tf1","26":"tag-nrj-music-awards-tf1-streaming","27":"tag-nrj-music-awards-tf1-streaming-gratuit","28":"tag-nrj-music-awards-tf1-video","29":"tag-nrj-music-awards-video","30":"tag-provence-alpes-cote-dazur","31":"tag-republique-francaise","32":"tag-streaming-gratuit-nrj-music-awards","33":"tag-streaming-gratuit-nrj-music-awards-tf1","34":"tag-streaming-nrj-music-awards","35":"tag-streaming-nrj-music-awards-tf1","36":"tag-video-nrj-music-awards","37":"tag-video-nrj-music-awards-tf1"},"share_on_mastodon":{"url":"","error":"Validation failed: Text character limit of 500 exceeded"},"_links":{"self":[{"href":"https:\/\/www.europesays.com\/fr\/wp-json\/wp\/v2\/posts\/503241","targetHints":{"allow":["GET"]}}],"collection":[{"href":"https:\/\/www.europesays.com\/fr\/wp-json\/wp\/v2\/posts"}],"about":[{"href":"https:\/\/www.europesays.com\/fr\/wp-json\/wp\/v2\/types\/post"}],"author":[{"embeddable":true,"href":"https:\/\/www.europesays.com\/fr\/wp-json\/wp\/v2\/users\/2"}],"replies":[{"embeddable":true,"href":"https:\/\/www.europesays.com\/fr\/wp-json\/wp\/v2\/comments?post=503241"}],"version-history":[{"count":0,"href":"https:\/\/www.europesays.com\/fr\/wp-json\/wp\/v2\/posts\/503241\/revisions"}],"wp:featuredmedia":[{"embeddable":true,"href":"https:\/\/www.europesays.com\/fr\/wp-json\/wp\/v2\/media\/503242"}],"wp:attachment":[{"href":"https:\/\/www.europesays.com\/fr\/wp-json\/wp\/v2\/media?parent=503241"}],"wp:term":[{"taxonomy":"category","embeddable":true,"href":"https:\/\/www.europesays.com\/fr\/wp-json\/wp\/v2\/categories?post=503241"},{"taxonomy":"post_tag","embeddable":true,"href":"https:\/\/www.europesays.com\/fr\/wp-json\/wp\/v2\/tags?post=503241"}],"curies":[{"name":"wp","href":"https:\/\/api.w.org\/{rel}","templated":true}]}}