{"id":503257,"date":"2025-10-31T23:12:14","date_gmt":"2025-10-31T23:12:14","guid":{"rendered":"https:\/\/www.europesays.com\/fr\/503257\/"},"modified":"2025-10-31T23:12:14","modified_gmt":"2025-10-31T23:12:14","slug":"un-mineur-blesse-par-arme-a-feu-dans-le-6e-arrondissement-de-marseille-ce-vendredi-soir","status":"publish","type":"post","link":"https:\/\/www.europesays.com\/fr\/503257\/","title":{"rendered":"Un mineur bless\u00e9 par arme \u00e0 feu dans le 6e arrondissement de Marseille ce vendredi soir"},"content":{"rendered":"<p>La soir\u00e9e d&rsquo;Halloween avait d\u00e9j\u00e0 commenc\u00e9 \u00e0 charrier son lot de noctambules ce vendredi soir 31\u00a0octobre, lorsque des coups de feu ont retenti entre le <a href=\"https:\/\/www.laprovence.com\/article\/societe\/38725162708683\/on-ne-jette-pas-on-revalorise-a-marseille-la-seconde-main-a-la-cote-au-cours-julien\" target=\"_blank\" rel=\"noopener\">cours Julien<\/a> et le m\u00e9tro <a href=\"https:\/\/www.laprovence.com\/article\/societe\/8233685341541414\/marseille-notre-dame-du-mont-quartier-le-plus-cool-du-monde-selon-le-magazine-time-out\" target=\"_blank\" rel=\"noopener\">Notre-Dame du Mont<\/a>, dans le 6e arrondissement de Marseille.<\/p>\n<p>Il \u00e9tait 20\u00a0h\u00a030 lorsque les forces de l&rsquo;ordre ont \u00e9t\u00e9 pr\u00e9venues, rejointes dans la foul\u00e9e par les marins-pompiers qui sont rapidement intervenus sur les lieux pour porter secours \u00e0 une victime bless\u00e9e par arme \u00e0 feu.<\/p>\n<p>Le ou les auteurs sont activement recherch\u00e9s<\/p>\n<p>Il s&rsquo;agirait d&rsquo;un mineur de 16 ans, dont l&rsquo;identit\u00e9 restait encore sujette \u00e0 caution ce vendredi soir. Transport\u00e9 non m\u00e9dicalis\u00e9 \u00e0 l&rsquo;h\u00f4pital, l&rsquo;adolescent souffrait d&rsquo;une plaie par balle \u00e0 une main.<\/p>\n<p>Le ou les auteurs des tirs sont activement recherch\u00e9s par la police qui a \u00e9tabli l&rsquo;usage d&rsquo;une <a href=\"https:\/\/www.laprovence.com\/article\/faits-divers-justice\/102791638420814\/le-chauffard-circulait-avec-10-000-euros-en-liquide-et-un-pistolet-dans-la-boite-a-gants-a-marseille\" target=\"_blank\" rel=\"noopener\">arme de poing<\/a> et s&#8217;emploie \u00e0 exploiter les images des cam\u00e9ras de <a href=\"https:\/\/www.laprovence.com\/article\/region\/3561710631270414\/videosurveillance-la-ville-de-marseille-defend-un-maillage-plus-coherent-la-droite-denonce-le-temps-perdu\" target=\"_blank\" rel=\"noopener\">vid\u00e9osurveillance<\/a> de la Ville.<\/p>\n","protected":false},"excerpt":{"rendered":"La soir\u00e9e d&rsquo;Halloween avait d\u00e9j\u00e0 commenc\u00e9 \u00e0 charrier son lot de noctambules ce vendredi soir 31\u00a0octobre, lorsque des&hellip;\n","protected":false},"author":2,"featured_media":503258,"comment_status":"","ping_status":"","sticky":false,"template":"","format":"standard","meta":{"footnotes":""},"categories":[2814],"tags":[17,1111,11,10268,3869,3916,1102,1446,1777,674,274,1312,1011,27,884,1123,12,5912,882,25],"class_list":{"0":"post-503257","1":"post","2":"type-post","3":"status-publish","4":"format-standard","5":"has-post-thumbnail","7":"category-marseille","8":"tag-17","9":"tag-actu","10":"tag-actualites","11":"tag-arme","12":"tag-arrondissement","13":"tag-blesse","14":"tag-breakingnews","15":"tag-dans","16":"tag-eu","17":"tag-europe","18":"tag-faits-divers-justice","19":"tag-feu","20":"tag-fr","21":"tag-france","22":"tag-marseille","23":"tag-mineur","24":"tag-news","25":"tag-par","26":"tag-provence-alpes-cote-dazur","27":"tag-republique-francaise"},"share_on_mastodon":{"url":"https:\/\/pubeurope.com\/@fr\/115471315580288041","error":""},"_links":{"self":[{"href":"https:\/\/www.europesays.com\/fr\/wp-json\/wp\/v2\/posts\/503257","targetHints":{"allow":["GET"]}}],"collection":[{"href":"https:\/\/www.europesays.com\/fr\/wp-json\/wp\/v2\/posts"}],"about":[{"href":"https:\/\/www.europesays.com\/fr\/wp-json\/wp\/v2\/types\/post"}],"author":[{"embeddable":true,"href":"https:\/\/www.europesays.com\/fr\/wp-json\/wp\/v2\/users\/2"}],"replies":[{"embeddable":true,"href":"https:\/\/www.europesays.com\/fr\/wp-json\/wp\/v2\/comments?post=503257"}],"version-history":[{"count":0,"href":"https:\/\/www.europesays.com\/fr\/wp-json\/wp\/v2\/posts\/503257\/revisions"}],"wp:featuredmedia":[{"embeddable":true,"href":"https:\/\/www.europesays.com\/fr\/wp-json\/wp\/v2\/media\/503258"}],"wp:attachment":[{"href":"https:\/\/www.europesays.com\/fr\/wp-json\/wp\/v2\/media?parent=503257"}],"wp:term":[{"taxonomy":"category","embeddable":true,"href":"https:\/\/www.europesays.com\/fr\/wp-json\/wp\/v2\/categories?post=503257"},{"taxonomy":"post_tag","embeddable":true,"href":"https:\/\/www.europesays.com\/fr\/wp-json\/wp\/v2\/tags?post=503257"}],"curies":[{"name":"wp","href":"https:\/\/api.w.org\/{rel}","templated":true}]}}