{"id":503269,"date":"2025-10-31T23:21:14","date_gmt":"2025-10-31T23:21:14","guid":{"rendered":"https:\/\/www.europesays.com\/fr\/503269\/"},"modified":"2025-10-31T23:21:14","modified_gmt":"2025-10-31T23:21:14","slug":"bloc-party-interpol-en-concert-au-zenith-de-paris-en-novembre-2026-news-rockurlife","status":"publish","type":"post","link":"https:\/\/www.europesays.com\/fr\/503269\/","title":{"rendered":"Bloc Party &#038; Interpol : en concert au Z\u00e9nith de Paris en novembre 2026 ! &#8211; News &#8211; RockUrLife"},"content":{"rendered":"<p>\u00c9v\u00e8nement \u2013 <strong>Bloc Party<\/strong> et <strong>Interpol<\/strong> repartent ensemble sur les routes ! Les deux groupes annoncent une tourn\u00e9e commune \u00e0 travers le <strong>Royaume-Uni <\/strong>et <strong>l\u2019Europe<\/strong> \u00e0 l\u2019automne 2026, avec un passage unique en <strong>France<\/strong> le 16 novembre au <strong>Z\u00e9nith Paris \u2013 La Villette<\/strong> !<\/p>\n<p>Un v\u00e9ritable \u00e9v\u00e9nement pour les amateurs de rock ind\u00e9pendant et de post punk revival, puisque les deux formations interpr\u00e9teront les morceaux les plus marquants de leurs r\u00e9pertoires respectifs, notamment issus de <strong>Silent Alarm<\/strong> (2005) pour <strong>Bloc Party<\/strong> et de <strong>Antics<\/strong> (2004) pour <strong>Interpol<\/strong>. Deux albums cultes qui ont r\u00e9cemment f\u00eat\u00e9 leurs vingt ans, et qui continuent d\u2019influencer toute une g\u00e9n\u00e9ration de groupes alternatifs.<\/p>\n<p>Cette tourn\u00e9e marque aussi de nouvelles retrouvailles entre les deux formations, vingt ans apr\u00e8s leur premi\u00e8re tourn\u00e9e commune en 2004 et apr\u00e8s une s\u00e9rie de concerts conjoints en <strong>Australie<\/strong> en 2023. Depuis, chacune a poursuivi son chemin : <strong>Bloc Party<\/strong> a sign\u00e9 son retour avec <strong>Alpha Games<\/strong> (2022), tandis qu\u2019<strong>Interpol<\/strong> livrait <strong>The Other Side Of Make-Believe<\/strong> la m\u00eame ann\u00e9e, confirmant leur statut de v\u00e9t\u00e9rans toujours aussi pertinents sur la sc\u00e8ne rock mondiale.<\/p>\n<p>Les fans pourront acc\u00e9der \u00e0 la pr\u00e9vente exclusive <strong>Radical Production<\/strong> d\u00e8s le jeudi 6 novembre \u00e0 10h, en s\u2019inscrivant <a href=\"https:\/\/page.delight-data.com\/prevente-Interpol-BlocParty...\" target=\"_blank\" rel=\"noopener\">via ce lien<\/a> avant 9h le m\u00eame jour.<\/p>\n<p>Mise en vente g\u00e9n\u00e9rale : vendredi 7 novembre \u00e0 10h.<\/p>\n<p>Un rendez-vous immanquable pour revivre la fougue des ann\u00e9es 2000, entre \u00e9l\u00e9gance sombre new-yorkaise et \u00e9nergie nerveuse britannique, dans ce qui s\u2019annonce d\u00e9j\u00e0 comme l\u2019un des plus beaux duos live de 2026.<\/p>\n<p><img loading=\"lazy\" decoding=\"async\" width=\"819\" height=\"1024\" src=\"https:\/\/www.europesays.com\/fr\/wp-content\/uploads\/2025\/10\/573854404_1249909277183032_6717351942778140505_n-819x1024.jpg\" alt=\"\" class=\"wp-image-228614\"\/><\/p>\n","protected":false},"excerpt":{"rendered":"\u00c9v\u00e8nement \u2013 Bloc Party et Interpol repartent ensemble sur les routes ! Les deux groupes annoncent une tourn\u00e9e&hellip;\n","protected":false},"author":2,"featured_media":503270,"comment_status":"","ping_status":"","sticky":false,"template":"","format":"standard","meta":{"footnotes":""},"categories":[1888],"tags":[1111,1928,11,1927,62525,1777,674,1011,27,38823,12,1926,626,1925,25,13141],"class_list":{"0":"post-503269","1":"post","2":"type-post","3":"status-publish","4":"format-standard","5":"has-post-thumbnail","7":"category-paris","8":"tag-actu","9":"tag-actu-paris","10":"tag-actualites","11":"tag-actualites-paris","12":"tag-bloc-party","13":"tag-eu","14":"tag-europe","15":"tag-fr","16":"tag-france","17":"tag-interpol","18":"tag-news","19":"tag-news-paris","20":"tag-paris","21":"tag-paris-news","22":"tag-republique-francaise","23":"tag-zenith-paris-la-villette"},"share_on_mastodon":{"url":"https:\/\/pubeurope.com\/@fr\/115471351321231014","error":""},"_links":{"self":[{"href":"https:\/\/www.europesays.com\/fr\/wp-json\/wp\/v2\/posts\/503269","targetHints":{"allow":["GET"]}}],"collection":[{"href":"https:\/\/www.europesays.com\/fr\/wp-json\/wp\/v2\/posts"}],"about":[{"href":"https:\/\/www.europesays.com\/fr\/wp-json\/wp\/v2\/types\/post"}],"author":[{"embeddable":true,"href":"https:\/\/www.europesays.com\/fr\/wp-json\/wp\/v2\/users\/2"}],"replies":[{"embeddable":true,"href":"https:\/\/www.europesays.com\/fr\/wp-json\/wp\/v2\/comments?post=503269"}],"version-history":[{"count":0,"href":"https:\/\/www.europesays.com\/fr\/wp-json\/wp\/v2\/posts\/503269\/revisions"}],"wp:featuredmedia":[{"embeddable":true,"href":"https:\/\/www.europesays.com\/fr\/wp-json\/wp\/v2\/media\/503270"}],"wp:attachment":[{"href":"https:\/\/www.europesays.com\/fr\/wp-json\/wp\/v2\/media?parent=503269"}],"wp:term":[{"taxonomy":"category","embeddable":true,"href":"https:\/\/www.europesays.com\/fr\/wp-json\/wp\/v2\/categories?post=503269"},{"taxonomy":"post_tag","embeddable":true,"href":"https:\/\/www.europesays.com\/fr\/wp-json\/wp\/v2\/tags?post=503269"}],"curies":[{"name":"wp","href":"https:\/\/api.w.org\/{rel}","templated":true}]}}