{"id":503295,"date":"2025-10-31T23:35:14","date_gmt":"2025-10-31T23:35:14","guid":{"rendered":"https:\/\/www.europesays.com\/fr\/503295\/"},"modified":"2025-10-31T23:35:14","modified_gmt":"2025-10-31T23:35:14","slug":"on-parle-de-tout-sauf-de-golf-avec-adrien-saddier","status":"publish","type":"post","link":"https:\/\/www.europesays.com\/fr\/503295\/","title":{"rendered":"On parle de tout sauf de golf avec\u2026 Adrien Saddier"},"content":{"rendered":"<p><strong>Est-ce qu\u2019on est oblig\u00e9 d\u2019aimer la raclette quand on est Haut-savoyard ?<\/strong><br \/>Ah, \u00e7a fait partie du package. Je crois que je n\u2019ai jamais vu un Haut-Savoyard vegan. Et s\u2019il y en a un qui se dit v\u00e9g\u00e9tarien, je pense qu\u2019il se fait renier par sa famille. D\u2019ailleurs la semaine derni\u00e8re, j\u2019\u00e9tais \u00e0 un repas de famille du c\u00f4t\u00e9 de ma femme et je jure que son cousin a mis du sucre dans la raclette. Je suis ouvert sur plein de chose, mais l\u00e0 je l\u2019ai mal pris. J\u2019ai quand m\u00eame go\u00fbt\u00e9 et il va sans dire que c\u2019\u00e9tait la seule fois de ma vie. Dans le m\u00eame genre au restaurant, j\u2019ai vu des Italiens laisser la croute de la raclette ; c\u2019est tr\u00e8s irritant, \u00e7a.<\/p>\n<p><strong>Ce qui veut dire que tu retires ton enfant du livret de famille s\u2019il n\u2019aime ni la viande ni la raclette ?<\/strong><br \/>S\u00fbrement, s\u00fbrement\u2026 Je viens d\u2019une famille dans laquelle mon grand-p\u00e8re \u00e9tait boucher, donc on touche presque \u00e0 la religion quand on parle de viande. Et pour l\u2019instant, mon fils n\u2019aime pas trop les l\u00e9gumes, il mange de la viande et il porte fi\u00e8rement ses origines haut-savoyardes puisque j\u2019ai eu la chance d\u2019\u00e9pouser une femme qui a accept\u00e9 de venir vivre en Haute-Savoie. Donc pour l\u2019instant, il part sur des bonnes bases.<\/p>\n<p><strong>Il para\u00eet que tu es un gros mangeur de raclette. Tu saurais quantifier ta consommation ?<\/strong><br \/>Je ne peux pas compter. Parce que pour moi, il n\u2019y a pas de saison pour manger la raclette. Je n\u2019attends pas qu\u2019il fasse froid ; m\u00eame par 32 degr\u00e9s en terrasse, il n\u2019y a aucun probl\u00e8me. Mais pour donner une id\u00e9e, j\u2019en ai mang\u00e9 une avant de partir en Inde \u00e0 la mi-octobre, une autre la semaine derni\u00e8re et je pense qu\u2019il y en aura une en rentrant des \u00c9mirats dans deux semaines. Je n\u2019en fais peut-\u00eatre pas \u00e9norm\u00e9ment au final mais quand je m\u2019y mets, je le fais s\u00e9rieusement. Pour dire, cet \u00e9t\u00e9 \u00e0 Tignes, j\u2019en ai partag\u00e9 une avec <strong>David<\/strong> <strong>Baudrier<\/strong> (son pr\u00e9parateur physique, ndlr) et on s\u2019est fait 1,2 kg de raclette. Attention, avec charcuterie et tout hein ! Le serveur \u00e9tait un peu stup\u00e9fait.<\/p>\n","protected":false},"excerpt":{"rendered":"Est-ce qu\u2019on est oblig\u00e9 d\u2019aimer la raclette quand on est Haut-savoyard ?Ah, \u00e7a fait partie du package. Je&hellip;\n","protected":false},"author":2,"featured_media":503296,"comment_status":"","ping_status":"","sticky":false,"template":"","format":"standard","meta":{"footnotes":""},"categories":[1418],"tags":[1011,27,1472,60],"class_list":{"0":"post-503295","1":"post","2":"type-post","3":"status-publish","4":"format-standard","5":"has-post-thumbnail","7":"category-golf","8":"tag-fr","9":"tag-france","10":"tag-golf","11":"tag-sports"},"share_on_mastodon":{"url":"https:\/\/pubeurope.com\/@fr\/115471405767522556","error":""},"_links":{"self":[{"href":"https:\/\/www.europesays.com\/fr\/wp-json\/wp\/v2\/posts\/503295","targetHints":{"allow":["GET"]}}],"collection":[{"href":"https:\/\/www.europesays.com\/fr\/wp-json\/wp\/v2\/posts"}],"about":[{"href":"https:\/\/www.europesays.com\/fr\/wp-json\/wp\/v2\/types\/post"}],"author":[{"embeddable":true,"href":"https:\/\/www.europesays.com\/fr\/wp-json\/wp\/v2\/users\/2"}],"replies":[{"embeddable":true,"href":"https:\/\/www.europesays.com\/fr\/wp-json\/wp\/v2\/comments?post=503295"}],"version-history":[{"count":0,"href":"https:\/\/www.europesays.com\/fr\/wp-json\/wp\/v2\/posts\/503295\/revisions"}],"wp:featuredmedia":[{"embeddable":true,"href":"https:\/\/www.europesays.com\/fr\/wp-json\/wp\/v2\/media\/503296"}],"wp:attachment":[{"href":"https:\/\/www.europesays.com\/fr\/wp-json\/wp\/v2\/media?parent=503295"}],"wp:term":[{"taxonomy":"category","embeddable":true,"href":"https:\/\/www.europesays.com\/fr\/wp-json\/wp\/v2\/categories?post=503295"},{"taxonomy":"post_tag","embeddable":true,"href":"https:\/\/www.europesays.com\/fr\/wp-json\/wp\/v2\/tags?post=503295"}],"curies":[{"name":"wp","href":"https:\/\/api.w.org\/{rel}","templated":true}]}}