{"id":503301,"date":"2025-10-31T23:42:16","date_gmt":"2025-10-31T23:42:16","guid":{"rendered":"https:\/\/www.europesays.com\/fr\/503301\/"},"modified":"2025-10-31T23:42:16","modified_gmt":"2025-10-31T23:42:16","slug":"jules-friot-javais-le-titre-en-tete-actualite","status":"publish","type":"post","link":"https:\/\/www.europesays.com\/fr\/503301\/","title":{"rendered":"Jules Friot : \u00ab\u00a0J&rsquo;avais le titre en t\u00eate\u00a0\u00bb &#8211; Actualit\u00e9"},"content":{"rendered":"<p style=\"text-align: justify;\">En 2024, Jules Friot avait termin\u00e9 4e du Championnat de France Juniors du kilom\u00e8tre. Ce vendredi matin, il a effac\u00e9 sa d\u00e9ception pour monter sur la plus haute marche du podium. \u201cC&rsquo;est vraiment une grande fiert\u00e9. L&rsquo;ann\u00e9e derni\u00e8re, je voulais briller mais il y avait une concurrence incroyable, un niveau de folie\u201d, rappelle le nouveau Champion de France. En effet, il y a douze mois il s\u2019\u00e9tait inclin\u00e9 face \u00e0 une belle brochette : Etienne Olivi\u00e9ro, Mathias Sylvanise et Herv\u00e9 Sala\u00fcn. \u201cC\u2019est super d\u2019avoir pu se frotter \u00e0 ce niveau. Cette ann\u00e9e, je voulais vraiment viser au moins le podium, mais j&rsquo;avais vraiment le titre en t\u00eate\u201d. Mais aussi dans les jambes. Le coureur de 18 ans a m\u00eame am\u00e9lior\u00e9 son temps par rapport \u00e0 l\u2019an dernier (1\u201903\u2019\u2019163 contre 1\u201904\u2019\u2019115).<\/p>\n<p style=\"text-align: justify;\">Pourtant, le soci\u00e9taire du VC Villefranche Beaujolais n&rsquo;avait pas sp\u00e9cialement pr\u00e9par\u00e9 le kilom\u00e8tre. D\u00e9marreur de l&rsquo;\u00e9quipe de poursuite d&rsquo;Auvergne-Rh\u00f4ne-Alpes, Championne de France pour la deuxi\u00e8me fois de suite, le Savoyard s&rsquo;est surtout entra\u00een\u00e9 pour la poursuite. \u00ab\u00a0Dans un titre par \u00e9quipe, chacun apporte sa pierre \u00e0 l&rsquo;\u00e9difice. On \u00e9tait vraiment une \u00e9quipe soud\u00e9e avec une ambiance compl\u00e8tement folle. On voulait vraiment briller tous les quatre ensemble\u00a0\u00bb, pr\u00e9cise-t-il. Jules Friot a aussi d\u00fb surmonter d&rsquo;autres obstacles. \u00ab\u00a0J&rsquo;ai eu la mononucl\u00e9ose cette ann\u00e9e et j&rsquo;ai surmont\u00e9 cette p\u00e9riode infectieuse. Je suis fier de finir la saison sur cet \u00e9v\u00e9nement\u00a0\u00bb.<\/p>\n<p style=\"text-align: justify;\">Ses talents de kilom\u00e8treur pourrait lui servir dans la poursuite par \u00e9quipes. \u00ab\u00a0J&rsquo;esp\u00e8re que \u00e7a peut m&rsquo;ouvrir une porte pour le niveau au-dessus\u00a0\u00bb. Pour le moment, pour ses d\u00e9but chez les Espoirs, il va rejoindre un club de N3. \u00ab\u00a0Je vais \u00e9voluer dans le comit\u00e9 r\u00e9gional Sud PACA, dans le club d&rsquo;Istres Sport Cyclisme. Je vais continuer la piste et essayer de passer aussi un cap sur la route. Je veux prendre le temps d&rsquo;\u00e9voluer tranquillement pour esp\u00e9rer passer des caps et monter encore de niveau les ann\u00e9es suivantes\u00a0\u00bb Et de progresser, borne par borne.<\/p>\n","protected":false},"excerpt":{"rendered":"En 2024, Jules Friot avait termin\u00e9 4e du Championnat de France Juniors du kilom\u00e8tre. Ce vendredi matin, il&hellip;\n","protected":false},"author":2,"featured_media":503302,"comment_status":"","ping_status":"","sticky":false,"template":"","format":"standard","meta":{"footnotes":""},"categories":[1411],"tags":[834,828,836,829,837,827,83,826,824,823,1154,207,814,817,815,816,822,821,832,211,839,1011,27,820,818,819,835,831,830,833,838,60,212,208,825],"class_list":{"0":"post-503301","1":"post","2":"type-post","3":"status-publish","4":"format-standard","5":"has-post-thumbnail","7":"category-cyclisme","8":"tag-attaque","9":"tag-belgique","10":"tag-braquet","11":"tag-bretagne","12":"tag-chute","13":"tag-competition","14":"tag-coupe-de-france","15":"tag-coureur","16":"tag-course-cyclisme","17":"tag-course-cycliste","18":"tag-cycling","19":"tag-cyclisme","20":"tag-direct","21":"tag-direct-velo","22":"tag-directvelo","23":"tag-directvelo-com","24":"tag-epreuve","25":"tag-epreuve-cycliste","26":"tag-federation-francaise-de-cyclisme","27":"tag-ffc","28":"tag-flandres","29":"tag-fr","30":"tag-france","31":"tag-live","32":"tag-live-course","33":"tag-live-epreuve","34":"tag-peloton","35":"tag-radio-peloton","36":"tag-radio-tour","37":"tag-ravitaillement","38":"tag-relance","39":"tag-sports","40":"tag-uci","41":"tag-velo","42":"tag-velos"},"share_on_mastodon":{"url":"https:\/\/pubeurope.com\/@fr\/115471433338908366","error":""},"_links":{"self":[{"href":"https:\/\/www.europesays.com\/fr\/wp-json\/wp\/v2\/posts\/503301","targetHints":{"allow":["GET"]}}],"collection":[{"href":"https:\/\/www.europesays.com\/fr\/wp-json\/wp\/v2\/posts"}],"about":[{"href":"https:\/\/www.europesays.com\/fr\/wp-json\/wp\/v2\/types\/post"}],"author":[{"embeddable":true,"href":"https:\/\/www.europesays.com\/fr\/wp-json\/wp\/v2\/users\/2"}],"replies":[{"embeddable":true,"href":"https:\/\/www.europesays.com\/fr\/wp-json\/wp\/v2\/comments?post=503301"}],"version-history":[{"count":0,"href":"https:\/\/www.europesays.com\/fr\/wp-json\/wp\/v2\/posts\/503301\/revisions"}],"wp:featuredmedia":[{"embeddable":true,"href":"https:\/\/www.europesays.com\/fr\/wp-json\/wp\/v2\/media\/503302"}],"wp:attachment":[{"href":"https:\/\/www.europesays.com\/fr\/wp-json\/wp\/v2\/media?parent=503301"}],"wp:term":[{"taxonomy":"category","embeddable":true,"href":"https:\/\/www.europesays.com\/fr\/wp-json\/wp\/v2\/categories?post=503301"},{"taxonomy":"post_tag","embeddable":true,"href":"https:\/\/www.europesays.com\/fr\/wp-json\/wp\/v2\/tags?post=503301"}],"curies":[{"name":"wp","href":"https:\/\/api.w.org\/{rel}","templated":true}]}}