{"id":503307,"date":"2025-10-31T23:45:21","date_gmt":"2025-10-31T23:45:21","guid":{"rendered":"https:\/\/www.europesays.com\/fr\/503307\/"},"modified":"2025-10-31T23:45:21","modified_gmt":"2025-10-31T23:45:21","slug":"rachida-dati-promet-des-dispositifs-anti-intrusion-avant-la-fin-de-lannee-pour-le-musee","status":"publish","type":"post","link":"https:\/\/www.europesays.com\/fr\/503307\/","title":{"rendered":"Rachida Dati promet des dispositifs anti-intrusion \u00ab\u00a0avant la fin de l\u2019ann\u00e9e\u00a0\u00bb pour le mus\u00e9e"},"content":{"rendered":"<p> \u00abMieux vaut tard que jamais\u00a0\u00bb, comme dit le dicton. La <a href=\"https:\/\/www.20minutes.fr\/dossier\/ministre_de_la_culture\" class=\"c-link c-link--is-underlined\" target=\"_blank\" rel=\"noopener\">ministre de la Culture<\/a> a promis vendredi la mise en place de dispositifs anti-intrusion au Louvre \u00ab\u00a0avant la fin de l\u2019ann\u00e9e\u00a0\u00bb, apr\u00e8s qu\u2019une enqu\u00eate administrative a r\u00e9v\u00e9l\u00e9 une \u00ab\u00a0sous-estimation chronique des risques\u00a0\u00bb de vol au sein du mus\u00e9e, cible d\u2019un casse le 19\u00a0octobre.<\/p>\n<\/p>\n<p>\u00ab\u00a0Ca fait plus de vingt ans que les risques intrusion et vol ont \u00e9t\u00e9 structurellement sous-estim\u00e9s\u00a0\u00bb au <a href=\"https:\/\/www.20minutes.fr\/dossier\/louvre\" class=\"c-link c-link--is-underlined\" target=\"_blank\" rel=\"noopener\">Louvre<\/a>, a estim\u00e9 <a href=\"https:\/\/www.20minutes.fr\/politique\/rachida_dati\" class=\"c-link c-link--is-underlined\" target=\"_blank\" rel=\"noopener\">Rachida Dati<\/a> sur TF1, assurant que des \u00ab\u00a0mesures d\u2019urgence\u00a0\u00bb s\u2019imposaient. \u00ab\u00a0On ne peut pas continuer comme \u00e7a\u00a0\u00bb, a-t-elle ajout\u00e9. On est ravi d\u2019apprendre que le mus\u00e9e le plus c\u00e9l\u00e8bre du monde n\u2019avait donc pas de dispositifs anti-intrusion jusqu\u2019ici. Vivement la fin de l\u2019ann\u00e9e, que La Libert\u00e9 guidant le peuple de Delacroix (beaucoup plus beau que La Joconde si vous voulez notre avis) et autres chefs-d\u2019\u0153uvre soient un poil mieux prot\u00e9g\u00e9s. Non, vraiment, il n\u2019est jamais trop tard.<\/p>\n","protected":false},"excerpt":{"rendered":"\u00abMieux vaut tard que jamais\u00a0\u00bb, comme dit le dicton. La ministre de la Culture a promis vendredi la&hellip;\n","protected":false},"author":2,"featured_media":503308,"comment_status":"","ping_status":"","sticky":false,"template":"","format":"standard","meta":{"footnotes":""},"categories":[1358],"tags":[1348,1384,1385,1174,251,1386,58,59,1011,27,11274,3048,417,10912],"class_list":{"0":"post-503307","1":"post","2":"type-post","3":"status-publish","4":"format-standard","5":"has-post-thumbnail","7":"category-arts-et-design","8":"tag-arts","9":"tag-arts-and-design","10":"tag-arts-et-design","11":"tag-cambriolage","12":"tag-culture","13":"tag-design","14":"tag-divertissement","15":"tag-entertainment","16":"tag-fr","17":"tag-france","18":"tag-louvre","19":"tag-musee","20":"tag-rachida-dati","21":"tag-voleur"},"share_on_mastodon":{"url":"https:\/\/pubeurope.com\/@fr\/115471444980124938","error":""},"_links":{"self":[{"href":"https:\/\/www.europesays.com\/fr\/wp-json\/wp\/v2\/posts\/503307","targetHints":{"allow":["GET"]}}],"collection":[{"href":"https:\/\/www.europesays.com\/fr\/wp-json\/wp\/v2\/posts"}],"about":[{"href":"https:\/\/www.europesays.com\/fr\/wp-json\/wp\/v2\/types\/post"}],"author":[{"embeddable":true,"href":"https:\/\/www.europesays.com\/fr\/wp-json\/wp\/v2\/users\/2"}],"replies":[{"embeddable":true,"href":"https:\/\/www.europesays.com\/fr\/wp-json\/wp\/v2\/comments?post=503307"}],"version-history":[{"count":0,"href":"https:\/\/www.europesays.com\/fr\/wp-json\/wp\/v2\/posts\/503307\/revisions"}],"wp:featuredmedia":[{"embeddable":true,"href":"https:\/\/www.europesays.com\/fr\/wp-json\/wp\/v2\/media\/503308"}],"wp:attachment":[{"href":"https:\/\/www.europesays.com\/fr\/wp-json\/wp\/v2\/media?parent=503307"}],"wp:term":[{"taxonomy":"category","embeddable":true,"href":"https:\/\/www.europesays.com\/fr\/wp-json\/wp\/v2\/categories?post=503307"},{"taxonomy":"post_tag","embeddable":true,"href":"https:\/\/www.europesays.com\/fr\/wp-json\/wp\/v2\/tags?post=503307"}],"curies":[{"name":"wp","href":"https:\/\/api.w.org\/{rel}","templated":true}]}}