{"id":503319,"date":"2025-10-31T23:52:12","date_gmt":"2025-10-31T23:52:12","guid":{"rendered":"https:\/\/www.europesays.com\/fr\/503319\/"},"modified":"2025-10-31T23:52:12","modified_gmt":"2025-10-31T23:52:12","slug":"le-classement-de-la-2e-semaine","status":"publish","type":"post","link":"https:\/\/www.europesays.com\/fr\/503319\/","title":{"rendered":"Le classement de la 2e semaine"},"content":{"rendered":"<p>Le Top 3 apr\u00e8s la deuxi\u00e8me semaine de la Star Academy \u00e9tait attendu et il a \u00e9t\u00e9 d\u00e9voil\u00e9 dans la quotidienne de vendredi soir par le directeur Michael Goldman.<\/p>\n<p>Les 16 \u00e9l\u00e8ves de la nouvelle promotion, \u00e0 savoir Noah, Ema, Sarah, L\u00e9o, Victor, Th\u00e9o L, M\u00e9lissa, Anouk, L\u00e9a, Jeanne, Th\u00e9o P, L\u00e9ane, Lily, Lenny, Bastiaan et Ambre, ont tous chant\u00e9 devant Charlotte Cardin, les professeurs et le directeur. Et les trois \u00e9l\u00e8ves qui participeront \u00e0 la battle, sur la chanson J&rsquo;avoue, de Linh sont connus.<\/p>\n<p class=\"mb-xxl@xs color-ultramarine font-weight-semi-bold@xs font-source-serif-pro heading-s@xs\">L\u2019acc\u00e8s \u00e0 ce contenu a \u00e9t\u00e9 bloqu\u00e9 afin de respecter votre choix de consentement<\/p>\n<p class=\"mb-m@xs text-l@xs\">En cliquant sur\u00ab J\u2019accepte \u00bb, vous acceptez le d\u00e9p\u00f4t de cookies par des services externes et aurez ainsi acc\u00e8s aux contenus de nos partenaires.<\/p>\n<p class=\"mb-xl@xs text-s@xs\">Plus d\u2019informations sur la page<a href=\"https:\/\/www.20minutes.fr\/gestion-cookies\" class=\"mx-xxs@xs color-ultramarine\" target=\"_blank\" rel=\"noopener\">Politique de gestion des cookies<\/a><\/p>\n<p>J\u2019accepteLe classement de la 2e semaine de la Star Academy<\/p>\n<p>1. Sarah, avec une note de 18,2\/20<\/p>\n<p>2. Ambre<\/p>\n<p>3. Victor<\/p>\n<p>4. Anouk<\/p>\n<p>5. Jeanne<\/p>\n<p>6. L\u00e9a<\/p>\n<p>7. Leane<\/p>\n<p>8. M\u00e9lissa<\/p>\n<p>9. Lilly<\/p>\n<p>10. Bastiaan<\/p>\n<p>11 Th\u00e9o P.<\/p>\n<p>&#8211; L\u00e9o<\/p>\n<p>13. Th\u00e9o L.<\/p>\n<p>14. Noah<\/p>\n<p>15. Ema<\/p>\n<p>16. Lenny <\/p>\n<p>Par ailleurs, on sait d\u00e9sormais que Th\u00e9o P (13,7 de moyenne), L\u00e9o (\u00e9galement avec 13,7 de moyenne) et Lily (14,4 de moyenne) chanteront avec <a href=\"https:\/\/www.20minutes.fr\/culture\/ed-sheeran\/\" class=\"c-link c-link--is-underlined\" target=\"_blank\" rel=\"noopener\">Ed Sheeran<\/a> sur le prime. L\u00e9a, d\u00e9\u00e7ue, termine 6e cette semaine. Pour rappel, Sarah partagera la sc\u00e8ne avec le groupe de K-pop am\u00e9ricain KATSEYE samedi soir lors du prime. Ce vendredi soir, Ambre a \u00e9t\u00e9 invit\u00e9e aux <a href=\"https:\/\/www.20minutes.fr\/dossier\/nrj_music_awards\" class=\"c-link c-link--is-underlined\" target=\"_blank\" rel=\"noopener\">NRJ Music Awards<\/a> pour chanter avec <a href=\"https:\/\/www.20minutes.fr\/dossier\/kendji\" class=\"c-link c-link--is-underlined\" target=\"_blank\" rel=\"noopener\">Kendji Girac<\/a>. <\/p>\n","protected":false},"excerpt":{"rendered":"Le Top 3 apr\u00e8s la deuxi\u00e8me semaine de la Star Academy \u00e9tait attendu et il a \u00e9t\u00e9 d\u00e9voil\u00e9&hellip;\n","protected":false},"author":2,"featured_media":503320,"comment_status":"","ping_status":"","sticky":false,"template":"","format":"standard","meta":{"footnotes":""},"categories":[8],"tags":[58,59,1011,27,10827,5095,252,199],"class_list":{"0":"post-503319","1":"post","2":"type-post","3":"status-publish","4":"format-standard","5":"has-post-thumbnail","7":"category-divertissement","8":"tag-divertissement","9":"tag-entertainment","10":"tag-fr","11":"tag-france","12":"tag-nikos-aliagas","13":"tag-star-academy","14":"tag-television","15":"tag-tf1"},"share_on_mastodon":{"url":"https:\/\/pubeurope.com\/@fr\/115471473055003239","error":""},"_links":{"self":[{"href":"https:\/\/www.europesays.com\/fr\/wp-json\/wp\/v2\/posts\/503319","targetHints":{"allow":["GET"]}}],"collection":[{"href":"https:\/\/www.europesays.com\/fr\/wp-json\/wp\/v2\/posts"}],"about":[{"href":"https:\/\/www.europesays.com\/fr\/wp-json\/wp\/v2\/types\/post"}],"author":[{"embeddable":true,"href":"https:\/\/www.europesays.com\/fr\/wp-json\/wp\/v2\/users\/2"}],"replies":[{"embeddable":true,"href":"https:\/\/www.europesays.com\/fr\/wp-json\/wp\/v2\/comments?post=503319"}],"version-history":[{"count":0,"href":"https:\/\/www.europesays.com\/fr\/wp-json\/wp\/v2\/posts\/503319\/revisions"}],"wp:featuredmedia":[{"embeddable":true,"href":"https:\/\/www.europesays.com\/fr\/wp-json\/wp\/v2\/media\/503320"}],"wp:attachment":[{"href":"https:\/\/www.europesays.com\/fr\/wp-json\/wp\/v2\/media?parent=503319"}],"wp:term":[{"taxonomy":"category","embeddable":true,"href":"https:\/\/www.europesays.com\/fr\/wp-json\/wp\/v2\/categories?post=503319"},{"taxonomy":"post_tag","embeddable":true,"href":"https:\/\/www.europesays.com\/fr\/wp-json\/wp\/v2\/tags?post=503319"}],"curies":[{"name":"wp","href":"https:\/\/api.w.org\/{rel}","templated":true}]}}