{"id":50332,"date":"2025-04-24T23:12:08","date_gmt":"2025-04-24T23:12:08","guid":{"rendered":"https:\/\/www.europesays.com\/fr\/50332\/"},"modified":"2025-04-24T23:12:08","modified_gmt":"2025-04-24T23:12:08","slug":"comment-le-stade-toulousain-va-lancer-la-riposte-sur-le-terrain-judiciaire","status":"publish","type":"post","link":"https:\/\/www.europesays.com\/fr\/50332\/","title":{"rendered":"comment le Stade Toulousain va lancer la riposte sur le terrain judiciaire"},"content":{"rendered":"<p><strong>INFO LE FIGARO &#8211; <\/strong>Apr\u00e8s avoir longtemps gard\u00e9 le silence, le club champion de France et son pr\u00e9sident, Didier Lacroix, ont d\u00e9cid\u00e9 de r\u00e9pliquer. Un cabinet d\u2019avocats a \u00e9t\u00e9 mandat\u00e9 pour faire valoir leurs arguments juridiques. Ainsi que pour poursuivre en justice Arnaud Dubois, l\u2019interm\u00e9diaire au c\u0153ur de cette affaire loin d\u2019\u00eatre termin\u00e9e<\/p>\n<p class=\"fig-paragraph\">Dans un courriel envoy\u00e9 au nouveau pr\u00e9sident de la Ligue Nationale de Rugby (LNR), Yann Roubert, le 22 avril &#8211;\u00a0<a href=\"http:\/\/www.lefigaro.fr\/sports\/rugby\/top-14\/affaire-jaminet-le-stade-toulousain-contre-attaque-et-met-en-cause-la-ligue-20250424\" data-fig-type=\"NewsFlash\" data-gtm-custom-categorie=\"navigation\" data-gtm-custom-action=\"crossclick\" data-gtm-custom-label=\"Contextuel\" data-gtm-event=\"customEventSPE\" data-fig-domain=\"LEFIGARO\" target=\"_blank\" rel=\"noopener\">que le Figaro s\u2019est procur\u00e9\u00a0<\/a>-, le pr\u00e9sident du Stade Toulousain lance la contre-attaque apr\u00e8s des semaines de silence dans ce qu\u2019il est convenu d\u2019appeler\u00a0<a href=\"http:\/\/www.lefigaro.fr\/sports\/rugby\/affaire-jaminet-le-stade-toulousain-a-conclu-un-accord-pour-rembourser-son-ex-joueur-20250418\" data-fig-type=\"NewsFlash\" data-gtm-custom-categorie=\"navigation\" data-gtm-custom-action=\"crossclick\" data-gtm-custom-label=\"Contextuel\" data-gtm-event=\"customEventSPE\" data-fig-domain=\"LEFIGARO\" target=\"_blank\" rel=\"noopener\">l\u2019affaire Jaminet<\/a>. Une r\u00e9plique par \u00e9crit. Et des actes \u00e0 venir.<\/p>\n<p class=\"fig-paragraph\">Selon nos informations, le club champion de France et d\u2019Europe, dont la r\u00e9putation a \u00e9t\u00e9 \u00e9corn\u00e9e par les fuites de cette affaire \u2013 des fuites qu\u2019il estime orchestr\u00e9es dans le but de lui nuire \u2013 va lancer, ces prochains jours, une contre-offensive juridique et judiciaire.<\/p>\n<p>Les avocats se r\u00e9f\u00e8rent \u00e0 l\u2019article L. 131-16 du Code du sport qui autorise, par exception, les Ligues \u00e0 plafonner la masse salariale consacr\u00e9e aux joueurs afin de pr\u00e9server l\u2019\u00e9quit\u00e9 sportive<\/p>\n<p class=\"fig-paragraph\">Juridique d\u2019abord. Dans ce courriel, le Stade Toulousain soul\u00e8ve une question essentielle selon lui\u00a0: les indemnit\u00e9s lib\u00e9ratoires, dont a d\u00fb s\u2019acquitter Melvyn Jaminet pour quitter le club de Perpignan, sont contraires \u00e0 la loi. Ce que le cabinet d\u2019avocats mandat\u00e9 par Didier Lacroix va s\u2019employer \u00e0 prouver. Il n\u2019est nullement question de remettre en cause le salary cap (plafond de la masse salariale)\u2026<\/p>\n<p class=\"fig-premium-paywall__infos\">\n        Cet article est r\u00e9serv\u00e9 aux abonn\u00e9s.        Il vous reste 83% \u00e0 d\u00e9couvrir.\n    <\/p>\n<p>                <img  data- alt=\"Le Figaro\" class=\"fig-img--complete fig-img\"\/><\/p>\n<p class=\"fig-premium-paywall__title\">Vous avez envie de lire la suite ?<\/p>\n<p class=\"fig-premium-paywall__subtitle\">D\u00e9bloquez tous les articles imm\u00e9diatement.<\/p>\n<p class=\"fig-premium-paywall__connect\">\n                D\u00e9j\u00e0 abonn\u00e9\u00a0?                <a class=\"fig-premium-paywall__connect-link\" href=\"https:\/\/connect.lefigaro.fr\/login?client=horizon_web&amp;type=main&amp;redirect_uri=https%3A%2F%2Fwww.lefigaro.fr%2Fsports%2Frugby%2Ftop-14%2Faffaire-jaminet-le-stade-toulousain-va-lancer-la-riposte-sur-le-terrain-judiciaire-20250424\" data-js-gtm=\"{&quot;customCategorie&quot;: &quot;conversion&quot;, &quot;customAction&quot;: &quot;before_Landing_Connexion_paywall_auto&quot;, &quot;customLabel&quot;: &quot;bGVmaWdhcm8uZnJfXzFmMDIxMzM2LWFiYmMtNjY0MC1iMTc1LTgzNjYxY2QyN2M4NF9fTmV3c0ZsYXNo_Affaire Jaminet\u00a0: comment le Stade Toulousain va lancer la riposte sur le terrain judiciaire_400&quot;, &quot;customIDSPE&quot;: &quot;bGVmaWdhcm8uZnJfXzFmMDIxMzM2LWFiYmMtNjY0MC1iMTc1LTgzNjYxY2QyN2M4NF9fTmV3c0ZsYXNo&quot;, &quot;event&quot;: &quot;customEventSPE&quot;}\" target=\"_blank\" rel=\"noopener\"><br \/>\n                    Connectez-vous<br \/>\n                <\/a>\n            <\/p>\n","protected":false},"excerpt":{"rendered":"INFO LE FIGARO &#8211; Apr\u00e8s avoir longtemps gard\u00e9 le silence, le club champion de France et son pr\u00e9sident,&hellip;\n","protected":false},"author":2,"featured_media":50333,"comment_status":"","ping_status":"","sticky":false,"template":"","format":"standard","meta":{"footnotes":""},"categories":[1416],"tags":[525,4590,1981,2313,814,1011,27,955,13084,4589,2311,1980,479,1468,2259,60,476,478,2310,2312],"class_list":{"0":"post-50332","1":"post","2":"type-post","3":"status-publish","4":"format-standard","5":"has-post-thumbnail","7":"category-rugby","8":"tag-calendrier","9":"tag-championnat-france","10":"tag-classement","11":"tag-clermont","12":"tag-direct","13":"tag-fr","14":"tag-france","15":"tag-match","16":"tag-melvyn-jaminet","17":"tag-phase-finale","18":"tag-racing","19":"tag-resultats","20":"tag-rugby","21":"tag-rugby-football","22":"tag-score","23":"tag-sports","24":"tag-stade-toulousain","25":"tag-top-14","26":"tag-toulon","27":"tag-toulouse"},"share_on_mastodon":{"url":"https:\/\/pubeurope.com\/@fr\/114395476320031380","error":""},"_links":{"self":[{"href":"https:\/\/www.europesays.com\/fr\/wp-json\/wp\/v2\/posts\/50332","targetHints":{"allow":["GET"]}}],"collection":[{"href":"https:\/\/www.europesays.com\/fr\/wp-json\/wp\/v2\/posts"}],"about":[{"href":"https:\/\/www.europesays.com\/fr\/wp-json\/wp\/v2\/types\/post"}],"author":[{"embeddable":true,"href":"https:\/\/www.europesays.com\/fr\/wp-json\/wp\/v2\/users\/2"}],"replies":[{"embeddable":true,"href":"https:\/\/www.europesays.com\/fr\/wp-json\/wp\/v2\/comments?post=50332"}],"version-history":[{"count":0,"href":"https:\/\/www.europesays.com\/fr\/wp-json\/wp\/v2\/posts\/50332\/revisions"}],"wp:featuredmedia":[{"embeddable":true,"href":"https:\/\/www.europesays.com\/fr\/wp-json\/wp\/v2\/media\/50333"}],"wp:attachment":[{"href":"https:\/\/www.europesays.com\/fr\/wp-json\/wp\/v2\/media?parent=50332"}],"wp:term":[{"taxonomy":"category","embeddable":true,"href":"https:\/\/www.europesays.com\/fr\/wp-json\/wp\/v2\/categories?post=50332"},{"taxonomy":"post_tag","embeddable":true,"href":"https:\/\/www.europesays.com\/fr\/wp-json\/wp\/v2\/tags?post=50332"}],"curies":[{"name":"wp","href":"https:\/\/api.w.org\/{rel}","templated":true}]}}