{"id":503321,"date":"2025-10-31T23:53:14","date_gmt":"2025-10-31T23:53:14","guid":{"rendered":"https:\/\/www.europesays.com\/fr\/503321\/"},"modified":"2025-10-31T23:53:14","modified_gmt":"2025-10-31T23:53:14","slug":"ce-laptop-acer-avec-ecran-oled-booste-par-une-puce-snapdragon-perd-200-e-pour-lavant-black-friday","status":"publish","type":"post","link":"https:\/\/www.europesays.com\/fr\/503321\/","title":{"rendered":"Ce laptop Acer avec \u00e9cran OLED boost\u00e9 par une puce Snapdragon perd 200 \u20ac pour l&rsquo;avant Black Friday"},"content":{"rendered":"<p>L\u2019Acer Aspire 14 IA d\u00e9barque avec son processeur Snapdragon X et l\u2019\u00e9cosyst\u00e8me Copilot+. Un ultrabook taill\u00e9 pour le quotidien, la bureautique et l\u2019IA g\u00e9n\u00e9rative\u2026 en version ARM. Pour les pr\u00e9mices du Black Friday, son prix passe \u00e0 549 euros chez au lieu de 699 euros.<\/p>\n<p><a href=\"https:\/\/images.frandroid.com\/wp-content\/uploads\/2025\/10\/acer-spire-14-black-friday-frandroid.jpg\" target=\"_blank\" class=\"article-content__figure\" rel=\"noopener\"><img fetchpriority=\"high\" decoding=\"async\" loading=\"eager\" width=\"1200\" height=\"675\" src=\"https:\/\/www.europesays.com\/fr\/wp-content\/uploads\/2025\/10\/acer-spire-14-black-friday-frandroid.jpg\" alt=\"\" class=\"wp-image-2851123 wp-image wp-image\"  \/><\/a><\/p>\n<p>L\u2019architecture ARM a toujours  \u00e9tait cantonn\u00e9e \u00e0 nos t\u00e9l\u00e9phones et tablettes. Puis Apple est pass\u00e9 par l\u00e0, en faisant le nerf de guerre de ses <a href=\"https:\/\/www.frandroid.com\/guide-dachat\/guides-dachat-ordinateurs\/981469_macbook-air-macbook-pro-macbook-m1-quel-portable-apple-choisir\" target=\"_blank\" rel=\"noopener\">MacBook<\/a>, et <a href=\"https:\/\/www.frandroid.com\/marques\/apple\/692786_meilleur-ipad-selection\" target=\"_blank\" rel=\"noopener\">iPad<\/a> en d\u00e9veloppant ses SoC depuis 2009. Depuis, c\u2019est au tour de Microsoft de miser gros, avec un Windows 11 repens\u00e9 pour ces nouvelles puces. Cela permet d\u2019avoir des machines plus endurantes, plus silencieuses, et parfois plus fut\u00e9es que leurs cousines sous x64. C\u2019est le cas de cet Acer Aspire 14 IA qui profite du <a href=\"https:\/\/www.frandroid.com\/bons-plans\/1530148_black-friday-2025-les-offres-arriveront-bien-plus-tot-que-vous-ne-le-pensez\" target=\"_blank\" rel=\"noopener\">Pr\u00e9 Black Friday<\/a> pour diffuser <a href=\"https:\/\/boulanger.scene7.com\/is\/content\/Boulanger\/2.B.com\/Commerce\/EMS\/ODR825MICT3.pdf\" data-type=\"link\" data-id=\"https:\/\/boulanger.scene7.com\/is\/content\/Boulanger\/2.B.com\/Commerce\/EMS\/ODR825MICT3.pdf\" target=\"_blank\" rel=\"noreferrer noopener nofollow\">une offre de remboursement<\/a>, qui fait tomber <a href=\"https:\/\/shop.frandroid.com\/4y5b9jmj\" target=\"_blank\" rel=\"noreferrer noopener affiliate nofollow\" data-gtm=\"{&quot;event&quot;:&quot;afficlic&quot;,&quot;nom_marchand&quot;:&quot;boulanger&quot;,&quot;nom_produit&quot;:&quot;inconnu&quot;,&quot;categorie_produit&quot;:&quot;inconnu&quot;,&quot;module_produit&quot;:&quot;editolink&quot;,&quot;position_marchand&quot;:0,&quot;texte&quot;:&quot;la-note-de-200-euros-chez-boulanger&quot;,&quot;offer_url&quot;:&quot;https:\/\/shop.frandroid.com\/4y5b9jmj&quot;,&quot;zone&quot;:&quot;contenu-page&quot;}\">la note de 200 euros chez Boulanger<\/a>.<\/p>\n<p>Les bons points du Acer Aspire 14 IA<\/p>\n<ul class=\"wp-block-list\">\n<li>Une architecture ARM propuls\u00e9 par un SoC Snapdragon X1<\/li>\n<li>Un bel \u00e9cran de 14 pouces cadenc\u00e9 \u00e0 120 Hz<\/li>\n<li>Une bonne partie connectique et du Wi-Fi 7<\/li>\n<\/ul>\n<p>Au lieu de 699 euros, le Acer Aspire 14 est <a href=\"https:\/\/shop.frandroid.com\/4y5b9jmj\" target=\"_blank\" rel=\"noreferrer noopener affiliate nofollow\" data-gtm=\"{&quot;event&quot;:&quot;afficlic&quot;,&quot;nom_marchand&quot;:&quot;boulanger&quot;,&quot;nom_produit&quot;:&quot;inconnu&quot;,&quot;categorie_produit&quot;:&quot;inconnu&quot;,&quot;module_produit&quot;:&quot;editolink&quot;,&quot;position_marchand&quot;:0,&quot;texte&quot;:&quot;aujourd-hui-disponible-en-promotion-a-549-euros-sur-boulanger&quot;,&quot;offer_url&quot;:&quot;https:\/\/shop.frandroid.com\/4y5b9jmj&quot;,&quot;zone&quot;:&quot;contenu-page&quot;}\">aujourd\u2019hui disponible en promotion \u00e0 549 euros sur Boulanger<\/a> apr\u00e8s <a href=\"https:\/\/boulanger.scene7.com\/is\/content\/Boulanger\/2.B.com\/Commerce\/EMS\/ODR825MICT3.pdf\" data-type=\"link\" data-id=\"https:\/\/boulanger.scene7.com\/is\/content\/Boulanger\/2.B.com\/Commerce\/EMS\/ODR825MICT3.pdf\" target=\"_blank\" rel=\"noreferrer noopener nofollow\">le passage de l\u2019ODR<\/a>.<\/p>\n<p>L\u00e9ger, fluide\u2026 mais avec quelques compromis<\/p>\n<p>Le ch\u00e2ssis en aluminium affiche une belle sobri\u00e9t\u00e9, et son poids plume de 1,26 kg en fait une machine taill\u00e9e pour les vadrouilles dans le sac ou les journ\u00e9es en coworking.  Sous le ch\u00e2ssis, <a href=\"https:\/\/www.frandroid.com\/marques\/2460732_qualcomm-snapdragon-x-enfin-une-puce-pour-des-pc-arm-bon-marche\" target=\"_blank\" rel=\"noopener\">un Snapdragon X1-26-100<\/a>, 16 Go de RAM et 512 Go de SSD NVMe. Une config qui aime jongler : multit\u00e2che, Copilot+, surf intensif\u2026 Le tout dans un silence de cath\u00e9drale, avec une autonomie qui laisse les PC classiques \u00e0 la tra\u00eene.<\/p>\n<p>C\u00f4t\u00e9 audio, deux haut-parleurs seulement. Ce n\u2019est pas l\u2019enceinte du si\u00e8cle, mais suffisant pour <a href=\"https:\/\/www.frandroid.com\/services\/streaming-musical\/288776_streaming-musical-offre-choisir\" target=\"_blank\" rel=\"noopener\">quelques playlists lo-f<\/a>i ou <a href=\"https:\/\/www.frandroid.com\/culture-tech\/691740_quelle-est-la-meilleure-plateforme-de-streaming-entre-netflix-disney-ocs-mycanal-apple-tv-comparatif\" target=\"_blank\" rel=\"noopener\">une s\u00e9rie Netflix<\/a> avant de s\u2019endormir et sa charni\u00e8re 180\u00b0 Lie-Flat est un d\u00e9tail qu\u2019on appr\u00e9cie, surtout quand on partage l\u2019\u00e9cran \u00e0 deux. Le clavier r\u00e9tro\u00e9clair\u00e9 est agr\u00e9able \u00e0 utiliser, et la <a href=\"https:\/\/www.frandroid.com\/culture-tech\/intelligence-artificielle\/microsoft-copilot\" target=\"_blank\" rel=\"noopener\">touche Copilot facilite<\/a> la prise en main des outils d\u2019IA et les r\u00e9glages rapides.<\/p>\n<p>Mais attention \u00e0 l\u2019environnement applicatif, toutes les apps ne sont pas encore optimis\u00e9es pour ARM. Certaines devront passer <a href=\"https:\/\/www.frandroid.com\/marques\/microsoft\/712032_microsoft-veut-emuler-des-applications-x86-64-bit-sur-windows-arm\" target=\"_blank\" rel=\"noopener\">par l\u2019\u00e9mulation<\/a>, avec une consommation plus \u00e9lev\u00e9e et des performances en retrait. Il faudra aussi oublier le port jack (oui, encore lui) et le lecteur d\u2019empreinte.<\/p>\n<p>Un vrai go\u00fbt d\u2019avenir<\/p>\n<p>Avec ses 65 Wh, la batterie promet de longues heures sans stress, surtout en mode bureautique et navigation web. La charge se fait \u00e0 65 W via USB-C, et le combo ARM + Windows 11 Copilot+ est pens\u00e9 pour \u00e9conomiser l\u2019\u00e9nergie l\u00e0 o\u00f9 c\u2019est possible.<\/p>\n<p>Ce qui est int\u00e9ressant ici, c\u2019est la mont\u00e9e en puissance des fonctions IA natives de Windows : transcription automatique, r\u00e9sum\u00e9 de texte, traitement photo intelligent\u2026 et d\u2019autres fonctions qui arriveront avec les futures mises \u00e0 jour.<\/p>\n<p>On aurait aim\u00e9 une dalle OLED, ou un peu plus de r\u00e9pondant graphique pour les cr\u00e9as. Mais pour le prix, difficile de faire la fine bouche. L\u2019Aspire 14 IA est un bon outil pour les travailleurs mobiles.<\/p>\n<p>Afin de comparer le Acer Aspire 14 IA avec d\u2019autres produits de la m\u00eame cat\u00e9gorie, nous vous invitons d\u00e8s maintenant \u00e0 consulter <a href=\"https:\/\/www.frandroid.com\/guide-dachat\/638784_pc-portables-pas-cher-quels-sont-les-meilleurs-a-moins-de-500-euros\" target=\"_blank\" rel=\"noopener\">notre guide sur les meilleurs PC portables pas chers du moment<\/a>.<\/p>\n<p>Black Friday 2025 : pour ne rien rater des offres en avant-premi\u00e8re<\/p>\n<p>Le v\u00e9ritable Black Friday ne commencera que le 28 novembre prochain, mais les e-commer\u00e7ants ont d\u00e9j\u00e0 partag\u00e9 des offres en avance. Une aubaine si vous voulez anticiper vos achats de fin d\u2019ann\u00e9e. <\/p>\n<p>Si vous n\u2019avez pas trouv\u00e9 votre bonheur dans les s\u00e9lections pr\u00e9c\u00e9demment cit\u00e9es, voici ce qu\u2019il vous reste \u00e0 faire : <\/p>\n<ul class=\"wp-block-list\">\n<li>Suivez notre compte X\u00a0<a href=\"https:\/\/twitter.com\/FrandroidPromos\" target=\"_blank\" rel=\"noreferrer noopener\">@FrandroidPromos<\/a> uniquement d\u00e9di\u00e9 aux bons plans (pensez \u00e0 activer la cloche pour recevoir les notifications en temps r\u00e9el)<\/li>\n<li><a href=\"https:\/\/whatsapp.com\/channel\/0029VabYxm5LI8YhSlD8xc05\" target=\"_blank\" rel=\"noreferrer noopener\">Rejoignez notre canal WhatsApp<\/a> pour recevoir une fois par jour un condens\u00e9 des meilleures offres<\/li>\n<li>T\u00e9l\u00e9chargez notre <a href=\"https:\/\/www.frandroid.com\/telecharger\/apps\/frandroid\" target=\"_blank\" rel=\"noreferrer noopener\">application Frandroid<\/a> (disponible sur iOS et Android) pour activer les notifications de la cat\u00e9gorie \u00ab Bons Plans \u00bb et ainsi recevoir en temps r\u00e9el les nouveaux articles li\u00e9s aux Black Friday 2025<\/li>\n<li>Abonnez-vous \u00e0 notre newsletter pour \u00eatre s\u00fbr de recevoir les offres en avant-premi\u00e8re (pas plus d\u2019un mail par jour, d\u00e9sinscription en 1 clic, aucune diffusion \u00e0 des tiers) :<\/li>\n<\/ul>\n<p class=\"newsletter-form__title is-size-6 is-size-7-mobile is-uppercase has-text-good-deals has-text-weight-semibold mb-4 px-5\">Frandroid Bons plans<\/p>\n<p class=\"has-text-centered-tablet newsletter-form__subtitle is-size-4 has-text-weight-bold has-text-primary column is-9-tablet is-10-mobile\">\n                C\u2019est enregistr\u00e9 ! Surveillez votre bo\u00eete aux lettres, vous allez entendre parler de nous\u00a0!\n            <\/p>\n<p class=\"newsletter-form__subtitle is-size-4 has-text-weight-bold has-text-gradient-pink\">Ne manquez aucun bon plan avec notre newsletter<\/p>\n<p class=\"is-size-7\">\n                Les donn\u00e9es transmises par le biais de ce formulaire sont destin\u00e9es \u00e0 Humanoid,<br \/>\n                soci\u00e9t\u00e9 \u00e9ditrice du site Frandroid en sa qualit\u00e9 de responsable de traitement.<br \/>\n                Elles ne seront en aucun cas c\u00e9d\u00e9es \u00e0 des tiers. Ces donn\u00e9es sont trait\u00e9es sous r\u00e9serve d\u2019obtention de<br \/>\n                votre consentement pour vous envoyer par e-mail des actualit\u00e9s et informations relatives aux contenus<br \/>\n                \u00e9ditoriaux publi\u00e9s sur Frandroid. Vous pouvez vous opposer \u00e0 tout moment \u00e0 ces e-mails<br \/>\n                en cliquant sur les liens de d\u00e9sinscriptions pr\u00e9sents dans chacun d\u2019eux. Pour plus d\u2019informations, vous<br \/>\n                pouvez consulter l\u2019int\u00e9gralit\u00e9 de notre <a href=\"https:\/\/www.frandroid.com\/politique-donnees-personnelles\" target=\"_blank\" rel=\"noopener\"><br \/>\n                politique de traitement de vos donn\u00e9es personnelles<\/a>.<br \/>\n                Vous disposez d\u2019un droit d\u2019acc\u00e8s, de rectification, d\u2019effacement, de limitation, de portabilit\u00e9 et<br \/>\n                d\u2019opposition pour motif l\u00e9gitime aux donn\u00e9es personnelles vous concernant. Pour exercer l\u2019un de ces droits,<br \/>\n                merci d\u2019effectuer votre demande via notre <a href=\"https:\/\/www.frandroid.com\/contact\/#RGPD\" target=\"_blank\" rel=\"noopener\">formulaire<br \/>\n                de demandes d\u2019exercices de droits d\u00e9di\u00e9<\/a>.\n            <\/p>\n<p>            <script async src=\"https:\/\/platform.twitter.com\/widgets.js\" charset=\"utf-8\"><\/script><\/p>\n","protected":false},"excerpt":{"rendered":"L\u2019Acer Aspire 14 IA d\u00e9barque avec son processeur Snapdragon X et l\u2019\u00e9cosyst\u00e8me Copilot+. Un ultrabook taill\u00e9 pour le&hellip;\n","protected":false},"author":2,"featured_media":503322,"comment_status":"","ping_status":"","sticky":false,"template":"","format":"standard","meta":{"footnotes":""},"categories":[7],"tags":[62374,3042,1011,27,27068,43,40,41,39,42,44],"class_list":{"0":"post-503321","1":"post","2":"type-post","3":"status-publish","4":"format-standard","5":"has-post-thumbnail","7":"category-sciences-et-technologies","8":"tag-black-friday-2025","9":"tag-bons-plans-boulanger","10":"tag-fr","11":"tag-france","12":"tag-pc-portables-aux-meilleurs-prix","13":"tag-science","14":"tag-science-and-technology","15":"tag-sciences","16":"tag-sciences-et-technologies","17":"tag-technologies","18":"tag-technology"},"share_on_mastodon":{"url":"https:\/\/pubeurope.com\/@fr\/115471477238079367","error":""},"_links":{"self":[{"href":"https:\/\/www.europesays.com\/fr\/wp-json\/wp\/v2\/posts\/503321","targetHints":{"allow":["GET"]}}],"collection":[{"href":"https:\/\/www.europesays.com\/fr\/wp-json\/wp\/v2\/posts"}],"about":[{"href":"https:\/\/www.europesays.com\/fr\/wp-json\/wp\/v2\/types\/post"}],"author":[{"embeddable":true,"href":"https:\/\/www.europesays.com\/fr\/wp-json\/wp\/v2\/users\/2"}],"replies":[{"embeddable":true,"href":"https:\/\/www.europesays.com\/fr\/wp-json\/wp\/v2\/comments?post=503321"}],"version-history":[{"count":0,"href":"https:\/\/www.europesays.com\/fr\/wp-json\/wp\/v2\/posts\/503321\/revisions"}],"wp:featuredmedia":[{"embeddable":true,"href":"https:\/\/www.europesays.com\/fr\/wp-json\/wp\/v2\/media\/503322"}],"wp:attachment":[{"href":"https:\/\/www.europesays.com\/fr\/wp-json\/wp\/v2\/media?parent=503321"}],"wp:term":[{"taxonomy":"category","embeddable":true,"href":"https:\/\/www.europesays.com\/fr\/wp-json\/wp\/v2\/categories?post=503321"},{"taxonomy":"post_tag","embeddable":true,"href":"https:\/\/www.europesays.com\/fr\/wp-json\/wp\/v2\/tags?post=503321"}],"curies":[{"name":"wp","href":"https:\/\/api.w.org\/{rel}","templated":true}]}}