{"id":503323,"date":"2025-10-31T23:54:17","date_gmt":"2025-10-31T23:54:17","guid":{"rendered":"https:\/\/www.europesays.com\/fr\/503323\/"},"modified":"2025-10-31T23:54:17","modified_gmt":"2025-10-31T23:54:17","slug":"orange-accord-non-engageant-avec-lorca-pour-acquerir-masorange-31-10-2025-a-1847","status":"publish","type":"post","link":"https:\/\/www.europesays.com\/fr\/503323\/","title":{"rendered":"Orange-Accord non-engageant avec Lorca pour acqu\u00e9rir MasOrange &#8211; 31\/10\/2025 \u00e0 18:47"},"content":{"rendered":"<p>        <img decoding=\"async\" src=\"https:\/\/www.europesays.com\/fr\/wp-content\/uploads\/2025\/10\/345445587e8187f2e695c93048c0f019-760x523.jpg\" alt=\"Une femme passe devant le logo de l'op\u00e9rateur t\u00e9l\u00e9com fran\u00e7ais Orange au si\u00e8ge de l'entreprise \u00e0 Issy-les-Moulineaux pr\u00e8s de Paris\" loading=\"eager\" fetchpriority=\"high\" width=\"760\" height=\"523\" style=\"max-width: 100%!important; height: auto;\"\/><\/p>\n<p class=\"c-image-news__legend\">Une femme passe devant le logo de l&rsquo;op\u00e9rateur t\u00e9l\u00e9com fran\u00e7ais Orange au si\u00e8ge de l&rsquo;entreprise \u00e0 Issy-les-Moulineaux pr\u00e8s de Paris<\/p>\n<p>\n Orange a annonc\u00e9 vendredi avoir conclu un accord non-engageant avec Lorca pour acqu\u00e9rir leur participation de 50% dans MasOrange, pour un prix de 4,25 milliards d\u2019euros ennum\u00e9raire.\n<\/p>\n<p>\n Cet accord permettrait \u00e0 Orange d&rsquo;acqu\u00e9rir l\u2019int\u00e9gralit\u00e9 de MasOrange \u00e0 travers le rachat de leur part de 50% dans leur co-entreprise espagnole, selon un communiqu\u00e9 de l&rsquo;op\u00e9rateur fran\u00e7ais.\n<\/p>\n<p>\n La signature d&rsquo;un accord engageant est pr\u00e9vue avant la fin de l&rsquo;ann\u00e9e.\n<\/p>\n<p>\n La finalisation de l\u2019op\u00e9ration est quant \u00e0 elle pr\u00e9vue au premier semestre 2026.\n<\/p>\n<p>\n En juillet, l&rsquo;op\u00e9rateur fran\u00e7ais de t\u00e9l\u00e9communications avait propos\u00e9 d&rsquo;acheter les 50% qu&rsquo;il ne poss\u00e8de pas dans son unit\u00e9 espagnole MasOrange pour 4 milliards d&rsquo;euros.\n<\/p>\n<p>\n Mi-octobre, Orange avait d\u00e9menti une information de la presse espagnole selon laquelle l&rsquo;op\u00e9rateur fran\u00e7ais avait relev\u00e9 son offre de 20% \u00e0 4,8 milliards d&rsquo;euros pour acqu\u00e9rir le reste de MasOrange.\n<\/p>\n<p>\n (R\u00e9dig\u00e9 par Coralie Lamarque, \u00e9dit\u00e9 par Kate Entringer)<\/p>\n","protected":false},"excerpt":{"rendered":"Une femme passe devant le logo de l&rsquo;op\u00e9rateur t\u00e9l\u00e9com fran\u00e7ais Orange au si\u00e8ge de l&rsquo;entreprise \u00e0 Issy-les-Moulineaux pr\u00e8s&hellip;\n","protected":false},"author":2,"featured_media":503324,"comment_status":"","ping_status":"","sticky":false,"template":"","format":"standard","meta":{"footnotes":""},"categories":[6],"tags":[400,398,408,35,405,33,34,1011,27,403,402,399,404,401,406,407],"class_list":{"0":"post-503323","1":"post","2":"type-post","3":"status-publish","4":"format-standard","5":"has-post-thumbnail","7":"category-economie","8":"tag-action-cac-40","9":"tag-bourse-de-paris","10":"tag-boursorama","11":"tag-business","12":"tag-cotations","13":"tag-economie","14":"tag-economy","15":"tag-fr","16":"tag-france","17":"tag-indices-devises","18":"tag-investir","19":"tag-investissement","20":"tag-marche-boursier","21":"tag-sicav","22":"tag-trackers","23":"tag-warrants"},"share_on_mastodon":{"url":"https:\/\/pubeurope.com\/@fr\/115471480973492019","error":""},"_links":{"self":[{"href":"https:\/\/www.europesays.com\/fr\/wp-json\/wp\/v2\/posts\/503323","targetHints":{"allow":["GET"]}}],"collection":[{"href":"https:\/\/www.europesays.com\/fr\/wp-json\/wp\/v2\/posts"}],"about":[{"href":"https:\/\/www.europesays.com\/fr\/wp-json\/wp\/v2\/types\/post"}],"author":[{"embeddable":true,"href":"https:\/\/www.europesays.com\/fr\/wp-json\/wp\/v2\/users\/2"}],"replies":[{"embeddable":true,"href":"https:\/\/www.europesays.com\/fr\/wp-json\/wp\/v2\/comments?post=503323"}],"version-history":[{"count":0,"href":"https:\/\/www.europesays.com\/fr\/wp-json\/wp\/v2\/posts\/503323\/revisions"}],"wp:featuredmedia":[{"embeddable":true,"href":"https:\/\/www.europesays.com\/fr\/wp-json\/wp\/v2\/media\/503324"}],"wp:attachment":[{"href":"https:\/\/www.europesays.com\/fr\/wp-json\/wp\/v2\/media?parent=503323"}],"wp:term":[{"taxonomy":"category","embeddable":true,"href":"https:\/\/www.europesays.com\/fr\/wp-json\/wp\/v2\/categories?post=503323"},{"taxonomy":"post_tag","embeddable":true,"href":"https:\/\/www.europesays.com\/fr\/wp-json\/wp\/v2\/tags?post=503323"}],"curies":[{"name":"wp","href":"https:\/\/api.w.org\/{rel}","templated":true}]}}