{"id":503325,"date":"2025-10-31T23:55:18","date_gmt":"2025-10-31T23:55:18","guid":{"rendered":"https:\/\/www.europesays.com\/fr\/503325\/"},"modified":"2025-10-31T23:55:18","modified_gmt":"2025-10-31T23:55:18","slug":"donald-trump-affirme-ne-pas-envisager-de-frappes-contre-le-venezuela","status":"publish","type":"post","link":"https:\/\/www.europesays.com\/fr\/503325\/","title":{"rendered":"Donald Trump affirme ne pas envisager de frappes contre le Venezuela"},"content":{"rendered":"<p>\n    Le pr\u00e9sident am\u00e9ricain a ni\u00e9 tout projet militaire contre le pays, malgr\u00e9 le renforcement des forces am\u00e9ricaines dans la r\u00e9gion pour lutter contre le narcotrafic.<\/p>\n<p class=\"fig-paragraph\"><a href=\"http:\/\/www.lefigaro.fr\/international\/face-a-la-russie-et-a-la-chine-donald-trump-ordonne-la-reprise-des-essais-nucleaires-20251030\" data-fig-type=\"Article\" data-gtm-custom-categorie=\"navigation\" data-gtm-custom-action=\"crossclick\" data-gtm-custom-label=\"Contextuel\" data-gtm-event=\"customEventSPE\" data-fig-domain=\"LEFIGARO\" rel=\"nofollow noopener\" target=\"_blank\">Donald Trump<\/a>\u00a0a d\u00e9clar\u00e9 vendredi qu&rsquo;il n&rsquo;envisageait pas de frappes contre le\u00a0<a href=\"http:\/\/www.lefigaro.fr\/international\/donald-trump-accentue-la-pression-sur-le-regime-de-maduro-au-venezuela-20251026\" data-fig-type=\"Article\" data-gtm-custom-categorie=\"navigation\" data-gtm-custom-action=\"crossclick\" data-gtm-custom-label=\"Contextuel\" data-gtm-event=\"customEventSPE\" data-fig-domain=\"LEFIGARO\" rel=\"nofollow noopener\" target=\"_blank\">Venezuela<\/a>, malgr\u00e9 un renforcement militaire am\u00e9ricain important dans la r\u00e9gion au nom de la lutte contre le\u00a0<a href=\"http:\/\/www.lefigaro.fr\/international\/narcotrafic-presume-l-onu-demande-l-arret-des-frappes-americaines-et-denonce-des-executions-extrajudiciaires-20251031\" data-fig-type=\"NewsFlash\" data-gtm-custom-categorie=\"navigation\" data-gtm-custom-action=\"crossclick\" data-gtm-custom-label=\"Contextuel\" data-gtm-event=\"customEventSPE\" data-fig-domain=\"LEFIGARO\" rel=\"nofollow noopener\" target=\"_blank\">narcotrafic<\/a>. \u00abNon\u00bb, a r\u00e9pondu le chef d&rsquo;\u00c9tat am\u00e9ricain lorsqu&rsquo;un journaliste \u00e0 bord de l&rsquo;avion pr\u00e9sidentiel Air Force One lui a demand\u00e9 s&rsquo;il envisageait de telles frappes contre le Venezuela.<\/p>\n<p class=\"fig-paragraph\">Le pr\u00e9sident am\u00e9ricain, qui a reconnu avoir autoris\u00e9 des op\u00e9rations clandestines de la CIA sur le territoire v\u00e9n\u00e9zu\u00e9lien, a r\u00e9cemment \u00e9voqu\u00e9 de possibles frappes terrestres visant des cibles \u00abnarcoterroristes\u00bb. Les \u00c9tats-Unis proc\u00e8dent depuis d\u00e9but septembre \u00e0 des frappes a\u00e9riennes dans le Pacifique et surtout dans les Cara\u00efbes contre des bateaux qu\u2019ils pr\u00e9sentent comme appartenant \u00e0 des narcotrafiquants.<\/p>\n<p>                                    <a class=\"fig-a11y-skip a11y-hidden\" href=\"#fig-a11y-skip-main-inarticle\"><br \/>\n        Passer la publicit\u00e9<br \/>\n    <\/a><\/p>\n<p>Une cellule de la CIA d\u00e9mantel\u00e9e, affirme Caracas<\/p>\n<p class=\"fig-paragraph\">Au total, le gouvernement am\u00e9ricain a revendiqu\u00e9 15 attaques ces derni\u00e8res semaines, faisant selon lui 62 morts. Par ailleurs, les \u00c9tats-Unis ont d\u00e9ploy\u00e9 huit navires de guerre dans les Cara\u00efbes et des avions de chasse F-35 \u00e0 Porto Rico. Un porte-avions am\u00e9ricain, le plus gros au monde, est \u00e9galement en route pour la zone.<\/p>\n<p class=\"fig-paragraph\">Le dirigeant v\u00e9n\u00e9zu\u00e9lien Nicolas Maduro, que les \u00c9tats-Unis consid\u00e8rent comme ill\u00e9gitime, a accus\u00e9 Washington de prendre pr\u00e9texte du trafic de drogue \u00abpour imposer un changement de r\u00e9gime\u00bb \u00e0 Caracas et s\u2019emparer du p\u00e9trole v\u00e9n\u00e9zu\u00e9lien. Les autorit\u00e9s v\u00e9n\u00e9zu\u00e9liennes ont annonc\u00e9 avoir d\u00e9mantel\u00e9 une cellule de la CIA qui aurait eu comme objectif d\u2019attaquer un navire de guerre am\u00e9ricain dans la r\u00e9gion pour cr\u00e9er un incident en l\u2019attribuant au Venezuela.<\/p>\n","protected":false},"excerpt":{"rendered":"Le pr\u00e9sident am\u00e9ricain a ni\u00e9 tout projet militaire contre le pays, malgr\u00e9 le renforcement des forces am\u00e9ricaines dans&hellip;\n","protected":false},"author":2,"featured_media":503326,"comment_status":"","ping_status":"","sticky":false,"template":"","format":"standard","meta":{"footnotes":""},"categories":[5],"tags":[11,75,1011,27,14,12,337,28],"class_list":{"0":"post-503325","1":"post","2":"type-post","3":"status-publish","4":"format-standard","5":"has-post-thumbnail","7":"category-international","8":"tag-actualites","9":"tag-donald-trump","10":"tag-fr","11":"tag-france","12":"tag-international","13":"tag-news","14":"tag-venezuela","15":"tag-world"},"share_on_mastodon":{"url":"https:\/\/pubeurope.com\/@fr\/115471484776023015","error":""},"_links":{"self":[{"href":"https:\/\/www.europesays.com\/fr\/wp-json\/wp\/v2\/posts\/503325","targetHints":{"allow":["GET"]}}],"collection":[{"href":"https:\/\/www.europesays.com\/fr\/wp-json\/wp\/v2\/posts"}],"about":[{"href":"https:\/\/www.europesays.com\/fr\/wp-json\/wp\/v2\/types\/post"}],"author":[{"embeddable":true,"href":"https:\/\/www.europesays.com\/fr\/wp-json\/wp\/v2\/users\/2"}],"replies":[{"embeddable":true,"href":"https:\/\/www.europesays.com\/fr\/wp-json\/wp\/v2\/comments?post=503325"}],"version-history":[{"count":0,"href":"https:\/\/www.europesays.com\/fr\/wp-json\/wp\/v2\/posts\/503325\/revisions"}],"wp:featuredmedia":[{"embeddable":true,"href":"https:\/\/www.europesays.com\/fr\/wp-json\/wp\/v2\/media\/503326"}],"wp:attachment":[{"href":"https:\/\/www.europesays.com\/fr\/wp-json\/wp\/v2\/media?parent=503325"}],"wp:term":[{"taxonomy":"category","embeddable":true,"href":"https:\/\/www.europesays.com\/fr\/wp-json\/wp\/v2\/categories?post=503325"},{"taxonomy":"post_tag","embeddable":true,"href":"https:\/\/www.europesays.com\/fr\/wp-json\/wp\/v2\/tags?post=503325"}],"curies":[{"name":"wp","href":"https:\/\/api.w.org\/{rel}","templated":true}]}}