{"id":503327,"date":"2025-10-31T23:56:15","date_gmt":"2025-10-31T23:56:15","guid":{"rendered":"https:\/\/www.europesays.com\/fr\/503327\/"},"modified":"2025-10-31T23:56:15","modified_gmt":"2025-10-31T23:56:15","slug":"empecher-les-chats-daller-chez-le-voisin-cest-quasiment-impossible-la-condamnation-dun-chat-pose-question-liberation","status":"publish","type":"post","link":"https:\/\/www.europesays.com\/fr\/503327\/","title":{"rendered":"\u00abEmp\u00eacher les chats d\u2019aller chez le voisin, c\u2019est quasiment impossible\u00bb : la condamnation d\u2019un chat pose question &#8211; Lib\u00e9ration"},"content":{"rendered":"<ol>\n<li><a href=\"https:\/\/news.google.com\/rss\/articles\/CBMimwJBVV95cUxPclJQR0l0YmY1WWYyc2cwUkJ2bXRQeGRMRW9jUkRoMDhnVUVCSFlyVmExM3BJS193Tm5iVzA5cXlFdzdONDVrZmRPR3ZNZjBSTTBzNm1sTDRxdjRsU2xZeFpEX1FwR21EX01oMjJxcW9wcVVWbElqVGxNUDV3UzJIMXF3bkI1OS1FbERSVkdqa1dmWVhLb1B3MmNyeHd0QnhVZy0zZzdqVERBRmxZZG5uOFJ5NmlVVDlTVVVLeVBnbGE3VmdmTF9GWjZ4Y3NXSWJkRnNsVjFMWG5USVhxQXVnZUhYSVEtUmdIdzV0TVZDMml5OUZzUnZrZjZGa2tEUWdvaTdPaEp6dmdlZ1FwOTZpMnJQNU1Fdk9vQm1J?oc=5\" target=\"_blank\" rel=\"nofollow noopener\">\u00abEmp\u00eacher les chats d\u2019aller chez le voisin, c\u2019est quasiment impossible\u00bb : la condamnation d\u2019un chat pose question<\/a>&nbsp;&nbsp;Lib\u00e9ration<\/li>\n<li><a href=\"https:\/\/news.google.com\/rss\/articles\/CBMi-wFBVV95cUxOLXEybXlocU5SVFJlTDBrM0FnSXVDWDVZSTBUNGh3bXVoNko2cUoxWUZld19aRGsyYzZ6ZERfb0NhZ3ZSM0kyNFItMUx5VGZYLVNRdTh6Ymc5T2pNQW9OVHIwVXZaV2w1UXpRN3ZvajRiYm5majE1Sm5PNzRUYlJvWm44N09LNklEMjRSWnlDdl92S3pQYzhBcDNXQ3d4bS1yR3lrdHBfYnN5ZDJxTE1XMEtOTDdJNHZTMGZYX1ZNeVd4RHk2QmwxY3o4VEJyYTMyTjQ4ZjFsMVhDNE1IMlFYdDlVNjcycDI1aXJDazJ3blFwSGN4RVRwVXJQRQ?oc=5\" target=\"_blank\" rel=\"nofollow noopener\">La folle histoire de Dominique, condamn\u00e9e \u00e0 1250 euros d\u2019amende parce que son chat se rendait&#8230; chez le voisin<\/a>&nbsp;&nbsp;Le Parisien<\/li>\n<li><a href=\"https:\/\/news.google.com\/rss\/articles\/CBMi8gFBVV95cUxOMk9HeUxKdzA5OUc2eFlubUdpUVprakZ1Vks0Rzd6OVBkdVNQeldtZHFQMThhdFRZUGRaNENXX1lpdERjRy1YWk1aWkhRcUdqVkJpNmpxbDZ6b0xwRS1jY3JHcWZOWU1Wd1IyNlVTdGVFbVRIZ3dVOS1oZ3RPeHE0NjNTbHpwdWxtQXd3NS14QVJsbHE4MVZTcTNUcnhBNGVfN3ZRaVQxSHZPT0hUeWVsQlJGVDFjYmViUUFISEg1NzJKTWlzVEFyWXV6OWxuRG9WSkdjdy11M1c3d3FGZk40c25XNFlybThLTnROVVBpak1CZw?oc=5\" target=\"_blank\" rel=\"nofollow noopener\">La SPA craint que cette d\u00e9cision de justice ait un lourd impact sur l\u2019adoption et la libert\u00e9 des chats<\/a>&nbsp;&nbsp;Le HuffPost<\/li>\n<li><a href=\"https:\/\/news.google.com\/rss\/articles\/CBMitAFBVV95cUxNUXIyQk5NZEp1YnNOTzlHMzJSQkc4X01Xb0t0V0RnclhlcFRfWkFHNWNKTGxCbGN6NThpSngzZHFsa1o2d1hfNExhdUFlSVJZSGlaUFVta3pVajYxbHg1cTZod0hHeWxqajBrQldIZFVZSDdsVC1ZQTZBQTE5dHdZOVlJeXYyN2tHQ19fdXFIMnFJWTlwYWg4Nk5JY3I2RDdQamlQWGM3SG9KaHVhYVhhSG1wU1Q?oc=5\" target=\"_blank\" rel=\"nofollow noopener\">\u00c0 Agde, elle est de nouveau convoqu\u00e9e au tribunal \u00e0 cause de son chat<\/a>&nbsp;&nbsp;20 Minutes<\/li>\n<li><a href=\"https:\/\/news.google.com\/rss\/articles\/CBMimAFBVV95cUxPNGxKMnVrMVI3MXZZa0RtOUx6SHdVYkpzelE3c1ZWMlgzMnV3M1o2djQyZTVJVEVXRFNfWlBzcGxkUTAtRlFpLVMyLTFzR0ZZTURmMFVscWNJZm51dUY3UXZRV29WNm1qNG1mZ29pY3NPT2QzalhaeXZmeWRTTFJZLWlfMXBuTVFxYTJQTWdBckVEbmhDQ0tPOQ?oc=5\" target=\"_blank\" rel=\"nofollow noopener\">R\u00e9mi : le chat condamn\u00e9 par la justice &#8211; Journal de 20 heures | TF1<\/a>&nbsp;&nbsp;TF1+<\/li>\n<\/ol>\n","protected":false},"excerpt":{"rendered":"\u00abEmp\u00eacher les chats d\u2019aller chez le voisin, c\u2019est quasiment impossible\u00bb : la condamnation d\u2019un chat pose question&nbsp;&nbsp;Lib\u00e9ration La&hellip;\n","protected":false},"author":2,"featured_media":503328,"comment_status":"","ping_status":"","sticky":false,"template":"","format":"standard","meta":{"footnotes":""},"categories":[4],"tags":[11,18732,31758,3057,1011,27,1227,12,25],"class_list":{"0":"post-503327","1":"post","2":"type-post","3":"status-publish","4":"format-standard","5":"has-post-thumbnail","7":"category-france","8":"tag-actualites","9":"tag-animal","10":"tag-environment","11":"tag-essential","12":"tag-fr","13":"tag-france","14":"tag-horizontal","15":"tag-news","16":"tag-republique-francaise"},"share_on_mastodon":{"url":"https:\/\/pubeurope.com\/@fr\/115471488619994852","error":""},"_links":{"self":[{"href":"https:\/\/www.europesays.com\/fr\/wp-json\/wp\/v2\/posts\/503327","targetHints":{"allow":["GET"]}}],"collection":[{"href":"https:\/\/www.europesays.com\/fr\/wp-json\/wp\/v2\/posts"}],"about":[{"href":"https:\/\/www.europesays.com\/fr\/wp-json\/wp\/v2\/types\/post"}],"author":[{"embeddable":true,"href":"https:\/\/www.europesays.com\/fr\/wp-json\/wp\/v2\/users\/2"}],"replies":[{"embeddable":true,"href":"https:\/\/www.europesays.com\/fr\/wp-json\/wp\/v2\/comments?post=503327"}],"version-history":[{"count":0,"href":"https:\/\/www.europesays.com\/fr\/wp-json\/wp\/v2\/posts\/503327\/revisions"}],"wp:featuredmedia":[{"embeddable":true,"href":"https:\/\/www.europesays.com\/fr\/wp-json\/wp\/v2\/media\/503328"}],"wp:attachment":[{"href":"https:\/\/www.europesays.com\/fr\/wp-json\/wp\/v2\/media?parent=503327"}],"wp:term":[{"taxonomy":"category","embeddable":true,"href":"https:\/\/www.europesays.com\/fr\/wp-json\/wp\/v2\/categories?post=503327"},{"taxonomy":"post_tag","embeddable":true,"href":"https:\/\/www.europesays.com\/fr\/wp-json\/wp\/v2\/tags?post=503327"}],"curies":[{"name":"wp","href":"https:\/\/api.w.org\/{rel}","templated":true}]}}