{"id":503333,"date":"2025-10-31T23:59:17","date_gmt":"2025-10-31T23:59:17","guid":{"rendered":"https:\/\/www.europesays.com\/fr\/503333\/"},"modified":"2025-10-31T23:59:17","modified_gmt":"2025-10-31T23:59:17","slug":"football-national-3-lilian-deville-de-saint-etienne-au-stade-brestois-le-reve-continue","status":"publish","type":"post","link":"https:\/\/www.europesays.com\/fr\/503333\/","title":{"rendered":"Football. National 3\u00a0: Lilian Deville, de Saint-\u00c9tienne au Stade Brestois, le r\u00eave continue ."},"content":{"rendered":"<p>Quand on s\u2019\u00e9loigne \u00e0 1\u00a0000\u00a0kilom\u00e8tres de sa ville natale, c\u2019est souvent un m\u00e9lange complexe d\u2019\u00e9motions\u00a0: l\u2019excitation, la fiert\u00e9 et la joie. Surtout lorsqu\u2019on progresse dans sa passion favorite, comme le football. Mais il y a aussi l\u2019appr\u00e9hension de quitter sa famille et ses rep\u00e8res.<\/p>\n<p>Tout cela, Lilian Deville l\u2019a v\u00e9cu lorsqu\u2019il a quitt\u00e9 Saint-\u00c9tienne, sa r\u00e9gion natale, comme tant d\u2019autres jeunes espoirs r\u00eavant d\u2019atteindre le monde professionnel. Pourtant, cela n\u2019a en rien alt\u00e9r\u00e9 son bonheur d\u2019avoir rejoint le Stade Brestois, qui l\u2019avait sollicit\u00e9. <strong>\u00ab<\/strong>\u00a0<strong>Brest cherchait un arri\u00e8re lat\u00e9ral droit. Par l\u2019interm\u00e9diaire de mon conseiller, j\u2019ai \u00e9t\u00e9 contact\u00e9 et, apr\u00e8s un essai d\u2019une semaine concluant, j\u2019ai sign\u00e9 pour deux ans au d\u00e9but de la saison 2024-2025\u00a0\u00bb<\/strong> , raconte-t-il, apr\u00e8s avoir int\u00e9gr\u00e9 <a href=\"https:\/\/rennes.maville.com\/sport\/detail_-football-national-3-vire-tenu-en-echec-par-brest-_6-7026934_actu.Htm\" target=\"_self\" rel=\"noopener\">la r\u00e9serve brestoise \u00e9voluant en National 3.<\/a> <\/p>\n<p>De belles pages \u00e0 Andr\u00e9zieux-Bouth\u00e9on<\/p>\n<p>C\u2019est \u00e0 l\u2019AS Saint-\u00c9tienne qu\u2019il a chauss\u00e9 ses premiers crampons, d\u00e8s l\u2019\u00e2ge de six ans et jusqu\u2019en U13. Mais, au sein du club l\u00e9gendaire du football fran\u00e7ais, il n\u2019a pas r\u00e9ussi \u00e0 se faire une place. Une d\u00e9ception sur le moment, certes, mais avec le recul, Lilian Deville estime que cette exp\u00e9rience lui a \u00e9t\u00e9 b\u00e9n\u00e9fique, tant il a v\u00e9cu de beaux moments avec l\u2019Andr\u00e9zieux-Bouth\u00e9on FC, un club situ\u00e9 \u00e0 une dizaine de kilom\u00e8tres de Saint-\u00c9tienne, dont l\u2019\u00e9quipe premi\u00e8re \u00e9volue en National 2. <strong>\u00ab\u00a0Jouer \u00e0 Saint-Etienne a \u00e9t\u00e9 pour moi un tremplin plut\u00f4t qu\u2019une d\u00e9ception de n\u2019avoir pas \u00e9t\u00e9 gard\u00e9.\u00a0\u00bb<\/strong><\/p>\n<p>D\u2019autant qu\u2019Andr\u00e9zieux-Bouth\u00e9on FC poss\u00e8de \u00e9galement un solide vivier de jeunes joueurs, avec lequel Lilian Deville a \u00e9crit de belles pages de sa jeunesse footballistique\u00a0<strong>: \u00ab\u00a0Une victoire en Coupe de la Loire en U15, une mont\u00e9e en U17\u00a0National<\/strong> (saison 2022-2023)<strong>, un seizi\u00e8me de finale en Coupe Gambardella et une mont\u00e9e en U19\u00a0National<\/strong> (2023-2024)\u00a0<strong>\u00bb<\/strong>, \u00e9num\u00e8re le jeune d\u00e9fenseur.<\/p>\n<p><strong>Lire aussi\u00a0: <\/strong> <a href=\"https:\/\/brest.maville.com\/sport\/detail_-stade-brestois.-doumbia-trop-juste-labeau-lascary-de-retour-pour-l-ol-_6-7044610_actu.Htm\" target=\"_self\" rel=\"noopener\">Stade Brestois. Doumbia trop juste, Labeau-Lascary de retour pour l\u2019OL<\/a><\/p>\n<p>Issu d\u2019une famille o\u00f9 le football rythme les conversations, Lilian Deville marche dans les pas de son p\u00e8re, ancien footballeur, ainsi que de ses deux fr\u00e8res, tous les deux gardiens de but. L\u2019un d\u2019eux \u00e9volue actuellement comme joueur professionnel en Andorre. Un parcours qui inspire le jeune St\u00e9phanois, bien d\u00e9cid\u00e9 \u00e0 suivre le m\u00eame chemin.<\/p>\n<p><strong>\u00ab\u00a0Mon objectif est de faire du football mon m\u00e9tier\u00a0\u00bb<\/strong>, confie-t-il, avec d\u00e9termination. Et pour cela, Brest repr\u00e9sente bien plus qu\u2019une \u00e9tape\u00a0: c\u2019est un tremplin vers ses ambitions, un club o\u00f9 il esp\u00e8re poursuivre l\u2019aventure apr\u00e8s sa fin de son contrat en fin de saison, tout en \u00e9tant bien conscient que ce n\u2019est pas gagn\u00e9 d\u2019avance.<\/p>\n<p>\u00a0<\/p>\n","protected":false},"excerpt":{"rendered":"Quand on s\u2019\u00e9loigne \u00e0 1\u00a0000\u00a0kilom\u00e8tres de sa ville natale, c\u2019est souvent un m\u00e9lange complexe d\u2019\u00e9motions\u00a0: l\u2019excitation, la fiert\u00e9&hellip;\n","protected":false},"author":2,"featured_media":503334,"comment_status":"","ping_status":"","sticky":false,"template":"","format":"standard","meta":{"footnotes":""},"categories":[9653],"tags":[1111,11,1438,2430,3809,1465,1777,674,63,1011,27,1792,1922,12,25,479,4001,517,1470],"class_list":{"0":"post-503333","1":"post","2":"type-post","3":"status-publish","4":"format-standard","5":"has-post-thumbnail","7":"category-saint-etienne","8":"tag-actu","9":"tag-actualites","10":"tag-angers","11":"tag-auvergne-rhone-alpes","12":"tag-ball","13":"tag-basket","14":"tag-eu","15":"tag-europe","16":"tag-football","17":"tag-fr","18":"tag-france","19":"tag-handball","20":"tag-info","21":"tag-news","22":"tag-republique-francaise","23":"tag-rugby","24":"tag-saint-etienne","25":"tag-sport","26":"tag-volley"},"share_on_mastodon":{"url":"https:\/\/pubeurope.com\/@fr\/115471500352473659","error":""},"_links":{"self":[{"href":"https:\/\/www.europesays.com\/fr\/wp-json\/wp\/v2\/posts\/503333","targetHints":{"allow":["GET"]}}],"collection":[{"href":"https:\/\/www.europesays.com\/fr\/wp-json\/wp\/v2\/posts"}],"about":[{"href":"https:\/\/www.europesays.com\/fr\/wp-json\/wp\/v2\/types\/post"}],"author":[{"embeddable":true,"href":"https:\/\/www.europesays.com\/fr\/wp-json\/wp\/v2\/users\/2"}],"replies":[{"embeddable":true,"href":"https:\/\/www.europesays.com\/fr\/wp-json\/wp\/v2\/comments?post=503333"}],"version-history":[{"count":0,"href":"https:\/\/www.europesays.com\/fr\/wp-json\/wp\/v2\/posts\/503333\/revisions"}],"wp:featuredmedia":[{"embeddable":true,"href":"https:\/\/www.europesays.com\/fr\/wp-json\/wp\/v2\/media\/503334"}],"wp:attachment":[{"href":"https:\/\/www.europesays.com\/fr\/wp-json\/wp\/v2\/media?parent=503333"}],"wp:term":[{"taxonomy":"category","embeddable":true,"href":"https:\/\/www.europesays.com\/fr\/wp-json\/wp\/v2\/categories?post=503333"},{"taxonomy":"post_tag","embeddable":true,"href":"https:\/\/www.europesays.com\/fr\/wp-json\/wp\/v2\/tags?post=503333"}],"curies":[{"name":"wp","href":"https:\/\/api.w.org\/{rel}","templated":true}]}}