{"id":503337,"date":"2025-11-01T00:01:41","date_gmt":"2025-11-01T00:01:41","guid":{"rendered":"https:\/\/www.europesays.com\/fr\/503337\/"},"modified":"2025-11-01T00:01:41","modified_gmt":"2025-11-01T00:01:41","slug":"une-nuit-dhalloween-frissonnante-pres-de-nancy","status":"publish","type":"post","link":"https:\/\/www.europesays.com\/fr\/503337\/","title":{"rendered":"une nuit d&rsquo;Halloween frissonnante pr\u00e8s de Nancy"},"content":{"rendered":"<p>Le jardin botanique Jean-Marie Pelt s&rsquo;est transform\u00e9 pour une soir\u00e9e d&rsquo;Halloween inoubliable sous le th\u00e8me \u00ab\u00a0Halloween sous les cocotiers\u00a0\u00bb. Les visiteurs, petits et grands, ont pu d\u00e9crouvrir un parcours ext\u00e9rieurs avec des spectacles envo\u00fbtants avec des \u00e9chassiers de l&rsquo;association Balle et Arts ou encore des cracheurs de feu de Light of Fire. L&rsquo;ambiance \u00e9tait \u00e9lectrique gr\u00e2ce aux concerts des Screaming Pumpkins et de DJ Louak.\u00a0<\/p>\n","protected":false},"excerpt":{"rendered":"Le jardin botanique Jean-Marie Pelt s&rsquo;est transform\u00e9 pour une soir\u00e9e d&rsquo;Halloween inoubliable sous le th\u00e8me \u00ab\u00a0Halloween sous les&hellip;\n","protected":false},"author":2,"featured_media":503338,"comment_status":"","ping_status":"","sticky":false,"template":"","format":"standard","meta":{"footnotes":""},"categories":[9635],"tags":[1111,11,1704,1777,674,1011,27,2798,775,1702,12,25,273,104,10261],"class_list":{"0":"post-503337","1":"post","2":"type-post","3":"status-publish","4":"format-standard","5":"has-post-thumbnail","7":"category-nancy","8":"tag-actu","9":"tag-actualites","10":"tag-edition-nancy-et-agglomeration","11":"tag-eu","12":"tag-europe","13":"tag-fr","14":"tag-france","15":"tag-galerie-photo","16":"tag-grand-est","17":"tag-nancy","18":"tag-news","19":"tag-republique-francaise","20":"tag-selection-de-la-redaction","21":"tag-societe","22":"tag-villers-les-nancy"},"share_on_mastodon":{"url":"https:\/\/pubeurope.com\/@fr\/115471507973022424","error":""},"_links":{"self":[{"href":"https:\/\/www.europesays.com\/fr\/wp-json\/wp\/v2\/posts\/503337","targetHints":{"allow":["GET"]}}],"collection":[{"href":"https:\/\/www.europesays.com\/fr\/wp-json\/wp\/v2\/posts"}],"about":[{"href":"https:\/\/www.europesays.com\/fr\/wp-json\/wp\/v2\/types\/post"}],"author":[{"embeddable":true,"href":"https:\/\/www.europesays.com\/fr\/wp-json\/wp\/v2\/users\/2"}],"replies":[{"embeddable":true,"href":"https:\/\/www.europesays.com\/fr\/wp-json\/wp\/v2\/comments?post=503337"}],"version-history":[{"count":0,"href":"https:\/\/www.europesays.com\/fr\/wp-json\/wp\/v2\/posts\/503337\/revisions"}],"wp:featuredmedia":[{"embeddable":true,"href":"https:\/\/www.europesays.com\/fr\/wp-json\/wp\/v2\/media\/503338"}],"wp:attachment":[{"href":"https:\/\/www.europesays.com\/fr\/wp-json\/wp\/v2\/media?parent=503337"}],"wp:term":[{"taxonomy":"category","embeddable":true,"href":"https:\/\/www.europesays.com\/fr\/wp-json\/wp\/v2\/categories?post=503337"},{"taxonomy":"post_tag","embeddable":true,"href":"https:\/\/www.europesays.com\/fr\/wp-json\/wp\/v2\/tags?post=503337"}],"curies":[{"name":"wp","href":"https:\/\/api.w.org\/{rel}","templated":true}]}}