{"id":503351,"date":"2025-11-01T00:10:23","date_gmt":"2025-11-01T00:10:23","guid":{"rendered":"https:\/\/www.europesays.com\/fr\/503351\/"},"modified":"2025-11-01T00:10:23","modified_gmt":"2025-11-01T00:10:23","slug":"il-est-accuse-de-conseiller-illegalement-les-demandeurs-demploi-en-bretagne-france-travail-devrait-me-remercier","status":"publish","type":"post","link":"https:\/\/www.europesays.com\/fr\/503351\/","title":{"rendered":"Il est accus\u00e9 de conseiller ill\u00e9galement les demandeurs d\u2019emploi en Bretagne\u00a0: \u00ab\u00a0France Travail devrait me remercier\u00a0\u00bb"},"content":{"rendered":"<p>Le m\u00e9tier de conseiller France Travail doit-il \u00eatre consid\u00e9r\u00e9 comme de la consultation juridique ? Yann Gaudin, ancien conseiller P\u00f4le emploi, a tent\u00e9 de convaincre du contraire le tribunal de commerce de Rennes, le 14 octobre. Ce n\u2019est pas la premi\u00e8re fois que l\u2019homme a maille \u00e0 partir avec son ex-employeur. En 2020, <a href=\"https:\/\/www.letelegramme.fr\/bretagne\/toutes-les-infos\/yann-gaudin-l-ex-conseiller-qui-irritait-pole-emploi-158363.php\" target=\"_blank\" rel=\"noopener\">il avait \u00e9t\u00e9 licenci\u00e9 apr\u00e8s avoir d\u00e9nonc\u00e9 des fraudes aux prestations sociales<\/a> et outrepass\u00e9 ses comp\u00e9tences en aidant des intermittents du spectacle.<\/p>\n<p>Le Rennais a ensuite cr\u00e9\u00e9 son entreprise, La Bonne \u00c9toile, pour poursuivre son travail d\u2019accompagnement aupr\u00e8s des demandeurs d\u2019emploi, qu\u2019il exerce depuis 20 ans. Mais en 2023, P\u00f4le emploi, devenu France Travail, \u00ab a envoy\u00e9 une lettre de d\u00e9nonciation au Conseil de l\u2019Ordre des avocats de Rennes pour dire que j\u2019exerce ill\u00e9galement le m\u00e9tier d\u2019avocat \u00bb, d\u00e9nonce-t-il.<\/p>\n<p>\u00ab Pas de monopole \u00bb<\/p>\n<p>Contact\u00e9, France Travail confirme que ses avocats sont \u00e0 l\u2019origine de la d\u00e9marche. \u00ab Ils ont pr\u00e9venu les barreaux des Hauts-de-Seine et de Rennes. Ces derniers ont d\u00e9pos\u00e9 plainte aupr\u00e8s du procureur de la R\u00e9publique \u00bb\ufeff. Aux yeux du Conseil de l\u2019ordre, la soci\u00e9t\u00e9 de Yann Gaudin d\u00e9livre en effet des consultations juridiques, fond\u00e9es sur des points de droit, contre r\u00e9mun\u00e9ration. Or, cette activit\u00e9 est strictement r\u00e9glement\u00e9e, selon l\u2019organisme, qui met en avant la jurisprudence en la mati\u00e8re.<\/p>\n<blockquote><p>Ce qui veut dire que tous les conseillers, de toutes les caisses sociales, sont dans l\u2019exercice ill\u00e9gal du m\u00e9tier d\u2019avocat<\/p><\/blockquote>\n<p>De son c\u00f4t\u00e9, Yann Gaudin s\u2019interroge et se d\u00e9fend. \u00ab Il n\u2019y a pas de texte qui donne le monopole \u00e0 France Travail de l\u2019accompagnement de ses usagers. Les conseillers ont une fiche de poste tr\u00e8s d\u00e9taill\u00e9e, avec toutes les t\u00e2ches. Et mon activit\u00e9 correspond exactement \u00e0 toutes ces t\u00e2ches-l\u00e0. \u00bb Avec son entreprise, Yann Gaudin accompagne jusqu\u2019\u00e0 \u00ab 800 personnes chaque ann\u00e9e \u00bb. \u00ab France Travail devrait me remercier d\u2019abord de prendre en charge une partie de son travail. \u00bb<\/p>\n<p>L\u2019arr\u00eat de son activit\u00e9 ?<\/p>\n<p>Quant aux accusations port\u00e9es devant le tribunal, il confie les trouver \u00ab tr\u00e8s \u00e9tranges \u00bb. \u00ab Cela veut dire que tous les conseillers, de toutes les caisses sociales, sont dans l\u2019exercice ill\u00e9gal du m\u00e9tier d\u2019avocat \u00bb. En novembre 2024, le domicile de Yann Gaudin a \u00e9t\u00e9 perquisitionn\u00e9 suite \u00e0 la plainte d\u00e9pos\u00e9e. \u00ab L\u2019huissier a pr\u00e9lev\u00e9 des fichiers informatiques dans mon ordinateur. Il a constat\u00e9 qu\u2019il n\u2019y avait rien par rapport au mot-cl\u00e9 consultation juridique \u00bb.<\/p>\n<p>Le Conseil de l\u2019ordre obtiendra-t-il gain de cause ? Il demande au tribunal de commerce d\u2019ordonner \u00e0 la soci\u00e9t\u00e9 La Bonne \u00c9toile de cesser son activit\u00e9 et de r\u00e9gler la somme de 10 000 \u20ac, au titre du pr\u00e9judice subi. La d\u00e9cision a \u00e9t\u00e9 mise en d\u00e9lib\u00e9r\u00e9, apr\u00e8s l\u2019audience de la mi-octobre. Yann Gaudin sera fix\u00e9 sur son sort le 27 novembre prochain.<\/p>\n","protected":false},"excerpt":{"rendered":"Le m\u00e9tier de conseiller France Travail doit-il \u00eatre consid\u00e9r\u00e9 comme de la consultation juridique ? Yann Gaudin, ancien&hellip;\n","protected":false},"author":2,"featured_media":503352,"comment_status":"","ping_status":"","sticky":false,"template":"","format":"standard","meta":{"footnotes":""},"categories":[2821],"tags":[1111,11,829,765,1777,674,1011,27,530,848,303,12,584,25],"class_list":{"0":"post-503351","1":"post","2":"type-post","3":"status-publish","4":"format-standard","5":"has-post-thumbnail","7":"category-rennes","8":"tag-actu","9":"tag-actualites","10":"tag-bretagne","11":"tag-en-continu","12":"tag-eu","13":"tag-europe","14":"tag-fr","15":"tag-france","16":"tag-france-travail","17":"tag-ille-et-vilaine","18":"tag-justice","19":"tag-news","20":"tag-rennes","21":"tag-republique-francaise"},"share_on_mastodon":{"url":"https:\/\/pubeurope.com\/@fr\/115471543439208431","error":""},"_links":{"self":[{"href":"https:\/\/www.europesays.com\/fr\/wp-json\/wp\/v2\/posts\/503351","targetHints":{"allow":["GET"]}}],"collection":[{"href":"https:\/\/www.europesays.com\/fr\/wp-json\/wp\/v2\/posts"}],"about":[{"href":"https:\/\/www.europesays.com\/fr\/wp-json\/wp\/v2\/types\/post"}],"author":[{"embeddable":true,"href":"https:\/\/www.europesays.com\/fr\/wp-json\/wp\/v2\/users\/2"}],"replies":[{"embeddable":true,"href":"https:\/\/www.europesays.com\/fr\/wp-json\/wp\/v2\/comments?post=503351"}],"version-history":[{"count":0,"href":"https:\/\/www.europesays.com\/fr\/wp-json\/wp\/v2\/posts\/503351\/revisions"}],"wp:featuredmedia":[{"embeddable":true,"href":"https:\/\/www.europesays.com\/fr\/wp-json\/wp\/v2\/media\/503352"}],"wp:attachment":[{"href":"https:\/\/www.europesays.com\/fr\/wp-json\/wp\/v2\/media?parent=503351"}],"wp:term":[{"taxonomy":"category","embeddable":true,"href":"https:\/\/www.europesays.com\/fr\/wp-json\/wp\/v2\/categories?post=503351"},{"taxonomy":"post_tag","embeddable":true,"href":"https:\/\/www.europesays.com\/fr\/wp-json\/wp\/v2\/tags?post=503351"}],"curies":[{"name":"wp","href":"https:\/\/api.w.org\/{rel}","templated":true}]}}