{"id":503363,"date":"2025-11-01T00:16:38","date_gmt":"2025-11-01T00:16:38","guid":{"rendered":"https:\/\/www.europesays.com\/fr\/503363\/"},"modified":"2025-11-01T00:16:38","modified_gmt":"2025-11-01T00:16:38","slug":"orvault-du-theatre-avec-la-troupe-orvaudeville","status":"publish","type":"post","link":"https:\/\/www.europesays.com\/fr\/503363\/","title":{"rendered":"Orvault. Du th\u00e9\u00e2tre avec la troupe Or\u2019vaudeville"},"content":{"rendered":"<p>La troupe Orv\u2019audeville de l\u2019association Caliop joue cette ann\u00e9e Anniversaire explosif, une pi\u00e8ce de Michel Le Dall mise en sc\u00e8ne par Pascal Maillard, \u00e0 partir du 8\u00a0novembre au th\u00e9\u00e2tre de la Gobini\u00e8re 37, avenue de La Ferri\u00e8re \u00e0 Orvault.<\/p>\n<p>\u00ab\u00a0Une troupe de th\u00e9\u00e2tre f\u00eate ses dix ans. Le sujet de la pi\u00e8ce est simple\u00a0: un homme d\u00e9teste sa belle-m\u00e8re et place une bombe sous son fauteuil. Un spectateur confondant fiction et r\u00e9alit\u00e9 appelle les gendarmes. S\u2019en suit une incompr\u00e9hension et une confusion totales.\u00a0\u00bb<\/p>\n<p>Les s\u00e9ances auront lieu au th\u00e9\u00e2tre de la Gobini\u00e8re\u00a0: samedi 8\u00a0novembre 20\u00a0h\u00a030, dimanche\u00a09 \u00e0 15\u00a0heures, lundi\u00a010 \u00e0 20\u00a0h\u00a030. Vendredi\u00a028 \u00e0 20\u00a0h\u00a030, samedi\u00a029 \u00e0 20\u00a0h\u00a030 et dimanche\u00a030\u00a0\u00e0 15\u00a0heures.<\/p>\n<p>Entr\u00e9e 10\u00a0\u20ac, gratuit moins de 12\u00a0ans. Cette ann\u00e9e en tant qu\u2019adh\u00e9rents de Caliop, vous b\u00e9n\u00e9ficiez d\u2019un tarif pr\u00e9f\u00e9rentiel de 8\u00a0\u20ac. R\u00e9servations \u00e0 partir d\u2019octobre HelloAsso \/ 06\u00a042\u00a097\u00a039\u00a060 \/ caliop.orvault@gmail.com<\/p>\n<p>\u00a0<\/p>\n","protected":false},"excerpt":{"rendered":"La troupe Orv\u2019audeville de l\u2019association Caliop joue cette ann\u00e9e Anniversaire explosif, une pi\u00e8ce de Michel Le Dall mise&hellip;\n","protected":false},"author":2,"featured_media":503364,"comment_status":"","ping_status":"","sticky":false,"template":"","format":"standard","meta":{"footnotes":""},"categories":[2818],"tags":[1111,11,1777,674,1011,27,766,12,4151,2636,25,3272,1347,17583,62535],"class_list":{"0":"post-503363","1":"post","2":"type-post","3":"status-publish","4":"format-standard","5":"has-post-thumbnail","7":"category-nantes","8":"tag-actu","9":"tag-actualites","10":"tag-eu","11":"tag-europe","12":"tag-fr","13":"tag-france","14":"tag-nantes","15":"tag-news","16":"tag-orvault","17":"tag-pays-de-la-loire","18":"tag-republique-francaise","19":"tag-saint-nazaire","20":"tag-theatre","21":"tag-troupe","22":"tag-vaudeville"},"share_on_mastodon":{"url":"https:\/\/pubeurope.com\/@fr\/115471567096496505","error":""},"_links":{"self":[{"href":"https:\/\/www.europesays.com\/fr\/wp-json\/wp\/v2\/posts\/503363","targetHints":{"allow":["GET"]}}],"collection":[{"href":"https:\/\/www.europesays.com\/fr\/wp-json\/wp\/v2\/posts"}],"about":[{"href":"https:\/\/www.europesays.com\/fr\/wp-json\/wp\/v2\/types\/post"}],"author":[{"embeddable":true,"href":"https:\/\/www.europesays.com\/fr\/wp-json\/wp\/v2\/users\/2"}],"replies":[{"embeddable":true,"href":"https:\/\/www.europesays.com\/fr\/wp-json\/wp\/v2\/comments?post=503363"}],"version-history":[{"count":0,"href":"https:\/\/www.europesays.com\/fr\/wp-json\/wp\/v2\/posts\/503363\/revisions"}],"wp:featuredmedia":[{"embeddable":true,"href":"https:\/\/www.europesays.com\/fr\/wp-json\/wp\/v2\/media\/503364"}],"wp:attachment":[{"href":"https:\/\/www.europesays.com\/fr\/wp-json\/wp\/v2\/media?parent=503363"}],"wp:term":[{"taxonomy":"category","embeddable":true,"href":"https:\/\/www.europesays.com\/fr\/wp-json\/wp\/v2\/categories?post=503363"},{"taxonomy":"post_tag","embeddable":true,"href":"https:\/\/www.europesays.com\/fr\/wp-json\/wp\/v2\/tags?post=503363"}],"curies":[{"name":"wp","href":"https:\/\/api.w.org\/{rel}","templated":true}]}}