{"id":503365,"date":"2025-11-01T00:17:45","date_gmt":"2025-11-01T00:17:45","guid":{"rendered":"https:\/\/www.europesays.com\/fr\/503365\/"},"modified":"2025-11-01T00:17:45","modified_gmt":"2025-11-01T00:17:45","slug":"ligue-1-face-au-fc-nantes-le-fc-metz-espere-remettre-le-couvert","status":"publish","type":"post","link":"https:\/\/www.europesays.com\/fr\/503365\/","title":{"rendered":"Ligue 1. Face au FC Nantes, le FC Metz esp\u00e8re remettre le couvert"},"content":{"rendered":"<p>\t\t\t\t\t569<\/p>\n<p><strong>Apr\u00e8s la victoire face \u00e0 Lens, c\u2019est sur la pelouse du FC Nantes que le FC Metz va devoir se transcender pour enchainer et valider cette renaissance tant attendue. St\u00e9phane Le Mignan s\u2019est pr\u00e9sent\u00e9 \u00e0 la presse avant le choc de la onzi\u00e8me journ\u00e9e de Ligue 1 chez les Canaris.<\/strong><\/p>\n<p>Les sourires et le soulagement de mercredi soir, apr\u00e8s <a href=\"https:\/\/letsgometz.com\/ligue-1-fc-metz-2-0-rc-lens-le-reveil-de-la-force-podcast\/\" target=\"_blank\" rel=\"noreferrer noopener\">la belle victoire des Grenats face \u00e0 Lens<\/a>, ont laiss\u00e9 place au pragmatisme et \u00e0 la concentration du c\u00f4t\u00e9 du camp d\u2019entrainement de Frescaty. Si le premier succ\u00e8s de la saison s\u2019est fait attendre, il ne sera qu\u2019anecdotique, si par malheur les hommes de <strong>St\u00e9phane Le Mignan<\/strong> ne le convertissent pas du c\u00f4t\u00e9 des rives de la Loire. Mais au del\u00e0 du r\u00e9sultat face au <strong>FC Nantes<\/strong> ce dimanche, c\u2019est avant tout un comportement au moins \u00e9quivalent \u00e0 celui de mercredi qui est attendu des joueurs du <strong>FC Metz<\/strong>.<\/p>\n<p>Le coach grenat, qui a obtenu un sursis l\u00e9gitime apr\u00e8s le succ\u00e8s des siens face aux Sang et Or, s\u2019en remet d\u00e9sormais \u00e0 la force mentale de ses joueurs pour r\u00e9it\u00e9rer le m\u00eame genre de prestation : \u00ab On n\u2019a pas savour\u00e9 tr\u00e8s longtemps car il faut vite repartir sur la concentration et la pr\u00e9paration d\u2019un autre match. Mais on ne veut pas se plaindre, nous \u00e9tions tr\u00e8s contents de rejouer rapidement, m\u00eame s\u2019il restait des interrogations sur notre prestation de dimanche dernier \u00e0 Lille. On esp\u00e8re que l\u2019\u00e9quipe sera \u00e0 nouveau dans de bonnes dispositions, sans \u00eatre trop euphorique par rapport au match de Lens, car l\u2019adversaire n\u2019est pas le m\u00eame. On aimerait revoir les bonnes choses que l\u2019on a vues mercredi m\u00eame si le contexte \u00e0 l\u2019ext\u00e9rieur sera diff\u00e9rent. \u00bb.<\/p>\n<p>St\u00e9phane Le Mignan : \u00ab Ce qu\u2019on a propos\u00e9 \u00e9tait tr\u00e8s coh\u00e9rent \u00bb<\/p>\n<p><img fetchpriority=\"high\" decoding=\"async\" width=\"1200\" height=\"800\" src=\"https:\/\/www.europesays.com\/fr\/wp-content\/uploads\/2025\/11\/573313214_1272584484908029_6587193129086222893_n-1200x800.jpg\" alt=\"\" class=\"wp-image-109423\"  \/><\/p>\n<p>Que cette \u00e9quipe avait du ballon, cela ne faisait aucun doute au regard de la saison pass\u00e9e. Mais c\u2019est au niveau de la g\u00e9n\u00e9rosit\u00e9 que le FC Metz a su \u00e9lever son curseur face \u00e0 Lens. Et ce n\u2019est qu\u2019en alliant ces deux aspects du jeu que les hommes de St\u00e9phane Le Mignan trouveront leur salut dans ce championnat de Ligue 1 : \u00ab Au del\u00e0 du r\u00e9sultat, il fallait beaucoup de g\u00e9n\u00e9rosit\u00e9 par rapport \u00e0 la situation et par rapport \u00e0 ce qu\u2019on avait vu notamment \u00e0 Lille et \u00e0 Toulouse. Mais en revoyant le match une deuxi\u00e8me fois, on voit qu\u2019il y a eu aussi de bonnes choses au niveau technique. Alors peut-\u00eatre que Lens n\u2019\u00e9tait pas dans un grand soir, mais ce que l\u2019on a propos\u00e9 \u00e9tait tr\u00e8s coh\u00e9rent \u00bb.<\/p>\n<p>Attaquer et d\u00e9fendre ensemble, ne serait-ce pas l\u00e0 le secret de la r\u00e9ussite qui avait manqu\u00e9 jusqu\u2019ici ? Alors que le FC Metz venait d\u2019encaisser la bagatelle de treize buts lors des trois derni\u00e8res rencontres, la r\u00e9ception de Lens a permis de retrouver une solidit\u00e9 d\u00e9fensive salvatrice, comme l\u2019explique St\u00e9phane Le Mignan : \u00ab Les attaquants ont fait un \u00e9norme travail d\u00e9fensif. Nous \u00e9tions en d\u00e9ficit dans ce secteur et ces joueurs ont donn\u00e9 un coup de main pour mieux d\u00e9fendre face \u00e0 une \u00e9quipe qui a un fort potentiel offensif. Cette victoire est un soulagement. Est-ce que cela va tout renverser et allons-nous r\u00e9ussir \u00e0 encha\u00eener un deuxi\u00e8me bon r\u00e9sultat ? Je l\u2019esp\u00e8re. Les rentrants ont aussi \u00e9t\u00e9 d\u00e9terminants, tout le groupe s\u2019est mis au diapason dans une situation difficile face \u00e0 un adversaire en pleine confiance \u00bb.<\/p>\n<p>Une p\u00e9riode instable au niveau de l\u2019effectif<\/p>\n<p><img loading=\"lazy\" decoding=\"async\" width=\"1200\" height=\"800\" src=\"https:\/\/www.europesays.com\/fr\/wp-content\/uploads\/2025\/11\/574013408_1272583954908082_1836776123515147237_n-1200x800.jpg\" alt=\"\" class=\"wp-image-109425\"  \/><\/p>\n<p>Maintenant que les ingr\u00e9dients sont bien d\u00e9finis, les Grenats savent \u00e0 quoi s\u2019en tenir s\u2019ils veulent continuer \u00e0 survivre en Ligue 1. La victoire de mercredi face \u00e0 Lens ne doit pas \u00eatre un heureux hasard. En ce sens, le d\u00e9placement \u00e0 Nantes arrive \u00e0 point nommer pour bonifier ce premier succ\u00e8s. Encore faut-il que les Messins maintiennent le curseur au m\u00eame niveau d\u2019exigence face aux hommes de <strong>Luis Castro<\/strong> : \u00ab \u00c0 nous d\u2019\u00e9lever notre niveau sur chaque match car quel que soit l\u2019adversaire, si on a un comportement identique \u00e0 celui face \u00e0 Toulouse et Lille, on aura tr\u00e8s peu d\u2019espoir de prendre des points. Nantes est une \u00e9quipe qui marque des buts. On conna\u00eet bien l\u2019entra\u00eeneur et son staff, on sait que ses \u00e9quipes sont souvent redoutables \u00e0 jouer \u00bb, reconna\u00eet St\u00e9phane Le Mignan.<\/p>\n<p>Les retours de <strong>Benjamin Stambouli <\/strong>et <strong>Boubacar Traor\u00e9<\/strong> arriveront peut-\u00eatre \u00e0 pallier l\u2019absence de <strong>Gauthier Hein<\/strong>, suspendu pour avoir \u00f4t\u00e9 son maillot apr\u00e8s son doubl\u00e9. Mais l\u2019effectif grenat traverse actuellement une zone de turbulence dont St\u00e9phane Le Mignan se serait bien pass\u00e9 : \u00ab C\u2019est une p\u00e9riode un peu instable au niveau de l\u2019effectif, ce sont les al\u00e9as. En ligue 1, il y a plus de contraintes. Les sanctions disciplinaires ne d\u00e9pendent que de nous et malheureusement on sera priv\u00e9 de joueurs ce weekend. C\u2019est le troisi\u00e8me match en sept jours, et le plus d\u00e9licat \u00e0 aborder au niveau athl\u00e9tique. Le risque de blessures est plus important, il faut bien contr\u00f4ler \u00e7a avec le staff m\u00e9dical \u00bb. <strong>Sadibou San\u00e9<\/strong>, <strong>Michel Mboula<\/strong>, <strong>Pape Sy<\/strong>, <strong>Fod\u00e9 Ballo-Tour\u00e9 <\/strong>et <strong>Malick Mbaye<\/strong> manquent toujours \u00e0 l\u2019appel.<\/p>\n<p><strong>FC Nantes \u2013 FC Metz, coup d\u2019envoi \u00e0 17h15 ce dimanche au stade de la Beaujoire.<\/strong><\/p>\n<p><strong>Cr\u00e9dit photos<\/strong> : Mikael Frank\/Let\u2019s Go Metz<\/p>\n","protected":false},"excerpt":{"rendered":"569 Apr\u00e8s la victoire face \u00e0 Lens, c\u2019est sur la pelouse du FC Nantes que le FC Metz&hellip;\n","protected":false},"author":2,"featured_media":503366,"comment_status":"","ping_status":"","sticky":false,"template":"","format":"standard","meta":{"footnotes":""},"categories":[2818],"tags":[1111,11,1777,674,8113,462,1011,27,66,6212,766,12,2636,25],"class_list":{"0":"post-503365","1":"post","2":"type-post","3":"status-publish","4":"format-standard","5":"has-post-thumbnail","7":"category-nantes","8":"tag-actu","9":"tag-actualites","10":"tag-eu","11":"tag-europe","12":"tag-fc-metz","13":"tag-fc-nantes","14":"tag-fr","15":"tag-france","16":"tag-ligue-1","17":"tag-metz","18":"tag-nantes","19":"tag-news","20":"tag-pays-de-la-loire","21":"tag-republique-francaise"},"share_on_mastodon":{"url":"https:\/\/pubeurope.com\/@fr\/115471571789704090","error":""},"_links":{"self":[{"href":"https:\/\/www.europesays.com\/fr\/wp-json\/wp\/v2\/posts\/503365","targetHints":{"allow":["GET"]}}],"collection":[{"href":"https:\/\/www.europesays.com\/fr\/wp-json\/wp\/v2\/posts"}],"about":[{"href":"https:\/\/www.europesays.com\/fr\/wp-json\/wp\/v2\/types\/post"}],"author":[{"embeddable":true,"href":"https:\/\/www.europesays.com\/fr\/wp-json\/wp\/v2\/users\/2"}],"replies":[{"embeddable":true,"href":"https:\/\/www.europesays.com\/fr\/wp-json\/wp\/v2\/comments?post=503365"}],"version-history":[{"count":0,"href":"https:\/\/www.europesays.com\/fr\/wp-json\/wp\/v2\/posts\/503365\/revisions"}],"wp:featuredmedia":[{"embeddable":true,"href":"https:\/\/www.europesays.com\/fr\/wp-json\/wp\/v2\/media\/503366"}],"wp:attachment":[{"href":"https:\/\/www.europesays.com\/fr\/wp-json\/wp\/v2\/media?parent=503365"}],"wp:term":[{"taxonomy":"category","embeddable":true,"href":"https:\/\/www.europesays.com\/fr\/wp-json\/wp\/v2\/categories?post=503365"},{"taxonomy":"post_tag","embeddable":true,"href":"https:\/\/www.europesays.com\/fr\/wp-json\/wp\/v2\/tags?post=503365"}],"curies":[{"name":"wp","href":"https:\/\/api.w.org\/{rel}","templated":true}]}}