{"id":503377,"date":"2025-11-01T00:24:15","date_gmt":"2025-11-01T00:24:15","guid":{"rendered":"https:\/\/www.europesays.com\/fr\/503377\/"},"modified":"2025-11-01T00:24:15","modified_gmt":"2025-11-01T00:24:15","slug":"mucem-don-quichotte-histoire-de-fou-histoire-den-rire","status":"publish","type":"post","link":"https:\/\/www.europesays.com\/fr\/503377\/","title":{"rendered":"Mucem\u00a0: Don Quichotte, histoire de fou, histoire d&rsquo;en rire&#8230;"},"content":{"rendered":"<p><img decoding=\"async\" alt=\"\" src=\"https:\/\/www.europesays.com\/fr\/wp-content\/uploads\/2025\/11\/Don-Quichotte-affiche.jpg\" title=\"\"\/><\/p>\n<p>De fait chacun, peu ou prou, conna\u00eet encore les aventures tragi-comiques du \u00ab\u00a0chevalier \u00e0 la triste figure\u00a0\u00bb et de son fid\u00e8le valet, le rondouillard Sancho Panza. L&rsquo;esprit satur\u00e9 de romans de chevalerie, Don Quichotte parcourt ainsi la campagne espagnole, en qu\u00eate d&rsquo;aventures \u00e9piques dont l&rsquo;issue, vou\u00e9e \u00e0 l&rsquo;\u00e9chec, ne r\u00e9v\u00e8le que la puissance de ses illusions. Aspiration \u00e0 la d\u00e9fense des causes perdues d&rsquo;avance, le don-quichottisme est aussi un id\u00e9alisme qui vise \u00e0 embellir un v\u00e9cu quotidien jug\u00e9 trop terne et trop insatisfaisant. C&rsquo;est un peu la revanche de l&rsquo;art sur la vie et l&rsquo;on sait, depuis Oscar Wilde, qu&rsquo;elle le copie souvent.<\/p>\n<p>Ces diff\u00e9rentes propositions ne pouvaient qu&rsquo;inspirer de nombreux auteurs apr\u00e8s lui. Et ils furent nombreux ceux qui s&rsquo;inscrivirent dans le sillon d\u00e9frich\u00e9 par Cervant\u00e8s, poursuivant ou explorant un aspect ou un autre de son immense roman. Personnellement je garde une pr\u00e9f\u00e9rence pour Pierre M\u00e9nard, auteur du Quichotte, une nouvelle de Jorge Luis Borg\u00e8s qui met en sc\u00e8ne un \u00e9crivain imaginaire du XXe si\u00e8cle r\u00e9\u00e9crivant &#8211; en mieux &#8211; le premier tome du chef-d\u2019\u0153uvre de Cervant\u00e8s. Ses illustrateurs ne furent pas moins inventifs que ses commentateurs, peintres et graveurs illustrant, chacun avec leurs moyens propres, diverses sc\u00e8nes du roman. Avant que l&rsquo;op\u00e9ra et le cin\u00e9ma ne s&rsquo;en emparent \u00e0 leur tour.<\/p>\n<p>C&rsquo;est tout cela que montre &#8211; avec quel faste esth\u00e9tique &#8211; la grande exposition d&rsquo;automne du Mucem, \u00ab\u00a0Don Quichotte, histoire de fou, histoire d&rsquo;en rire\u00a0\u00bb. En quelques deux cents \u0153uvres r\u00e9parties sur 500 m2 et quatre grandes sections, elle revisite ce mythe litt\u00e9raire \u00e0 l&rsquo;aune de l&rsquo; histoire autant que celle de l&rsquo;art. Si la vitrine consacr\u00e9e aux \u00e9ditions anciennes du Quichotte ravive nos penchants bibliophiles, elle ne peut rivaliser avec les magnifiques illustrations que ce roman a inspir\u00e9es \u00e0 des artistes aussi diff\u00e9rents que Goya, Dor\u00e9, Bracquemond, Daumier, Picasso ou Dali.\u00a0<\/p>\n<p><img decoding=\"async\" alt=\"\" src=\"https:\/\/www.europesays.com\/fr\/wp-content\/uploads\/2025\/11\/Don-Quichotte_2.jpg\" title=\"\"\/><br \/>&#8211;\u00a0\u00ab\u00a0Asn\u00e9ria\u00a0\u00bb de Pilar Albaraccin &#8211;<\/p>\n<p>La part de l&rsquo;art contemporain est \u00e9galement bien repr\u00e9sent\u00e9e avec Asneria, l&rsquo;installation de Pilar Albarracin qui montre un \u00e2ne tr\u00f4nant au dessus d&rsquo;un monticule de livres &#8211; qu&rsquo;on imagine vou\u00e9s \u00e0 un prochain autodaf\u00e9. Quant \u00e0 Abraham Poincheval, il nous offre une r\u00e9plique tr\u00e8s personnelle de l&rsquo;armure don-quichottesque, avec coquillages et v\u00e9g\u00e9taux int\u00e9gr\u00e9s. Il est \u00e9galement le co-auteur, avec Matthieu Verdeil, d&rsquo;une cocasse performance film\u00e9e, Le chevalier errant, l&rsquo;homme sans ici (2018). Et comment ne pas faire une halte dans la reconstitution de la grotte de Montesinos o\u00f9 Don Quichotte a la vision de sa Dulcin\u00e9e en mendiante\u00a0?<\/p>\n<p>Bien d&rsquo;autres d\u00e9couvertes attendent les visiteurs de cette superbe exposition dont on ressort avec l&rsquo;envie de prolonger ce moment d&rsquo;\u00e9merveillement par la lecture de cet ouvrage fondateur de la litt\u00e9rature moderne.<\/p>\n<ul>\n<li>Du 15 octobre 2026 au 30 mars 2026. Tous renseignements sur mucem.org<\/li>\n<\/ul>\n<p><img decoding=\"async\" alt=\"\" src=\"https:\/\/www.europesays.com\/fr\/wp-content\/uploads\/2025\/11\/Don-Quichotte-picasso.jpg\" title=\"\"\/><\/p>\n","protected":false},"excerpt":{"rendered":"De fait chacun, peu ou prou, conna\u00eet encore les aventures tragi-comiques du \u00ab\u00a0chevalier \u00e0 la triste figure\u00a0\u00bb et&hellip;\n","protected":false},"author":2,"featured_media":503378,"comment_status":"","ping_status":"","sticky":false,"template":"","format":"standard","meta":{"footnotes":""},"categories":[2814],"tags":[1111,47,11,1777,674,1011,27,1110,1031,884,12,882,25],"class_list":{"0":"post-503377","1":"post","2":"type-post","3":"status-publish","4":"format-standard","5":"has-post-thumbnail","7":"category-marseille","8":"tag-actu","9":"tag-actualite","10":"tag-actualites","11":"tag-eu","12":"tag-europe","13":"tag-fr","14":"tag-france","15":"tag-informations","16":"tag-magazine","17":"tag-marseille","18":"tag-news","19":"tag-provence-alpes-cote-dazur","20":"tag-republique-francaise"},"share_on_mastodon":{"url":"https:\/\/pubeurope.com\/@fr\/115471599125241101","error":""},"_links":{"self":[{"href":"https:\/\/www.europesays.com\/fr\/wp-json\/wp\/v2\/posts\/503377","targetHints":{"allow":["GET"]}}],"collection":[{"href":"https:\/\/www.europesays.com\/fr\/wp-json\/wp\/v2\/posts"}],"about":[{"href":"https:\/\/www.europesays.com\/fr\/wp-json\/wp\/v2\/types\/post"}],"author":[{"embeddable":true,"href":"https:\/\/www.europesays.com\/fr\/wp-json\/wp\/v2\/users\/2"}],"replies":[{"embeddable":true,"href":"https:\/\/www.europesays.com\/fr\/wp-json\/wp\/v2\/comments?post=503377"}],"version-history":[{"count":0,"href":"https:\/\/www.europesays.com\/fr\/wp-json\/wp\/v2\/posts\/503377\/revisions"}],"wp:featuredmedia":[{"embeddable":true,"href":"https:\/\/www.europesays.com\/fr\/wp-json\/wp\/v2\/media\/503378"}],"wp:attachment":[{"href":"https:\/\/www.europesays.com\/fr\/wp-json\/wp\/v2\/media?parent=503377"}],"wp:term":[{"taxonomy":"category","embeddable":true,"href":"https:\/\/www.europesays.com\/fr\/wp-json\/wp\/v2\/categories?post=503377"},{"taxonomy":"post_tag","embeddable":true,"href":"https:\/\/www.europesays.com\/fr\/wp-json\/wp\/v2\/tags?post=503377"}],"curies":[{"name":"wp","href":"https:\/\/api.w.org\/{rel}","templated":true}]}}