{"id":503381,"date":"2025-11-01T00:26:09","date_gmt":"2025-11-01T00:26:09","guid":{"rendered":"https:\/\/www.europesays.com\/fr\/503381\/"},"modified":"2025-11-01T00:26:09","modified_gmt":"2025-11-01T00:26:09","slug":"rhone-nuit-dhalloween-agitee-dans-la-metropole-de-lyon-des-vehicules-incendies-9-interpellations","status":"publish","type":"post","link":"https:\/\/www.europesays.com\/fr\/503381\/","title":{"rendered":"Rh\u00f4ne. Nuit d\u2019Halloween agit\u00e9e dans la M\u00e9tropole de Lyon\u00a0: des v\u00e9hicules incendi\u00e9s,\u00a09 interpellations"},"content":{"rendered":"<p>La f\u00eate a rapidement tourn\u00e9 \u00e0 la s\u00e9rie d\u2019incidents, vendredi 31\u00a0octobre, \u00e0 travers plusieurs communes de la M\u00e9tropole de Lyon. \u00c0 Rillieux-la-Pape, les faits ont d\u00e9but\u00e9 vers 20\u00a0h\u00a030. Une trentaine d\u2019individus v\u00eatus de noir et encagoul\u00e9s ont incendi\u00e9 au moins deux v\u00e9hicules, avenue de l\u2019Europe, entre les carrefours Europe et Mont-Blanc.<\/p>\n<p>Plusieurs fa\u00e7ades d\u2019immeubles du quartier Michelet ont \u00e9t\u00e9 vis\u00e9es par des tirs de mortiers d\u2019artifice, plongeant les habitants dans l\u2019inqui\u00e9tude. \u00ab\u00a0Des hurlements, des tirs d\u2019engins pyrotechniques pendant pr\u00e8s d\u2019une heure\u00a0\u00bb, t\u00e9moigne un riverain. Le secteur a \u00e9t\u00e9 boucl\u00e9, les bus interrompus et d\u2019importantes forces de l\u2019ordre mobilis\u00e9es. Le maire annon\u00e7ait cinq interpellations vers 21\u00a0h\u00a015.<\/p>\n<p>  Jets de projectiles, d\u00e9gradations de rames de tram<\/p>\n<p>Un peu plus t\u00f4t, vers 19\u00a0h, c\u2019est \u00e0 <a href=\"https:\/\/www.leprogres.fr\/faits-divers-justice\/2025\/10\/31\/soiree-d-halloween-des-poubelles-et-un-vehicule-en-feu-a-givors\" target=\"_blank\" rel=\"noopener\">Givors<\/a> , dans le quartier des Vernes, que les premiers incidents avaient \u00e9clat\u00e9. Des groupes tr\u00e8s mobiles de jeunes ont allum\u00e9 plusieurs feux de poubelles, all\u00e9e Jacques-Duclos, rue Louise-Michel et avenue Gis\u00e8le-Halimi. Un v\u00e9hicule a \u00e9galement \u00e9t\u00e9 incendi\u00e9, all\u00e9e Ho-Chi-Minh. Les pompiers sont intervenus sans difficult\u00e9, \u00e9paul\u00e9s ensuite par une dizaine d\u2019\u00e9quipages de la Compagnie d\u2019intervention et de la BAC pour s\u00e9curiser le quartier.<\/p>\n<p>La soir\u00e9e a aussi \u00e9t\u00e9 marqu\u00e9e par des jets de projectiles sur des bus \u00e0 Feyzin, et des d\u00e9gradations de rames de tram \u00e0 D\u00e9cines-Charpieu. \u00c0 Lyon, deux interpellations ont eu lieu dans le secteur de Bellecour. Au total, neuf personnes ont \u00e9t\u00e9 interpell\u00e9es dans la soir\u00e9e, selon la pr\u00e9fecture.<\/p>\n","protected":false},"excerpt":{"rendered":"La f\u00eate a rapidement tourn\u00e9 \u00e0 la s\u00e9rie d\u2019incidents, vendredi 31\u00a0octobre, \u00e0 travers plusieurs communes de la M\u00e9tropole&hellip;\n","protected":false},"author":2,"featured_media":503382,"comment_status":"","ping_status":"","sticky":false,"template":"","format":"standard","meta":{"footnotes":""},"categories":[1889],"tags":[1111,11,2430,4624,2757,3153,3154,1777,674,274,29519,1011,27,19625,2428,2756,12,25,2429,17092],"class_list":{"0":"post-503381","1":"post","2":"type-post","3":"status-publish","4":"format-standard","5":"has-post-thumbnail","7":"category-lyon","8":"tag-actu","9":"tag-actualites","10":"tag-auvergne-rhone-alpes","11":"tag-decines-charpieu","12":"tag-edition-lyon-villeurbanne","13":"tag-edition-ouest-lyonnais","14":"tag-edition-sud-lyonnais","15":"tag-eu","16":"tag-europe","17":"tag-faits-divers-justice","18":"tag-feyzin","19":"tag-fr","20":"tag-france","21":"tag-givors","22":"tag-lyon","23":"tag-lyon-bassin","24":"tag-news","25":"tag-republique-francaise","26":"tag-rhone","27":"tag-rillieux-la-pape"},"share_on_mastodon":{"url":"https:\/\/pubeurope.com\/@fr\/115471606402972102","error":""},"_links":{"self":[{"href":"https:\/\/www.europesays.com\/fr\/wp-json\/wp\/v2\/posts\/503381","targetHints":{"allow":["GET"]}}],"collection":[{"href":"https:\/\/www.europesays.com\/fr\/wp-json\/wp\/v2\/posts"}],"about":[{"href":"https:\/\/www.europesays.com\/fr\/wp-json\/wp\/v2\/types\/post"}],"author":[{"embeddable":true,"href":"https:\/\/www.europesays.com\/fr\/wp-json\/wp\/v2\/users\/2"}],"replies":[{"embeddable":true,"href":"https:\/\/www.europesays.com\/fr\/wp-json\/wp\/v2\/comments?post=503381"}],"version-history":[{"count":0,"href":"https:\/\/www.europesays.com\/fr\/wp-json\/wp\/v2\/posts\/503381\/revisions"}],"wp:featuredmedia":[{"embeddable":true,"href":"https:\/\/www.europesays.com\/fr\/wp-json\/wp\/v2\/media\/503382"}],"wp:attachment":[{"href":"https:\/\/www.europesays.com\/fr\/wp-json\/wp\/v2\/media?parent=503381"}],"wp:term":[{"taxonomy":"category","embeddable":true,"href":"https:\/\/www.europesays.com\/fr\/wp-json\/wp\/v2\/categories?post=503381"},{"taxonomy":"post_tag","embeddable":true,"href":"https:\/\/www.europesays.com\/fr\/wp-json\/wp\/v2\/tags?post=503381"}],"curies":[{"name":"wp","href":"https:\/\/api.w.org\/{rel}","templated":true}]}}