{"id":503395,"date":"2025-11-01T00:34:13","date_gmt":"2025-11-01T00:34:13","guid":{"rendered":"https:\/\/www.europesays.com\/fr\/503395\/"},"modified":"2025-11-01T00:34:13","modified_gmt":"2025-11-01T00:34:13","slug":"lotan-rasera-moscou-de-la-carte-lavertissement-explosif-dun-ministre-belge-2","status":"publish","type":"post","link":"https:\/\/www.europesays.com\/fr\/503395\/","title":{"rendered":"\u00ab L\u2019Otan rasera Moscou de la carte \u00bb, l\u2019avertissement explosif d\u2019un ministre belge"},"content":{"rendered":"<p class=\"mb-4 text-lg md:leading-8 break-words\">Dans un entretien exclusif publi\u00e9 par <a data-i13n=\"cpos:1;pos:1\" href=\"https:\/\/www.humo.be\/nieuws\/theo-francken-n-va-alles-uit-de-terminator-films-is-realiteit-aan-het-worden~b6f7568f\/?at_medium=RSS%20feed&amp;at_campaign=ynews&amp;utm_source=yahoo&amp;utm_medium=rss&amp;utm_campaign=news_feed&amp;utm_content=in_article_link\" rel=\"nofollow noopener\" target=\"_blank\" data-ylk=\"slk:HUMO;cpos:1;pos:1;elm:context_link;itc:0;sec:content-canvas\" class=\"link \">HUMO<\/a>, le ministre belge de la D\u00e9fense, Theo Francken, a l\u00e2ch\u00e9 une phrase qui a fait le tour du monde : \u00ab Si Bruxelles est attaqu\u00e9e, l\u2019Otan rasera Moscou. \u00bb Une d\u00e9claration choc qui s\u2019inscrit dans un contexte de tensions croissantes entre l\u2019<a data-i13n=\"cpos:2;pos:1\" href=\"https:\/\/www.20minutes.fr\/dossier\/europe?at_medium=RSS%20feed&amp;at_campaign=ynews&amp;utm_source=yahoo&amp;utm_medium=rss&amp;utm_campaign=news_feed&amp;utm_content=in_article_link\" rel=\"nofollow noopener\" target=\"_blank\" data-ylk=\"slk:Europe;cpos:2;pos:1;elm:context_link;itc:0;sec:content-canvas\" class=\"link \">Europe<\/a> et la <a data-i13n=\"cpos:3;pos:1\" href=\"https:\/\/www.20minutes.fr\/monde\/russie\/?at_medium=RSS%20feed&amp;at_campaign=ynews&amp;utm_source=yahoo&amp;utm_medium=rss&amp;utm_campaign=news_feed&amp;utm_content=in_article_link\" rel=\"nofollow noopener\" target=\"_blank\" data-ylk=\"slk:Russie;cpos:3;pos:1;elm:context_link;itc:0;sec:content-canvas\" class=\"link \">Russie<\/a>, et qui illustre la volont\u00e9 du gouvernement belge de renforcer sa posture de dissuasion militaire. Selon Francken, la capitale belge, si\u00e8ge politique et militaire de l\u2019<a data-i13n=\"cpos:4;pos:1\" href=\"https:\/\/www.20minutes.fr\/monde\/otan\/?at_medium=RSS%20feed&amp;at_campaign=ynews&amp;utm_source=yahoo&amp;utm_medium=rss&amp;utm_campaign=news_feed&amp;utm_content=in_article_link\" rel=\"nofollow noopener\" target=\"_blank\" data-ylk=\"slk:Otan;cpos:4;pos:1;elm:context_link;itc:0;sec:content-canvas\" class=\"link \">Otan<\/a>, constitue une cible symbolique. Mais selon lui, toute attaque contre elle entra\u00eenerait une riposte imm\u00e9diate et totale de l\u2019Alliance atlantique.<\/p>\n<p class=\"mb-4 text-lg md:leading-8 break-words\">Derri\u00e8re cette phrase spectaculaire, Theo Francken d\u00e9fend une logique strat\u00e9gique assum\u00e9e : celle d\u2019une dissuasion sans ambigu\u00eft\u00e9. Le ministre plaide pour une mont\u00e9e en puissance rapide des capacit\u00e9s militaires belges et europ\u00e9ennes afin de garantir la s\u00e9curit\u00e9 collective. Dans cet entretien, il insiste sur la n\u00e9cessit\u00e9 de \u00ab briser la Russie \u00e9conomiquement \u00bb, estimant que le <a data-i13n=\"cpos:5;pos:1\" href=\"https:\/\/www.20minutes.fr\/dossier\/kremlin?at_medium=RSS%20feed&amp;at_campaign=ynews&amp;utm_source=yahoo&amp;utm_medium=rss&amp;utm_campaign=news_feed&amp;utm_content=in_article_link\" rel=\"nofollow noopener\" target=\"_blank\" data-ylk=\"slk:Kremlin;cpos:5;pos:1;elm:context_link;itc:0;sec:content-canvas\" class=\"link \">Kremlin<\/a> ne pourra \u00eatre contenu que si l\u2019Europe conjugue puissance militaire et pression \u00e9conomique. Cette ligne dure, selon lui, est la seule capable d\u2019emp\u00eacher Moscou de tester les fronti\u00e8res de l\u2019Alliance.<\/p>\n<p>Un \u00ab imb\u00e9cile \u00bb selon Dmitri Medvedev<\/p>\n<p class=\"mb-4 text-lg md:leading-8 break-words\">En r\u00e9ponse, Dmitri Medvedev, vice-pr\u00e9sident du Conseil de s\u00e9curit\u00e9 de Russie, a insult\u00e9 Theo Francken sur X, le qualifiant d\u2019\u00ab imb\u00e9cile \u00bb. Alors que le conflit en Ukraine continue de s\u2019enliser, Moscou voit dans ce type de d\u00e9claration un signal d\u2019hostilit\u00e9 s(&#8230;)<\/p>\n<p class=\"mb-4 text-lg md:leading-8 break-words\"><a data-i13n=\"cpos:6;pos:1\" href=\"https:\/\/www.20minutes.fr\/monde\/ukraine\/4182938-20251031-guerre-ukraine-otan-rasera-moscou-carte-avertissement-explosif-ministre-belge?at_medium=RSS%20feed&amp;at_campaign=ynews&amp;utm_source=yahoo&amp;utm_medium=rss&amp;utm_campaign=news_feed&amp;utm_content=read_more_link%22\" rel=\"nofollow noopener\" target=\"_blank\" data-ylk=\"slk:Lire la suite sur 20minutes;cpos:6;pos:1;elm:context_link;itc:0;sec:content-canvas\" class=\"link \">Lire la suite sur 20minutes<\/a><\/p>\n<p>\u00c0 lire aussi :<br \/><a data-i13n=\"cpos:7;pos:1\" href=\"https:\/\/www.20minutes.fr\/monde\/ukraine\/4182675-20251030-guerre-ukraine-armee-russe-frappe-dix-regions-coup-trump-relance-essais-nucleaires?at_medium=RSS%20feed&amp;at_campaign=ynews&amp;utm_source=yahoo&amp;utm_medium=rss&amp;utm_campaign=news_feed&amp;utm_content=related_content_link\" rel=\"nofollow noopener\" target=\"_blank\" data-ylk=\"slk:Guerre en Ukraine : L\u2019arm\u00e9e russe frappe dix r\u00e9gions d\u2019un coup, Trump relance les essais nucl\u00e9aires;cpos:7;pos:1;elm:context_link;itc:0;sec:content-canvas\" class=\"link \">Guerre en Ukraine : L\u2019arm\u00e9e russe frappe dix r\u00e9gions d\u2019un coup, Trump relance les essais nucl\u00e9aires<\/a><br \/><a data-i13n=\"cpos:8;pos:1\" href=\"https:\/\/www.20minutes.fr\/monde\/ukraine\/4182323-20251029-guerre-ukraine-poutine-moque-trump-hopital-enfants-bombarde?at_medium=RSS%20feed&amp;at_campaign=ynews&amp;utm_source=yahoo&amp;utm_medium=rss&amp;utm_campaign=news_feed&amp;utm_content=related_content_link\" rel=\"nofollow noopener\" target=\"_blank\" data-ylk=\"slk:Guerre en Ukraine : Poutine se moque de Trump, un h\u00f4pital pour enfants bombard\u00e9;cpos:8;pos:1;elm:context_link;itc:0;sec:content-canvas\" class=\"link \">Guerre en Ukraine : Poutine se moque de Trump, un h\u00f4pital pour enfants bombard\u00e9<\/a><\/p>\n","protected":false},"excerpt":{"rendered":"Dans un entretien exclusif publi\u00e9 par HUMO, le ministre belge de la D\u00e9fense, Theo Francken, a l\u00e2ch\u00e9 une&hellip;\n","protected":false},"author":2,"featured_media":503396,"comment_status":"","ping_status":"","sticky":false,"template":"","format":"standard","meta":{"footnotes":""},"categories":[1591],"tags":[11,62538,39407,1887,62537,37275,1916,12,1885,1886,132,62536],"class_list":{"0":"post-503395","1":"post","2":"type-post","3":"status-publish","4":"format-standard","5":"has-post-thumbnail","7":"category-russie","8":"tag-actualites","9":"tag-dissuasion-militaire","10":"tag-dmitri-medvedev","11":"tag-federation-de-russie","12":"tag-gouvernement-belge","13":"tag-la-volonte","14":"tag-moscou","15":"tag-news","16":"tag-russia","17":"tag-russian-federation","18":"tag-russie","19":"tag-theo-francken"},"share_on_mastodon":{"url":"https:\/\/pubeurope.com\/@fr\/115471637850797112","error":""},"_links":{"self":[{"href":"https:\/\/www.europesays.com\/fr\/wp-json\/wp\/v2\/posts\/503395","targetHints":{"allow":["GET"]}}],"collection":[{"href":"https:\/\/www.europesays.com\/fr\/wp-json\/wp\/v2\/posts"}],"about":[{"href":"https:\/\/www.europesays.com\/fr\/wp-json\/wp\/v2\/types\/post"}],"author":[{"embeddable":true,"href":"https:\/\/www.europesays.com\/fr\/wp-json\/wp\/v2\/users\/2"}],"replies":[{"embeddable":true,"href":"https:\/\/www.europesays.com\/fr\/wp-json\/wp\/v2\/comments?post=503395"}],"version-history":[{"count":0,"href":"https:\/\/www.europesays.com\/fr\/wp-json\/wp\/v2\/posts\/503395\/revisions"}],"wp:featuredmedia":[{"embeddable":true,"href":"https:\/\/www.europesays.com\/fr\/wp-json\/wp\/v2\/media\/503396"}],"wp:attachment":[{"href":"https:\/\/www.europesays.com\/fr\/wp-json\/wp\/v2\/media?parent=503395"}],"wp:term":[{"taxonomy":"category","embeddable":true,"href":"https:\/\/www.europesays.com\/fr\/wp-json\/wp\/v2\/categories?post=503395"},{"taxonomy":"post_tag","embeddable":true,"href":"https:\/\/www.europesays.com\/fr\/wp-json\/wp\/v2\/tags?post=503395"}],"curies":[{"name":"wp","href":"https:\/\/api.w.org\/{rel}","templated":true}]}}