{"id":503399,"date":"2025-11-01T00:36:17","date_gmt":"2025-11-01T00:36:17","guid":{"rendered":"https:\/\/www.europesays.com\/fr\/503399\/"},"modified":"2025-11-01T00:36:17","modified_gmt":"2025-11-01T00:36:17","slug":"ladministration-trump-restreint-lacces-des-journalistes-a-la-maison-blanche","status":"publish","type":"post","link":"https:\/\/www.europesays.com\/fr\/503399\/","title":{"rendered":"L\u2019administration Trump restreint l\u2019acc\u00e8s des journalistes \u00e0 la Maison-Blanche"},"content":{"rendered":"<p class=\"mb-4 text-lg md:leading-8 break-words\"><strong>UNIQUEMENT SUR RENDEZ-VOUS &#8211; Sous pr\u00e9texte de prot\u00e9ger des \u00ab informations sensibles \u00bb, Trump et la Maison-Blanche restreignent l\u2019acc\u00e8s des journalistes \u00e0 certaines zones. Une mesure d\u00e9j\u00e0 vue sous Bill Clinton<\/strong><\/p>\n<p class=\"mb-4 text-lg md:leading-8 break-words\">Dans un climat de d\u00e9fiance entre les grands <a href=\"https:\/\/www.20minutes.fr\/arts-stars\/medias\/?at_medium=RSS%20feed&amp;at_campaign=ynews&amp;utm_source=yahoo&amp;utm_medium=rss&amp;utm_campaign=news_feed&amp;utm_content=in_article_link\" rel=\"nofollow noopener\" target=\"_blank\" data-ylk=\"slk:m\u00e9dias;elm:context_link;itc:0;sec:content-canvas\" class=\"link \">m\u00e9dias<\/a> et l\u2019administration de <a href=\"https:\/\/www.20minutes.fr\/dossier\/donald_trump?at_medium=RSS%20feed&amp;at_campaign=ynews&amp;utm_source=yahoo&amp;utm_medium=rss&amp;utm_campaign=news_feed&amp;utm_content=in_article_link\" rel=\"nofollow noopener\" target=\"_blank\" data-ylk=\"slk:Donald Trump;elm:context_link;itc:0;sec:content-canvas\" class=\"link \">Donald Trump<\/a>, la Maison-Blanche a d\u00e9cid\u00e9 de restreindre l\u2019acc\u00e8s de ses <a href=\"https:\/\/www.20minutes.fr\/dossier\/journaliste?at_medium=RSS%20feed&amp;at_campaign=ynews&amp;utm_source=yahoo&amp;utm_medium=rss&amp;utm_campaign=news_feed&amp;utm_content=in_article_link\" rel=\"nofollow noopener\" target=\"_blank\" data-ylk=\"slk:journalistes;elm:context_link;itc:0;sec:content-canvas\" class=\"link \">journalistes<\/a> accr\u00e9dit\u00e9s \u00e0 certaines zones du bureau de presse, invoquant la n\u00e9cessit\u00e9 de prot\u00e9ger des \u00ab informations sensibles \u00bb. Ce n\u2019est pas la premi\u00e8re fois que cela arrive. Comme le rappelle <a href=\"https:\/\/www.politico.com\/news\/2025\/10\/31\/white-house-media-access-00632412?at_medium=RSS%20feed&amp;at_campaign=ynews&amp;utm_source=yahoo&amp;utm_medium=rss&amp;utm_campaign=news_feed&amp;utm_content=in_article_link\" rel=\"nofollow noopener\" target=\"_blank\" data-ylk=\"slk:Politico;elm:context_link;itc:0;sec:content-canvas\" class=\"link \">Politico<\/a>, Bill Clinton avait \u00e9galement interdit aux journalistes d\u2019acc\u00e9der \u00e0 certaines parties \u00e0 son arriv\u00e9e \u00e0 la Maison-Blanche en 1993.<\/p>\n<p class=\"mb-4 text-lg md:leading-8 break-words\">D\u00e9sormais, les reporters souhaitant se rendre dans la zone dite \u00ab upper press \u00bb, o\u00f9 travaillent la porte-parole <a href=\"https:\/\/www.20minutes.fr\/monde\/election-presidentielle-americaine\/4121683-20241116-etats-unis-tout-juste-27-ans-karoline-leavitt-devient-porte-parole-administration-trump?at_medium=RSS%20feed&amp;at_campaign=ynews&amp;utm_source=yahoo&amp;utm_medium=rss&amp;utm_campaign=news_feed&amp;utm_content=in_article_link\" rel=\"nofollow noopener\" target=\"_blank\" data-ylk=\"slk:Karoline Leavitt;elm:context_link;itc:0;sec:content-canvas\" class=\"link \">Karoline Leavitt<\/a> et les principaux responsables de la communication pr\u00e9sidentielle comme le directeur de la communication Steven Cheung, devront obtenir un rendez-vous pr\u00e9alable. Cette section, situ\u00e9e \u00e0 proximit\u00e9 du Bureau ovale dans l\u2019aile ouest, \u00e9tait jusqu\u2019ici librement accessible aux journalistes, qui pouvaient y recueillir commentaires et r\u00e9actions de derni\u00e8re minute.<\/p>\n<p>Une \u00ab r\u00e9organisation interne \u00bb<\/p>\n<p class=\"mb-4 text-lg md:leading-8 break-words\">La zone \u00ab lower press \u00bb, attenante \u00e0 la salle de conf\u00e9rences de presse et occup\u00e9e par d\u2019autres attach\u00e9s de presse, reste en revanche ouverte sans restriction. Dans une note interne, l\u2019ex\u00e9cutif explique que cette d\u00e9cision d\u00e9coule d\u2019une \u00ab r\u00e9organisation interne \u00bb au sein du service de communication, dont les membres \u00ab interagissent de mani\u00e8re permanente avec des informations sensibles \u00bb. La mesure vise, selon la Maison-Blanche, \u00e0 \u00ab prot\u00e9ger ces informations et maintenir la coordination entre les \u00e9qui(&#8230;)<\/p>\n<p class=\"mb-4 text-lg md:leading-8 break-words\"><a href=\"https:\/\/www.20minutes.fr\/monde\/etats-unis\/4182950-20251101-etats-unis-administration-trump-restreint-acces-journalistes-maison-blanche?at_medium=RSS%20feed&amp;at_campaign=ynews&amp;utm_source=yahoo&amp;utm_medium=rss&amp;utm_campaign=news_feed&amp;utm_content=read_more_link&quot;\" rel=\"nofollow noopener\" target=\"_blank\" data-ylk=\"slk:Lire la suite sur 20minutes;elm:context_link;itc:0;sec:content-canvas\" class=\"link \">Lire la suite sur 20minutes<\/a><\/p>\n<p>\u00c0 lire aussi :<br \/><a href=\"https:\/\/www.20minutes.fr\/monde\/etats-unis\/4140661-20250226-etats-unis-administration-trump-reprend-main-acces-journalistes-maison-blanche?at_medium=RSS%20feed&amp;at_campaign=ynews&amp;utm_source=yahoo&amp;utm_medium=rss&amp;utm_campaign=news_feed&amp;utm_content=related_content_link\" rel=\"nofollow noopener\" target=\"_blank\" data-ylk=\"slk:Etats-Unis : L\u2019administration Trump reprend en main l\u2019acc\u00e8s des journalistes \u00e0 la Maison-Blanche;elm:context_link;itc:0;sec:content-canvas\" class=\"link \">Etats-Unis : L\u2019administration Trump reprend en main l\u2019acc\u00e8s des journalistes \u00e0 la Maison-Blanche<\/a><br \/><a href=\"https:\/\/www.20minutes.fr\/monde\/etats-unis\/4169973-20250828-etats-unis-trump-veut-diminuer-duree-visas-journalistes-etudiants-etrangers?at_medium=RSS%20feed&amp;at_campaign=ynews&amp;utm_source=yahoo&amp;utm_medium=rss&amp;utm_campaign=news_feed&amp;utm_content=related_content_link\" rel=\"nofollow noopener\" target=\"_blank\" data-ylk=\"slk:Etats-Unis : Donald Trump veut diminuer la dur\u00e9e des visas des journalistes et \u00e9tudiants \u00e9trangers;elm:context_link;itc:0;sec:content-canvas\" class=\"link \">Etats-Unis : Donald Trump veut diminuer la dur\u00e9e des visas des journalistes et \u00e9tudiants \u00e9trangers<\/a><\/p>\n","protected":false},"excerpt":{"rendered":"UNIQUEMENT SUR RENDEZ-VOUS &#8211; Sous pr\u00e9texte de prot\u00e9ger des \u00ab informations sensibles \u00bb, Trump et la Maison-Blanche restreignent&hellip;\n","protected":false},"author":2,"featured_media":503400,"comment_status":"","ping_status":"","sticky":false,"template":"","format":"standard","meta":{"footnotes":""},"categories":[1589],"tags":[11,593,14519,73,1866,62539,46741,1324,12,467,1864,1865,1863,308],"class_list":{"0":"post-503399","1":"post","2":"type-post","3":"status-publish","4":"format-standard","5":"has-post-thumbnail","7":"category-etats-unis","8":"tag-actualites","9":"tag-bill-clinton","10":"tag-ce-nest-pas-la-premiere","11":"tag-etats-unis","12":"tag-etats-unis-damerique","13":"tag-informations-sensibles","14":"tag-karoline-leavitt","15":"tag-la-maison-blanche","16":"tag-news","17":"tag-trump","18":"tag-united-states","19":"tag-united-states-of-america","20":"tag-us","21":"tag-usa"},"share_on_mastodon":{"url":"https:\/\/pubeurope.com\/@fr\/115471645765765188","error":""},"_links":{"self":[{"href":"https:\/\/www.europesays.com\/fr\/wp-json\/wp\/v2\/posts\/503399","targetHints":{"allow":["GET"]}}],"collection":[{"href":"https:\/\/www.europesays.com\/fr\/wp-json\/wp\/v2\/posts"}],"about":[{"href":"https:\/\/www.europesays.com\/fr\/wp-json\/wp\/v2\/types\/post"}],"author":[{"embeddable":true,"href":"https:\/\/www.europesays.com\/fr\/wp-json\/wp\/v2\/users\/2"}],"replies":[{"embeddable":true,"href":"https:\/\/www.europesays.com\/fr\/wp-json\/wp\/v2\/comments?post=503399"}],"version-history":[{"count":0,"href":"https:\/\/www.europesays.com\/fr\/wp-json\/wp\/v2\/posts\/503399\/revisions"}],"wp:featuredmedia":[{"embeddable":true,"href":"https:\/\/www.europesays.com\/fr\/wp-json\/wp\/v2\/media\/503400"}],"wp:attachment":[{"href":"https:\/\/www.europesays.com\/fr\/wp-json\/wp\/v2\/media?parent=503399"}],"wp:term":[{"taxonomy":"category","embeddable":true,"href":"https:\/\/www.europesays.com\/fr\/wp-json\/wp\/v2\/categories?post=503399"},{"taxonomy":"post_tag","embeddable":true,"href":"https:\/\/www.europesays.com\/fr\/wp-json\/wp\/v2\/tags?post=503399"}],"curies":[{"name":"wp","href":"https:\/\/api.w.org\/{rel}","templated":true}]}}