{"id":503411,"date":"2025-11-01T00:42:43","date_gmt":"2025-11-01T00:42:43","guid":{"rendered":"https:\/\/www.europesays.com\/fr\/503411\/"},"modified":"2025-11-01T00:42:43","modified_gmt":"2025-11-01T00:42:43","slug":"la-video-parodique-des-pompiers-de-chateau-renault-fait-un-carton","status":"publish","type":"post","link":"https:\/\/www.europesays.com\/fr\/503411\/","title":{"rendered":"la vid\u00e9o parodique des pompiers de Ch\u00e2teau-Renault fait un carton"},"content":{"rendered":"<p>Le spectaculaire cambriolage du mus\u00e9e du Louvre survenu le 19\u00a0octobre 2025 a d\u00e9clench\u00e9 une d\u00e9ferlante de parodies sur le Web. Derni\u00e8re en date, celle post\u00e9e par les sapeurs-pompiers de Ch\u00e2teau-Renault, mardi 28\u00a0octobre.<\/p>\n<p>On y voit deux pompiers grimper \u00e0 l\u2019\u00e9chelle pour acc\u00e9der au premier \u00e9tage d\u2019un immeuble, ouvrir une fen\u00eatre \u00e0 la disqueuse, puis un cadenas avant de d\u00e9rober le calendrier 2026 et de filer en trottinette \u00e9lectrique\u00a0!<\/p>\n<p>La panth\u00e8re rose en bande-son<\/p>\n<p>\u00ab\u00a0On a fait valider la vid\u00e9o par la communication du Sdis 37, jure Gabin Bruneau, pr\u00e9sident de l\u2019Amicale des sapeurs-pompiers du Castelrenaudais. Ils ont trouv\u00e9 \u00e7a os\u00e9, mais nous ont dit pourquoi pas.\u00a0\u00bb<\/p>\n<p><a target=\"_self\" href=\"https:\/\/www.facebook.com\/reel\/1384819102992413\" rel=\"noopener\"> Voir la vid\u00e9o<\/a><\/p>\n<\/p>\n<p>Depuis trois ans, les pompiers volontaires de Ch\u00e2teau-Renault rivalisent d\u2019imagination pour pr\u00e9senter en vid\u00e9o le calendrier de l\u2019ann\u00e9e \u00e0 venir, vendu aux particuliers. \u00ab\u00a0Cette ann\u00e9e, on manquait d\u2019inspiration, on s\u2019est dit qu\u2019on allait rebondir avec l\u2019actualit\u00e9.\u00a0\u00bb Le <a target=\"_self\" href=\"https:\/\/www.lanouvellerepublique.fr\/a-la-une\/nacelle-disqueuse-sept-minutes-le-cambriolage-au-louvre-s-est-fait-en-un-eclair-1760891131\" rel=\"noopener\">cambriolage rocambolesque d\u2019un des plus c\u00e9l\u00e8bres mus\u00e9es du monde<\/a> est tomb\u00e9 \u00e0 pic. \u00ab\u00a0Au d\u00e9part, on n\u2019\u00e9tait pas trop rassur\u00e9, on ne savait pas si \u00e7a allait faire rire les gens.\u00a0\u00bb<\/p>\n<p>En moins de quarante-huit heures, la vid\u00e9o, accompagn\u00e9e de la musique de la Panth\u00e8re rose, a comptabilis\u00e9 plus de 200.000 vues. \u00ab\u00a0On a \u00e9t\u00e9 d\u00e9pass\u00e9\u00a0! Surtout, les gens nous laissent des commentaires positifs, c\u2019est super.\u00a0\u00bb<\/p>\n<p><img alt=\"Le calendrier 2026 des sapeurs-pompiers du Castelrenaudais.\" loading=\"lazy\" width=\"980\" height=\"573\" decoding=\"async\" data-nimg=\"1\" class=\"img-responsive spinner-show\" style=\"color:transparent;background-size:cover;background-position:50% 50%;background-repeat:no-repeat;background-image:url(&quot;data:image\/svg+xml;charset=utf-8,%3Csvg xmlns='http:\/\/www.w3.org\/2000\/svg' viewBox='0 0 980 573'%3E%3Cfilter id='b' color-interpolation-filters='sRGB'%3E%3CfeGaussianBlur stdDeviation='20'\/%3E%3CfeColorMatrix values='1 0 0 0 0 0 1 0 0 0 0 0 1 0 0 0 0 0 100 -1' result='s'\/%3E%3CfeFlood x='0' y='0' width='100%25' height='100%25'\/%3E%3CfeComposite operator='out' in='s'\/%3E%3CfeComposite in2='SourceGraphic'\/%3E%3CfeGaussianBlur stdDeviation='20'\/%3E%3C\/filter%3E%3Cimage width='100%25' height='100%25' x='0' y='0' preserveAspectRatio='none' style='filter: url(%23b);' href='https:\/\/images.lanouvellerepublique.fr\/image\/upload\/t_88w\/f_auto\/6904e1af91c84976478b45be.jpg'\/%3E%3C\/svg%3E&quot;)\"   src=\"https:\/\/www.europesays.com\/fr\/wp-content\/uploads\/2025\/11\/6904e1af91c84976478b45be.jpg\"\/><\/p>\n<p style=\"background-color:#F2F2F2;padding:5px;margin-top:0px;margin-bottom:10px\">Le calendrier 2026 des sapeurs-pompiers du Castelrenaudais.<br \/> \u00a9 (Photo Sapeurs-pompiers du Castelrenaudais)<\/p>\n","protected":false},"excerpt":{"rendered":"Le spectaculaire cambriolage du mus\u00e9e du Louvre survenu le 19\u00a0octobre 2025 a d\u00e9clench\u00e9 une d\u00e9ferlante de parodies sur&hellip;\n","protected":false},"author":2,"featured_media":503412,"comment_status":"","ping_status":"","sticky":false,"template":"","format":"standard","meta":{"footnotes":""},"categories":[2],"tags":[1392,11,62541,1011,27,708,1757,500,12,1311,25],"class_list":{"0":"post-503411","1":"post","2":"type-post","3":"status-publish","4":"format-standard","5":"has-post-thumbnail","7":"category-actualites","8":"tag-a-la-une-local","9":"tag-actualites","10":"tag-chateau-renault","11":"tag-fr","12":"tag-france","13":"tag-humour","14":"tag-insolite","15":"tag-medias","16":"tag-news","17":"tag-pompiers","18":"tag-republique-francaise"},"share_on_mastodon":{"url":"https:\/\/pubeurope.com\/@fr\/115471669933813238","error":""},"_links":{"self":[{"href":"https:\/\/www.europesays.com\/fr\/wp-json\/wp\/v2\/posts\/503411","targetHints":{"allow":["GET"]}}],"collection":[{"href":"https:\/\/www.europesays.com\/fr\/wp-json\/wp\/v2\/posts"}],"about":[{"href":"https:\/\/www.europesays.com\/fr\/wp-json\/wp\/v2\/types\/post"}],"author":[{"embeddable":true,"href":"https:\/\/www.europesays.com\/fr\/wp-json\/wp\/v2\/users\/2"}],"replies":[{"embeddable":true,"href":"https:\/\/www.europesays.com\/fr\/wp-json\/wp\/v2\/comments?post=503411"}],"version-history":[{"count":0,"href":"https:\/\/www.europesays.com\/fr\/wp-json\/wp\/v2\/posts\/503411\/revisions"}],"wp:featuredmedia":[{"embeddable":true,"href":"https:\/\/www.europesays.com\/fr\/wp-json\/wp\/v2\/media\/503412"}],"wp:attachment":[{"href":"https:\/\/www.europesays.com\/fr\/wp-json\/wp\/v2\/media?parent=503411"}],"wp:term":[{"taxonomy":"category","embeddable":true,"href":"https:\/\/www.europesays.com\/fr\/wp-json\/wp\/v2\/categories?post=503411"},{"taxonomy":"post_tag","embeddable":true,"href":"https:\/\/www.europesays.com\/fr\/wp-json\/wp\/v2\/tags?post=503411"}],"curies":[{"name":"wp","href":"https:\/\/api.w.org\/{rel}","templated":true}]}}