{"id":503413,"date":"2025-11-01T00:44:20","date_gmt":"2025-11-01T00:44:20","guid":{"rendered":"https:\/\/www.europesays.com\/fr\/503413\/"},"modified":"2025-11-01T00:44:20","modified_gmt":"2025-11-01T00:44:20","slug":"les-boomers-ont-ils-ruine-la-france-controverse","status":"publish","type":"post","link":"https:\/\/www.europesays.com\/fr\/503413\/","title":{"rendered":"Les boomers ont-ils ruin\u00e9 la France ? &#8211; Controverse"},"content":{"rendered":"<p id=\"descriptionPanel\" class=\"text-secondary mr-2 line-clamp-2 pr-2.5 overflow-visible\">L\u2019\u00e9t\u00e9 dernier, Fran\u00e7ois Bayrou a raviv\u00e9 une querelle g\u00e9n\u00e9rationnelle en accusant les boomers d\u2019avoir creus\u00e9 la dette. Ces Fran\u00e7ais n\u00e9s entre l\u2019apr\u00e8s-guerre et le milieu des ann\u00e9es 1960 ont grandi dans l\u2019\u00e9lan des Trente Glorieuses, port\u00e9 par la prosp\u00e9rit\u00e9 et le plein emploi. Aujourd\u2019hui \u00e2g\u00e9s de 62 \u00e0 80 ans, ils forment 21,8 % de la population. Mais leur r\u00e9ussite fait d\u00e9bat : sont-ils les h\u00e9ritiers d\u2019une \u00e9poque b\u00e9nie ou les responsables d\u2019un mod\u00e8le \u00e0 bout de souffle ? Les jeunes paient-ils le prix du confort de leurs a\u00een\u00e9s ? C&rsquo;est le moment d&rsquo;entrer dans la controverse.<\/p>\n<p>Afficher la version longue du r\u00e9sum\u00e9<a class=\"shrink-0\" href=\"https:\/\/www.tf1.fr\/le-figaro\/controverse\" rel=\"nofollow noopener\" target=\"_blank\"><img decoding=\"async\" src=\"https:\/\/www.europesays.com\/fr\/wp-content\/uploads\/2025\/11\/controverse-1747402423-69e776-d67b64-0@1x.jpg\" width=\"138\" height=\"184\" alt=\"\" loading=\"eager\" fetchpriority=\"auto\" class=\"rounded-3px aspect-[3\/4] h-24 w-auto\" aria-hidden=\"true\"\/><\/a><\/p>\n<p>56m<\/p>\n<p><img decoding=\"async\" src=\"https:\/\/www.europesays.com\/fr\/wp-content\/uploads\/2025\/05\/lefigaro-logo-editeur-a24114-19ceaf-0@3x.png\" alt=\"Le Figaro\" loading=\"eager\" class=\"h-5 w-14\" fetchpriority=\"auto\"\/>1 nov. 2025 \u00e0 00:00<\/p>\n","protected":false},"excerpt":{"rendered":"L\u2019\u00e9t\u00e9 dernier, Fran\u00e7ois Bayrou a raviv\u00e9 une querelle g\u00e9n\u00e9rationnelle en accusant les boomers d\u2019avoir creus\u00e9 la dette. Ces&hellip;\n","protected":false},"author":2,"featured_media":503414,"comment_status":"","ping_status":"","sticky":false,"template":"","format":"standard","meta":{"footnotes":""},"categories":[4],"tags":[11,13255,62546,62547,62543,62555,62559,62551,62554,62558,62550,2889,62544,62545,62542,1011,27,12,25,62552,62553,62556,62557,62548,62549],"class_list":{"0":"post-503413","1":"post","2":"type-post","3":"status-publish","4":"format-standard","5":"has-post-thumbnail","7":"category-france","8":"tag-actualites","9":"tag-controverse","10":"tag-controverse-emission","11":"tag-controverse-emission-le-figaro-tv","12":"tag-controverse-le-figaro-tv","13":"tag-controverse-le-figaro-tv-streaming","14":"tag-controverse-le-figaro-tv-streaming-gratuit","15":"tag-controverse-le-figaro-tv-video","16":"tag-controverse-streaming","17":"tag-controverse-streaming-gratuit","18":"tag-controverse-video","19":"tag-emission","20":"tag-emission-controverse","21":"tag-emission-controverse-le-figaro-tv","22":"tag-emission-le-figaro-tv","23":"tag-fr","24":"tag-france","25":"tag-news","26":"tag-republique-francaise","27":"tag-streaming-controverse","28":"tag-streaming-controverse-le-figaro-tv","29":"tag-streaming-gratuit-controverse","30":"tag-streaming-gratuit-controverse-le-figaro-tv","31":"tag-video-controverse","32":"tag-video-controverse-le-figaro-tv"},"share_on_mastodon":{"url":"","error":"Validation failed: Text character limit of 500 exceeded"},"_links":{"self":[{"href":"https:\/\/www.europesays.com\/fr\/wp-json\/wp\/v2\/posts\/503413","targetHints":{"allow":["GET"]}}],"collection":[{"href":"https:\/\/www.europesays.com\/fr\/wp-json\/wp\/v2\/posts"}],"about":[{"href":"https:\/\/www.europesays.com\/fr\/wp-json\/wp\/v2\/types\/post"}],"author":[{"embeddable":true,"href":"https:\/\/www.europesays.com\/fr\/wp-json\/wp\/v2\/users\/2"}],"replies":[{"embeddable":true,"href":"https:\/\/www.europesays.com\/fr\/wp-json\/wp\/v2\/comments?post=503413"}],"version-history":[{"count":0,"href":"https:\/\/www.europesays.com\/fr\/wp-json\/wp\/v2\/posts\/503413\/revisions"}],"wp:featuredmedia":[{"embeddable":true,"href":"https:\/\/www.europesays.com\/fr\/wp-json\/wp\/v2\/media\/503414"}],"wp:attachment":[{"href":"https:\/\/www.europesays.com\/fr\/wp-json\/wp\/v2\/media?parent=503413"}],"wp:term":[{"taxonomy":"category","embeddable":true,"href":"https:\/\/www.europesays.com\/fr\/wp-json\/wp\/v2\/categories?post=503413"},{"taxonomy":"post_tag","embeddable":true,"href":"https:\/\/www.europesays.com\/fr\/wp-json\/wp\/v2\/tags?post=503413"}],"curies":[{"name":"wp","href":"https:\/\/api.w.org\/{rel}","templated":true}]}}