{"id":503415,"date":"2025-11-01T00:45:29","date_gmt":"2025-11-01T00:45:29","guid":{"rendered":"https:\/\/www.europesays.com\/fr\/503415\/"},"modified":"2025-11-01T00:45:29","modified_gmt":"2025-11-01T00:45:29","slug":"peter-uihlein-pousse-tom-mckibbin-dans-ses-retranchements-mais-craque-a-la-fin","status":"publish","type":"post","link":"https:\/\/www.europesays.com\/fr\/503415\/","title":{"rendered":"Peter Uihlein pousse Tom McKibbin dans ses retranchements mais craque \u00e0 la fin"},"content":{"rendered":"<p>\t\t\t\t\t\t<img width=\"770\" height=\"556\" src=\"https:\/\/www.europesays.com\/fr\/wp-content\/uploads\/2025\/11\/ishkg_251031_am_peter_uihlein_04-770x556.jpg\" class=\"img-responsive wp-post-image\" alt=\"Graham Uden \/ Asian Tour\" decoding=\"async\" fetchpriority=\"high\"  \/>\t\t\t\t\t<\/p>\n<p>\t\t\t\t\t\t Partager cet article <\/p>\n<p class=\"screen-reader-text juiz_sps_maybe_hidden_text\">Partager la publication \u00ab\u00a0Peter Uihlein pousse Tom McKibbin dans ses retranchements mais craque \u00e0 la fin\u00a0\u00bb<\/p>\n<p><strong>Peter Uihlein (photo) a devanc\u00e9 Tom McKibbin au classement lors du 2e tour du Link Hong Kong Open mais il n\u2019a pas pu conserver la t\u00eate, la faute \u00e0 un triple bogey au dernier trou. \u00a0<\/strong><\/p>\n<p>\t\t\t\t\t<a id=\"188235\" href=\"https:\/\/www.formigolf.fr\/voyage-pays~rocco-forte-s-verdura-golf--spa-resort-5etoilesl~370~sicile\" target=\"_blank\" rel=\"sponsorised nofollow noopener\"><img decoding=\"async\" src=\"data:image\/svg+xml,%3Csvg%20xmlns=\" http:=\"\" class=\"img-responsive\" alt=\"\" data-lazy-src=\"https:\/\/www.europesays.com\/fr\/wp-content\/uploads\/2025\/10\/formigolf-e10-sicile-verdura-1170x275-1.gif\"\/><\/a><\/p>\n<p>Au 2e tour du <strong>Link Hong Kong Open<\/strong>, <strong>Peter Uihlein<\/strong> a cr\u00e9\u00e9 la sensation en mena\u00e7ant le record du parcours et la premi\u00e8re place de <strong>Tom McKibbin<\/strong>, mais une triple bogey sur son dernier trou l\u2019a priv\u00e9 de l\u2019exploit.<\/p>\n<p><a href=\"https:\/\/www.asiantour.com\/reports?url=http%3A%2F%2Fasian.ocs-asia.com%2Ftic%2Ftmscores.cgi%3Ftourn%3DISHO~season%3D2025~params%3DP%2a2ESC02~&amp;id=2025&amp;code=ISHO&amp;title=Round%202%20Scoreboard\" target=\"_blank\" rel=\"noopener nofollow\">Retrouvez le classement complet<\/a><\/p>\n<p>Le joueur am\u00e9ricain s\u2019est malgr\u00e9 tout offert la t\u00eate provisoirement, le Nord-Irlandais la lui reprenant ensuite gr\u00e2ce \u00e0 une 2e copie propre (65\/5 birdies et aucun bogey). Tom McKibbin le devance de deux longueurs ainsi que les Tha\u00eflandais <strong>Kiradech Aphibarnrat<\/strong> (65) et <strong>Jazz Janewattananond<\/strong> (66).<\/p>\n<blockquote><p>&#13;<br \/>\nJe n\u2019ai pas pens\u00e9 \u00e0 quelque chose comme \u00e7a [le record du parcours], j\u2019\u00e9tais en mode survie.&#13;<\/p>\n<p>Peter Uihlein<\/p>\n<p>&#13;\n<\/p><\/blockquote>\n<p>Peter Uihlein a sign\u00e9 dix birdies, dont cinq cons\u00e9cutifs, et semblait parti pour \u00e9galer le record du parcours (60\/-10) <a href=\"https:\/\/www.golfplanete.com\/actualites\/tom-mckibbin-sempare-de-la-tete-grace-a-un-score-record-et-souvre-la-voie-vers-les-majeurs\/\" rel=\"nofollow noopener\" target=\"_blank\">\u00e9tabli par Tom McKibbin la veille<\/a> avant que le d\u00e9sastre ne frappe sur son dernier trou, le par 4 du 9.<\/p>\n<p>\u00ab J\u2019ai tr\u00e8s mal tap\u00e9. Oh, c\u2019\u00e9tait horrible. Je n\u2019ai pas atteint le fairway avant le 18, puis je me suis retrouv\u00e9 au milieu d\u2019une motte de gazon, et le fairway suivant que j\u2019ai atteint \u00e9tait le 4, o\u00f9 il n\u2019y avait qu\u2019une motte de boue. J\u2019ai tr\u00e8s mal driv\u00e9, a-t-il d\u00e9clar\u00e9 alors qu\u2019il \u00e9tait tr\u00e8s en swing la veille. Donc, non, je n\u2019ai pas pens\u00e9 \u00e0 quelque chose comme \u00e7a [le record du parcours], j\u2019\u00e9tais en mode survie. \u00bb<\/p>\n<p>Ce finish ne doit pas occulter la qualit\u00e9 du jeu produit, Peter Uihlein n\u2019ayant certes touch\u00e9 que quatre fairways, mais tout de m\u00eame 14 greens en r\u00e9gulation et eu besoin de seulement 25 putts.<br \/>&#13;<br \/>\n\u00a0<\/p>\n<\/p>\n<p>\t\t\t\t\t<a id=\"189888\" href=\"https:\/\/www.kalika.org\/fr\/actualites\/articles\/pro-am-beachcomber \" target=\"_blank\" rel=\"sponsorised nofollow noopener\"><img decoding=\"async\" src=\"data:image\/svg+xml,%3Csvg%20xmlns=\" http:=\"\" class=\"img-responsive\" alt=\"\" data-lazy-src=\"https:\/\/www.europesays.com\/fr\/wp-content\/uploads\/2025\/10\/beachcomber-e02-v2-proam-bruket-26-1170x275-1.jpg\"\/><\/a><br \/>\nEn course pour une victoire dans un 3e tournoi de l\u2019International Series<\/p>\n<p>En 2024, le membre de l\u2019\u00e9quipe des <strong>RangeGoats GC<\/strong> sur le <strong>LIV Golf<\/strong>\u00a0avait remport\u00e9 deux tournois de l\u2019<strong>International Series <\/strong>de l\u2019<strong>Asian Tour<\/strong>, au Qatar et en Angleterre.<\/p>\n<p>Son compatriote <strong>James Piot<\/strong> s\u2019est \u00e9galement illustr\u00e9 en rentrant son coup de fer 9 au 2, un par 3 de 135 m\u00e8tres.<\/p>\n<p>Pour rappel, aucun joueur fran\u00e7ais n\u2019est engag\u00e9 dans cette \u00e9tape de l\u2019International Series o\u00f9 des places pour le <strong>Masters<\/strong> et <strong>The Open<\/strong> sont promises au vainqueur \u2013 <a href=\"https:\/\/www.golfplanete.com\/actualites\/30-joueurs-du-liv-a-hong-kong-pour-une-place-pour-le-masters-et-the-open\/\" rel=\"nofollow noopener\" target=\"_blank\">ce qui explique la pr\u00e9sence de 29 joueurs du LIV<\/a>.<\/p>\n<p>La lutte pour la qualification en Majeurs devrait encore pimenter un peu plus le week-end.<\/p>\n<p>Le leaderboard<\/p>\n<p><img loading=\"lazy\" decoding=\"async\" class=\"alignnone wp-image-190461 size-image-largeur-770\" src=\"data:image\/svg+xml,%3Csvg%20xmlns=\" http:=\"\" alt=\"\" width=\"770\" height=\"1116\" data-lazy- data-lazy- data-lazy-src=\"https:\/\/www.europesays.com\/fr\/wp-content\/uploads\/2025\/11\/link-hong-kong-tour-2-770x1116.jpg\"\/><\/p>\n<p>\t\t\t\t\t<a id=\"189447\" href=\"https:\/\/golfplus.fr\/content\/57-programme-de-fidelite\" target=\"_blank\" rel=\"sponsorised nofollow noopener\"><img fetchpriority=\"high\" decoding=\"async\" src=\"https:\/\/www.europesays.com\/fr\/wp-content\/uploads\/2025\/10\/golfplus-e28-programme-fidelite-1170x275-1.jpg\" class=\"img-responsive\" alt=\"\"\/><\/a><\/p>\n<p>Photo\u00a0: Graham Uden \/ Asian Tour<\/p>\n","protected":false},"excerpt":{"rendered":"Partager cet article Partager la publication \u00ab\u00a0Peter Uihlein pousse Tom McKibbin dans ses retranchements mais craque \u00e0 la&hellip;\n","protected":false},"author":2,"featured_media":503416,"comment_status":"","ping_status":"","sticky":false,"template":"","format":"standard","meta":{"footnotes":""},"categories":[1418],"tags":[1011,27,1472,60],"class_list":{"0":"post-503415","1":"post","2":"type-post","3":"status-publish","4":"format-standard","5":"has-post-thumbnail","7":"category-golf","8":"tag-fr","9":"tag-france","10":"tag-golf","11":"tag-sports"},"share_on_mastodon":{"url":"https:\/\/pubeurope.com\/@fr\/115471681273721823","error":""},"_links":{"self":[{"href":"https:\/\/www.europesays.com\/fr\/wp-json\/wp\/v2\/posts\/503415","targetHints":{"allow":["GET"]}}],"collection":[{"href":"https:\/\/www.europesays.com\/fr\/wp-json\/wp\/v2\/posts"}],"about":[{"href":"https:\/\/www.europesays.com\/fr\/wp-json\/wp\/v2\/types\/post"}],"author":[{"embeddable":true,"href":"https:\/\/www.europesays.com\/fr\/wp-json\/wp\/v2\/users\/2"}],"replies":[{"embeddable":true,"href":"https:\/\/www.europesays.com\/fr\/wp-json\/wp\/v2\/comments?post=503415"}],"version-history":[{"count":0,"href":"https:\/\/www.europesays.com\/fr\/wp-json\/wp\/v2\/posts\/503415\/revisions"}],"wp:featuredmedia":[{"embeddable":true,"href":"https:\/\/www.europesays.com\/fr\/wp-json\/wp\/v2\/media\/503416"}],"wp:attachment":[{"href":"https:\/\/www.europesays.com\/fr\/wp-json\/wp\/v2\/media?parent=503415"}],"wp:term":[{"taxonomy":"category","embeddable":true,"href":"https:\/\/www.europesays.com\/fr\/wp-json\/wp\/v2\/categories?post=503415"},{"taxonomy":"post_tag","embeddable":true,"href":"https:\/\/www.europesays.com\/fr\/wp-json\/wp\/v2\/tags?post=503415"}],"curies":[{"name":"wp","href":"https:\/\/api.w.org\/{rel}","templated":true}]}}