{"id":503417,"date":"2025-11-01T00:47:14","date_gmt":"2025-11-01T00:47:14","guid":{"rendered":"https:\/\/www.europesays.com\/fr\/503417\/"},"modified":"2025-11-01T00:47:14","modified_gmt":"2025-11-01T00:47:14","slug":"jai-pleure-dans-ma-voiture-quand-jai-appris-que-jetais-remplacant-thomas-geffre-de-surveillant-dans-un-college-a-premiere-en-pro-avec-le-rc-v","status":"publish","type":"post","link":"https:\/\/www.europesays.com\/fr\/503417\/","title":{"rendered":"\u00ab\u00a0J\u2019ai pleur\u00e9 dans ma voiture quand j\u2019ai appris que j\u2019\u00e9tais rempla\u00e7ant\u00a0\u00bb\u00a0: Thomas Geffr\u00e9, de surveillant dans un coll\u00e8ge \u00e0 premi\u00e8re en pro avec le RC Vannes \u00e0 26 ans"},"content":{"rendered":"<p>Pro D2 (9e journ\u00e9e). RC Vannes &#8211; Valence Romans : 64-10Vous ne risquez pas d\u2019oublier votre premi\u00e8re avec le RCV.<\/p>\n<p>Forc\u00e9ment, premi\u00e8re \u00e0 La Rabine en plus. Premier match en professionnel, en Pro D2 : je suis tr\u00e8s fier. L\u2019\u00e9quipe a mis tous les ingr\u00e9dients pour faire une bonne performance aujourd\u2019hui. Je m\u2019en souviendrai tr\u00e8s longtemps.<\/p>\n<p>\u00c7a arrive lors de la 9e journ\u00e9e, vous l\u2019attendiez ?<\/p>\n<p>Forc\u00e9ment. Apr\u00e8s, je viens d\u2019un niveau plus bas (de Langon en Nationale) donc \u00e0 vrai dire, je ne pensais pas jouer maintenant. J\u2019ai fait tous les d\u00e9placements en tant que 24e. J\u2019\u00e9tais souvent \u00e0 deux doigts de jouer. Aujourd\u2019hui, j\u2019ai pu jouer donc je suis tr\u00e8s content.<\/p>\n<p>Quelle diff\u00e9rence pour vous entre la Nationale et la Pro D2 ?<\/p>\n<p>La vitesse, les impacts. Dans le jeu, \u00e7a va deux fois plus vite. C\u2019est un autre monde. J\u2019\u00e9tais en Nationale mais j\u2019\u00e9tais en amateur. Ce n\u2019\u00e9tait pas une structure pro. C\u2019est un autre monde !<\/p>\n<p>Aviez-vous d\u00e9j\u00e0 jou\u00e9 devant 12 000 personnes ?<\/p>\n<p>J\u2019ai fait le match amical contre Toulouse. C\u2019\u00e9tait 18 000, je crois (\u00e0 Guingamp). C\u2019\u00e9tait aussi particulier. Mais l\u00e0, La Rabine, c\u2019est vraiment exceptionnel. J\u2019\u00e9tais tr\u00e8s content. \u00c7a ne m\u2019arrive pas souvent de jouer devant autant de monde.<\/p>\n<p>\u00c9tiez-vous stress\u00e9 cette semaine ?<\/p>\n<p>Non, j\u2019\u00e9tais tr\u00e8s content quand on m\u2019a annonc\u00e9 que j\u2019\u00e9tais rempla\u00e7ant. Apr\u00e8s, je me suis mis focus sur mes t\u00e2ches que je devais effectuer. Les plaquages, la touche surtout, \u00eatre au soutien. Je ne me suis pas mis la pression. Un petit peu quand m\u00eame parce qu\u2019il y a les attentes des coachs. Mais j\u2019\u00e9tais tr\u00e8s focus, pas stress\u00e9.<\/p>\n<p>Comment avez-vous r\u00e9agi quand vous avez appris que vous \u00e9tiez rempla\u00e7ant mardi ?<\/p>\n<p>Je ne vais pas vous mentir, j\u2019ai pleur\u00e9 quand j\u2019\u00e9tais dans ma voiture. C\u2019est vrai que je ne m\u2019attendais pas forc\u00e9ment \u00e0 jouer maintenant, mais j\u2019\u00e9tais tr\u00e8s content, tr\u00e8s fier surtout. J\u2019esp\u00e8re que \u00e7a va \u00eatre b\u00e9n\u00e9fique pour la suite.<\/p>\n<p>Avez-vous \u00e9chang\u00e9 avec vos co\u00e9quipiers durant la semaine ?<\/p>\n<p>Oui, ils \u00e9taient tr\u00e8s contents pour moi. Et toute la semaine, ils m\u2019ont donn\u00e9 des conseils, comme depuis le d\u00e9but de l\u2019ann\u00e9e. Ils m\u2019ont dit qu\u2019il ne fallait pas que je me mette la pression. Il fallait que je fasse ce que je sais faire.<\/p>\n<p>\u00c7a doit \u00eatre incroyable pour vous alors que la saison pass\u00e9e vous travaillez \u00e0 c\u00f4t\u00e9 du rugby.<\/p>\n<p>Oui, j\u2019\u00e9tais semi-pro. J\u2019ai fait trois ans \u00e0 Langon : F\u00e9d\u00e9rale 1, Nationale 2, Nationale. Pendant trois ans, j\u2019\u00e9tais surveillant dans un coll\u00e8ge \u00e0 c\u00f4t\u00e9 du rugby. Je ne m\u2019entra\u00eenais que le soir, trois fois par semaine. J\u2019en garde de tr\u00e8s bons souvenirs aussi.<\/p>\n<p>C\u2019\u00e9tait un r\u00eave de devenir pro ?<\/p>\n<p>Ce n\u2019\u00e9tait pas forc\u00e9ment un r\u00eave pour moi. Mais quand j\u2019ai eu l\u2019appel de Jean-No\u00ebl (Spitzer), j\u2019ai tout de suite fonc\u00e9. Et maintenant que je suis dedans, c\u2019est vraiment un privil\u00e8ge d\u2019\u00eatre professionnel. Certes, c\u2019est un autre monde. Mais je suis tr\u00e8s content d\u2019\u00eatre professionnel. M\u00eame si j\u2019ai 26 ans, j\u2019esp\u00e8re que \u00e7a va durer.<\/p>\n<p>Comment se sont pass\u00e9s les premiers contacts avec le RCV ?<\/p>\n<p>Jean-No\u00ebl m\u2019a appel\u00e9, j\u2019\u00e9tais tr\u00e8s surpris, j\u2019ai m\u00eame fait r\u00e9p\u00e9ter pour savoir si c\u2019\u00e9tait vraiment le club de Vannes. J\u2019\u00e9tais un peu choqu\u00e9. Il m\u2019a dit qu\u2019il aimerait bien que je vienne \u00e0 Vannes. Je suis venu faire des tests pendant que j\u2019\u00e9tais avec Langon en Nationale. \u00c7a s\u2019est tr\u00e8s bien pass\u00e9. Deux ou trois semaines apr\u00e8s, j\u2019ai sign\u00e9 directement sans h\u00e9siter.<\/p>\n<p>D\u2019autres clubs de Pro D2 vous avaient contact\u00e9 ?<\/p>\n<p>Oui, j\u2019ai fait les tests \u00e0 B\u00e9ziers la m\u00eame semaine que Vannes, juste avant. \u00c7a s\u2019est tr\u00e8s bien pass\u00e9 aussi. J\u2019ai pench\u00e9 plus du c\u00f4t\u00e9 de Vannes parce que je suis natif de La Rochelle, avec mon \u00e9pouse. Vannes, c\u2019est un mini La Rochelle. J\u2019\u00e9tais proche de ma famille et je suis tr\u00e8s c\u00f4te Atlantique.<\/p>\n","protected":false},"excerpt":{"rendered":"Pro D2 (9e journ\u00e9e). RC Vannes &#8211; Valence Romans : 64-10Vous ne risquez pas d\u2019oublier votre premi\u00e8re avec&hellip;\n","protected":false},"author":2,"featured_media":503418,"comment_status":"","ping_status":"","sticky":false,"template":"","format":"standard","meta":{"footnotes":""},"categories":[1416],"tags":[1011,27,2308,3164,3167,479,1468,60,3165],"class_list":{"0":"post-503417","1":"post","2":"type-post","3":"status-publish","4":"format-standard","5":"has-post-thumbnail","7":"category-rugby","8":"tag-fr","9":"tag-france","10":"tag-pro-d2","11":"tag-rc-vannes","12":"tag-rcv","13":"tag-rugby","14":"tag-rugby-football","15":"tag-sports","16":"tag-vannes"},"share_on_mastodon":{"url":"https:\/\/pubeurope.com\/@fr\/115471689060231560","error":""},"_links":{"self":[{"href":"https:\/\/www.europesays.com\/fr\/wp-json\/wp\/v2\/posts\/503417","targetHints":{"allow":["GET"]}}],"collection":[{"href":"https:\/\/www.europesays.com\/fr\/wp-json\/wp\/v2\/posts"}],"about":[{"href":"https:\/\/www.europesays.com\/fr\/wp-json\/wp\/v2\/types\/post"}],"author":[{"embeddable":true,"href":"https:\/\/www.europesays.com\/fr\/wp-json\/wp\/v2\/users\/2"}],"replies":[{"embeddable":true,"href":"https:\/\/www.europesays.com\/fr\/wp-json\/wp\/v2\/comments?post=503417"}],"version-history":[{"count":0,"href":"https:\/\/www.europesays.com\/fr\/wp-json\/wp\/v2\/posts\/503417\/revisions"}],"wp:featuredmedia":[{"embeddable":true,"href":"https:\/\/www.europesays.com\/fr\/wp-json\/wp\/v2\/media\/503418"}],"wp:attachment":[{"href":"https:\/\/www.europesays.com\/fr\/wp-json\/wp\/v2\/media?parent=503417"}],"wp:term":[{"taxonomy":"category","embeddable":true,"href":"https:\/\/www.europesays.com\/fr\/wp-json\/wp\/v2\/categories?post=503417"},{"taxonomy":"post_tag","embeddable":true,"href":"https:\/\/www.europesays.com\/fr\/wp-json\/wp\/v2\/tags?post=503417"}],"curies":[{"name":"wp","href":"https:\/\/api.w.org\/{rel}","templated":true}]}}