{"id":50342,"date":"2025-04-24T23:18:08","date_gmt":"2025-04-24T23:18:08","guid":{"rendered":"https:\/\/www.europesays.com\/fr\/50342\/"},"modified":"2025-04-24T23:18:08","modified_gmt":"2025-04-24T23:18:08","slug":"axel-tape-dit-non-au-psg-actualite","status":"publish","type":"post","link":"https:\/\/www.europesays.com\/fr\/50342\/","title":{"rendered":"Axel Tape dit non au PSG ! &#8211; Actualite"},"content":{"rendered":"<p>C\u2019\u00e9tait l\u2019une des jolies surprises de l\u2019automne dernier. Luis Enrique, s\u00e9duit par son profil technique et son audace, l\u2019avait propuls\u00e9 \u00e0 l&rsquo;entra\u00eenement avec les pros, \u00e0 seulement 17 ans. Mais quelques mois plus tard, <strong>Axel Tape<\/strong>, jeune milieu prometteur du centre de formation du PSG, a d\u00e9cid\u00e9 de tourner le dos au club de la capitale.<\/p>\n<p>Selon RMC Sport, le joueur a refus\u00e9 de signer son premier contrat professionnel avec Paris. Encore sous contrat aspirant jusqu\u2019\u00e0 la fin de la saison, Axel Tape a fait un choix fort : regarder ailleurs. Son profil int\u00e9resse en Allemagne, notamment au Bayer Leverkusen, mais aussi en Angleterre o\u00f9 Tottenham suit de pr\u00e8s son \u00e9volution.<\/p>\n<p>Ce refus n\u2019est pas sans cons\u00e9quence. Depuis plusieurs semaines, le nom d\u2019Axel Tape a disparu des groupes convoqu\u00e9s par Luis Enrique. Une mise \u00e0 l\u2019\u00e9cart discr\u00e8te, mais qui semble directement li\u00e9e \u00e0 son choix de ne pas prolonger l\u2019aventure avec son club formateur. Le technicien espagnol, s\u2019il a montr\u00e9 par le pass\u00e9 qu\u2019il n\u2019h\u00e9sitait pas \u00e0 lancer les jeunes, semble aussi vouloir miser sur ceux qui s\u2019inscrivent dans le projet \u00e0 long terme.<\/p>\n","protected":false},"excerpt":{"rendered":"C\u2019\u00e9tait l\u2019une des jolies surprises de l\u2019automne dernier. Luis Enrique, s\u00e9duit par son profil technique et son audace,&hellip;\n","protected":false},"author":2,"featured_media":50343,"comment_status":"","ping_status":"","sticky":false,"template":"","format":"standard","meta":{"footnotes":""},"categories":[1410],"tags":[11491,3108,63,1011,27,3913,12413,14302,7910,60,14301,3945],"class_list":{"0":"post-50342","1":"post","2":"type-post","3":"status-publish","4":"format-standard","5":"has-post-thumbnail","7":"category-football","8":"tag-axel","9":"tag-contrat","10":"tag-football","11":"tag-fr","12":"tag-france","13":"tag-jeune","14":"tag-milieu","15":"tag-polyvalent","16":"tag-premier","17":"tag-sports","18":"tag-tape","19":"tag-terrain"},"share_on_mastodon":{"url":"https:\/\/pubeurope.com\/@fr\/114395499914746754","error":""},"_links":{"self":[{"href":"https:\/\/www.europesays.com\/fr\/wp-json\/wp\/v2\/posts\/50342","targetHints":{"allow":["GET"]}}],"collection":[{"href":"https:\/\/www.europesays.com\/fr\/wp-json\/wp\/v2\/posts"}],"about":[{"href":"https:\/\/www.europesays.com\/fr\/wp-json\/wp\/v2\/types\/post"}],"author":[{"embeddable":true,"href":"https:\/\/www.europesays.com\/fr\/wp-json\/wp\/v2\/users\/2"}],"replies":[{"embeddable":true,"href":"https:\/\/www.europesays.com\/fr\/wp-json\/wp\/v2\/comments?post=50342"}],"version-history":[{"count":0,"href":"https:\/\/www.europesays.com\/fr\/wp-json\/wp\/v2\/posts\/50342\/revisions"}],"wp:featuredmedia":[{"embeddable":true,"href":"https:\/\/www.europesays.com\/fr\/wp-json\/wp\/v2\/media\/50343"}],"wp:attachment":[{"href":"https:\/\/www.europesays.com\/fr\/wp-json\/wp\/v2\/media?parent=50342"}],"wp:term":[{"taxonomy":"category","embeddable":true,"href":"https:\/\/www.europesays.com\/fr\/wp-json\/wp\/v2\/categories?post=50342"},{"taxonomy":"post_tag","embeddable":true,"href":"https:\/\/www.europesays.com\/fr\/wp-json\/wp\/v2\/tags?post=50342"}],"curies":[{"name":"wp","href":"https:\/\/api.w.org\/{rel}","templated":true}]}}