{"id":503424,"date":"2025-11-01T00:54:12","date_gmt":"2025-11-01T00:54:12","guid":{"rendered":"https:\/\/www.europesays.com\/fr\/503424\/"},"modified":"2025-11-01T00:54:12","modified_gmt":"2025-11-01T00:54:12","slug":"disparition-lacteur-tcheky-karyo-connu-pour-ses-roles-dans-lours-et-nikita-est-mort","status":"publish","type":"post","link":"https:\/\/www.europesays.com\/fr\/503424\/","title":{"rendered":"Disparition. L&rsquo;acteur Tch\u00e9ky Karyo, connu pour ses r\u00f4les dans L&rsquo;Ours et Nikita, est mort"},"content":{"rendered":"<p>L&rsquo;acteur franco-turc Tch\u00e9ky Karyo, qui a jou\u00e9 dans environ 80 films, est mort ce vendredi \u00e0 l&rsquo;\u00e2ge de 72 ans. \u00ab Val\u00e9rie Keruzor\u00e9, son \u00e9pouse, et leurs enfants ont la douleur de faire part de la disparition de Tch\u00e9ky Karyo emport\u00e9 par un cancer ce vendredi 31 octobre \u00bb, indique un communiqu\u00e9 de sa famille.<\/p>\n<p>N\u00e9 \u00e0 Istanbul en 1953, Tch\u00e9ky Karyo s&rsquo;\u00e9tait fait conna\u00eetre du grand public \u00e0 la fin des ann\u00e9es 1980 en tenant le premier r\u00f4le dans L&rsquo;Ours, grand succ\u00e8s en salles avec pr\u00e8s de neuf millions d&rsquo;entr\u00e9es, o\u00f9 il campait un chasseur de plantigrades pris de remords. En 1990, le com\u00e9dien au regard per\u00e7ant et \u00e0 la m\u00e2choire carr\u00e9e avait encha\u00een\u00e9 avec un autre succ\u00e8s en jouant le r\u00f4le ambigu de l&rsquo;agent recruteur de Nikita, redoutable tueuse \u00e0 gage incarn\u00e9e par Anne Parillaud devant la cam\u00e9ra de Luc Besson.<\/p>\n<p>  Filmographie \u00e9clectique et th\u00e9\u00e2tre<\/p>\n<p>La carri\u00e8re de ce polyglotte ma\u00eetrisant le fran\u00e7ais, l&rsquo;anglais, l&rsquo;espagnol et l&rsquo;arabe avait d\u00e9but\u00e9 dans le cin\u00e9ma d&rsquo;auteur fran\u00e7ais, notamment en 1982 devant la cam\u00e9ra de Chantal Akerman pour Toute une nuit et devant celle d&rsquo;Eric Rohmer en 1984 dans Les Nuits de la pleine lune. Sa filmographie \u00e9clectique l&rsquo;a fait c\u00f4toyer Jean-Pierre Jeunet dans Le Fabuleux destin d&rsquo;Am\u00e9lie Poulain (2001) et l&rsquo;a port\u00e9 vers des cin\u00e9astes \u00e9trangers, notamment le Br\u00e9silien Walter Salles (Terra Estrangeira, 1995) ou l&rsquo;Am\u00e9ricain Ridley Scott dans 1492: Christophe Colomb aux c\u00f4t\u00e9s de <a href=\"https:\/\/www.leprogres.fr\/p\/gerard-depardieu\" target=\"_blank\" rel=\"nofollow noopener\">G\u00e9rard Depardieu<\/a>.<\/p>\n<p>Tch\u00e9ky Karyo a \u00e9galement eu une longue carri\u00e8re sur les planches et s&rsquo;\u00e9tait notamment produit au Festival d&rsquo;Avignon au d\u00e9but des ann\u00e9es 1980. \u00ab Ce m\u00e9tier m&rsquo;a aid\u00e9 \u00e0 devenir un homme meilleur. L\u2019art dramatique est un moyen d\u2019aller sur un espace r\u00e9serv\u00e9 et magique dans lequel on entre en compagnie d\u2019autres personnes qui ont besoin aussi de cette pulsion et peut-\u00eatre de prendre du recul par rapport \u00e0 eux-m\u00eames \u00bb, d\u00e9clarait-il en 2017 dans les colonnes de <a href=\"https:\/\/www.midilibre.fr\/2017\/06\/25\/tcheky-karyo-etre-acteur-m-a-aide-a-devenir-un-homme-meilleur,1527026.php\" target=\"_blank\" rel=\"nofollow noopener\">Midi Libre<\/a>.<\/p>\n","protected":false},"excerpt":{"rendered":"L&rsquo;acteur franco-turc Tch\u00e9ky Karyo, qui a jou\u00e9 dans environ 80 films, est mort ce vendredi \u00e0 l&rsquo;\u00e2ge de&hellip;\n","protected":false},"author":2,"featured_media":503425,"comment_status":"","ping_status":"","sticky":false,"template":"","format":"standard","meta":{"footnotes":""},"categories":[1359],"tags":[650,1687,58,59,107,1011,27,329,1391,973],"class_list":{"0":"post-503424","1":"post","2":"type-post","3":"status-publish","4":"format-standard","5":"has-post-thumbnail","7":"category-people","8":"tag-cinema","9":"tag-culture-loisirs","10":"tag-divertissement","11":"tag-entertainment","12":"tag-fil-info","13":"tag-fr","14":"tag-france","15":"tag-france-monde","16":"tag-necrologie","17":"tag-people"},"share_on_mastodon":{"url":"https:\/\/pubeurope.com\/@fr\/115471716409407067","error":""},"_links":{"self":[{"href":"https:\/\/www.europesays.com\/fr\/wp-json\/wp\/v2\/posts\/503424","targetHints":{"allow":["GET"]}}],"collection":[{"href":"https:\/\/www.europesays.com\/fr\/wp-json\/wp\/v2\/posts"}],"about":[{"href":"https:\/\/www.europesays.com\/fr\/wp-json\/wp\/v2\/types\/post"}],"author":[{"embeddable":true,"href":"https:\/\/www.europesays.com\/fr\/wp-json\/wp\/v2\/users\/2"}],"replies":[{"embeddable":true,"href":"https:\/\/www.europesays.com\/fr\/wp-json\/wp\/v2\/comments?post=503424"}],"version-history":[{"count":0,"href":"https:\/\/www.europesays.com\/fr\/wp-json\/wp\/v2\/posts\/503424\/revisions"}],"wp:featuredmedia":[{"embeddable":true,"href":"https:\/\/www.europesays.com\/fr\/wp-json\/wp\/v2\/media\/503425"}],"wp:attachment":[{"href":"https:\/\/www.europesays.com\/fr\/wp-json\/wp\/v2\/media?parent=503424"}],"wp:term":[{"taxonomy":"category","embeddable":true,"href":"https:\/\/www.europesays.com\/fr\/wp-json\/wp\/v2\/categories?post=503424"},{"taxonomy":"post_tag","embeddable":true,"href":"https:\/\/www.europesays.com\/fr\/wp-json\/wp\/v2\/tags?post=503424"}],"curies":[{"name":"wp","href":"https:\/\/api.w.org\/{rel}","templated":true}]}}