{"id":503430,"date":"2025-11-01T00:58:11","date_gmt":"2025-11-01T00:58:11","guid":{"rendered":"https:\/\/www.europesays.com\/fr\/503430\/"},"modified":"2025-11-01T00:58:11","modified_gmt":"2025-11-01T00:58:11","slug":"a-morlaix-le-pano-rap-annule-sa-deuxieme-journee-de-festival-prevue-le-samedi-7-novembre-au-sew","status":"publish","type":"post","link":"https:\/\/www.europesays.com\/fr\/503430\/","title":{"rendered":"\u00c0 Morlaix, le Pano Rap annule sa deuxi\u00e8me journ\u00e9e de festival pr\u00e9vue le samedi 7\u00a0novembre au Sew"},"content":{"rendered":"<p>\u00ab\u00a0Pour des raisons ind\u00e9pendantes de notre volont\u00e9, nous sommes malheureusement contraints d\u2019annuler la journ\u00e9e et la soir\u00e9e du samedi 8 novembre du Pano Rap Festival#2, pr\u00e9vues au Sew.\u00a0\u00bb C\u2019est par un communiqu\u00e9 sibyllin que Wart a annonc\u00e9, ce vendredi 31 octobre 2025, l\u2019annulation partielle de la deuxi\u00e8me \u00e9dition de cet \u00e9v\u00e9nement organis\u00e9 \u00e0 la Manu.<\/p>\n<p>Les billets achet\u00e9s pour le samedi 8 novembre seront automatiquement rembours\u00e9s d\u2019ici quelques jours. Wart propose aux d\u00e9tenteurs de pass deux jours de venir accompagn\u00e9s d\u2019une personne sur la soir\u00e9e du vendredi 7. Pour toute question, contacter billetterie@wartiste.com<\/p>\n<p>Au programme du vendredi<\/p>\n<p>La soir\u00e9e du vendredi, est, elle maintenue\u00a0! L\u2019ouverture des portes est pr\u00e9vue \u00e0 19\u00a0h\u00a030. Au programme\u00a0: Sorhani (20\u00a0h &#8211; 20\u00a0h\u00a030), L\u2019Attrapeur (20\u00a0h\u00a045 &#8211; 21\u00a0h\u00a015), Angie (21\u00a0h\u00a030 &#8211; 22\u00a0h\u00a015) et Mairo (22\u00a0h\u00a040 &#8211; 23\u00a0h\u00a040).<\/p>\n<p>Au-del\u00e0 de ces quatre concerts, le Pano Rap Festival propose des animations gratuites et ouvertes \u00e0 tous\u00a0: rencontre litt\u00e9raire avec Cyprien Joly de 18\u00a0h\u00a030 \u00e0 19\u00a0h\u00a030\u00a0: Open Mic avec Finist\u00e8re Amer de 18\u00a0h\u00a030 \u00e0 20 et plateau Radio U de 19\u00a0h \u00e0 20\u00a0h\u00a015.<\/p>\n","protected":false},"excerpt":{"rendered":"\u00ab\u00a0Pour des raisons ind\u00e9pendantes de notre volont\u00e9, nous sommes malheureusement contraints d\u2019annuler la journ\u00e9e et la soir\u00e9e du&hellip;\n","protected":false},"author":2,"featured_media":503431,"comment_status":"","ping_status":"","sticky":false,"template":"","format":"standard","meta":{"footnotes":""},"categories":[1355],"tags":[58,765,59,3337,1011,27,2131,1361,873],"class_list":{"0":"post-503430","1":"post","2":"type-post","3":"status-publish","4":"format-standard","5":"has-post-thumbnail","7":"category-musique","8":"tag-divertissement","9":"tag-en-continu","10":"tag-entertainment","11":"tag-festivals","12":"tag-fr","13":"tag-france","14":"tag-morlaix","15":"tag-music","16":"tag-musique"},"share_on_mastodon":{"url":"https:\/\/pubeurope.com\/@fr\/115471732207388462","error":""},"_links":{"self":[{"href":"https:\/\/www.europesays.com\/fr\/wp-json\/wp\/v2\/posts\/503430","targetHints":{"allow":["GET"]}}],"collection":[{"href":"https:\/\/www.europesays.com\/fr\/wp-json\/wp\/v2\/posts"}],"about":[{"href":"https:\/\/www.europesays.com\/fr\/wp-json\/wp\/v2\/types\/post"}],"author":[{"embeddable":true,"href":"https:\/\/www.europesays.com\/fr\/wp-json\/wp\/v2\/users\/2"}],"replies":[{"embeddable":true,"href":"https:\/\/www.europesays.com\/fr\/wp-json\/wp\/v2\/comments?post=503430"}],"version-history":[{"count":0,"href":"https:\/\/www.europesays.com\/fr\/wp-json\/wp\/v2\/posts\/503430\/revisions"}],"wp:featuredmedia":[{"embeddable":true,"href":"https:\/\/www.europesays.com\/fr\/wp-json\/wp\/v2\/media\/503431"}],"wp:attachment":[{"href":"https:\/\/www.europesays.com\/fr\/wp-json\/wp\/v2\/media?parent=503430"}],"wp:term":[{"taxonomy":"category","embeddable":true,"href":"https:\/\/www.europesays.com\/fr\/wp-json\/wp\/v2\/categories?post=503430"},{"taxonomy":"post_tag","embeddable":true,"href":"https:\/\/www.europesays.com\/fr\/wp-json\/wp\/v2\/tags?post=503430"}],"curies":[{"name":"wp","href":"https:\/\/api.w.org\/{rel}","templated":true}]}}