{"id":503444,"date":"2025-11-01T01:05:13","date_gmt":"2025-11-01T01:05:13","guid":{"rendered":"https:\/\/www.europesays.com\/fr\/503444\/"},"modified":"2025-11-01T01:05:13","modified_gmt":"2025-11-01T01:05:13","slug":"abu-lulu-commandant-des-rsf-tueur-de-masse-a-el-fasher-liberation","status":"publish","type":"post","link":"https:\/\/www.europesays.com\/fr\/503444\/","title":{"rendered":"Abu Lulu, commandant des RSF, tueur de masse \u00e0 El-Fasher \u2013 Lib\u00e9ration"},"content":{"rendered":"<p class=\"sc-cPiKLX AiZTS text-element\">Le soldat, v\u00eatu d\u2019un treillis beige et d\u2019une longue \u00e9charpe blanche nou\u00e9e autour du cou, pose parmi les cadavres, des voitures en feu en arri\u00e8re-plan. Souriant, il brandit son arme. Des dizaines de corps gisent autour de lui. Il semble fier. Cet homme \u00e0 la nonchalance sadique, connu sous le surnom d\u2019Abu Lulu, est un commandant des Forces de soutien rapide (RSF). Son v\u00e9ritable nom est Al-Fateh Abdullah Idris. Sur la m\u00eame vid\u00e9o, un survivant, bless\u00e9, implore qu\u2019on lui laisse la vie sauve. Un combattant RSF sugg\u00e8re de l\u2019\u00e9pargner. \u00abJe ne ferai preuve d\u2019aucune piti\u00e9, je ne pardonnerai pas\u00bb, r\u00e9pond Abu Lulu. Ignorant les supplications de l\u2019homme, il l\u2019abat d\u2019une rafale de kalachnikov.<\/p>\n<p class=\"sc-cPiKLX AiZTS text-element\">Abu Lulu n\u2019appara\u00eet pas par accident, ni m\u00eame par hasard, sur <a href=\"https:\/\/www.liberation.fr\/international\/afrique\/a-el-fasher-ils-ont-procede-a-des-executions-massives-au-soudan-des-centaines-de-civils-executes-apres-la-prise-de-la-ville-20251028_HY4MI4AX2ZAX5FNBFPV5YZ2SG4\/\" target=\"_blank\" rel=\"noopener\" title=\"https:\/\/www.liberation.fr\/international\/afrique\/a-el-fasher-ils-ont-procede-a-des-executions-massives-au-soudan-des-centaines-de-civils-executes-apres-la-prise-de-la-ville-20251028_HY4MI4AX2ZAX5FNBFPV5YZ2SG4\/\">les images d\u2019ex\u00e9cutions sommaires film\u00e9es \u00e0 El-Fasher ces jours-ci<\/a>. Il met d\u00e9lib\u00e9r\u00e9ment en sc\u00e8ne ses meurtres, \u00e0 visage d\u00e9couvert. Dans une deuxi\u00e8me vid\u00e9o diffus\u00e9e ces jours-ci, le paramilitaire \u00e0 l\u2019\u00e9charpe blanche fait face \u00e0 neuf civils non arm\u00e9s, assis au sol. \u00abHemetti est <\/p>\n","protected":false},"excerpt":{"rendered":"Le soldat, v\u00eatu d\u2019un treillis beige et d\u2019une longue \u00e9charpe blanche nou\u00e9e autour du cou, pose parmi les&hellip;\n","protected":false},"author":2,"featured_media":503445,"comment_status":"","ping_status":"","sticky":false,"template":"","format":"standard","meta":{"footnotes":""},"categories":[5],"tags":[11,1011,27,14,12,4535,3263,28],"class_list":{"0":"post-503444","1":"post","2":"type-post","3":"status-publish","4":"format-standard","5":"has-post-thumbnail","7":"category-international","8":"tag-actualites","9":"tag-fr","10":"tag-france","11":"tag-international","12":"tag-news","13":"tag-soudan","14":"tag-soudan-du-sud","15":"tag-world"},"share_on_mastodon":{"url":"https:\/\/pubeurope.com\/@fr\/115471759703072551","error":""},"_links":{"self":[{"href":"https:\/\/www.europesays.com\/fr\/wp-json\/wp\/v2\/posts\/503444","targetHints":{"allow":["GET"]}}],"collection":[{"href":"https:\/\/www.europesays.com\/fr\/wp-json\/wp\/v2\/posts"}],"about":[{"href":"https:\/\/www.europesays.com\/fr\/wp-json\/wp\/v2\/types\/post"}],"author":[{"embeddable":true,"href":"https:\/\/www.europesays.com\/fr\/wp-json\/wp\/v2\/users\/2"}],"replies":[{"embeddable":true,"href":"https:\/\/www.europesays.com\/fr\/wp-json\/wp\/v2\/comments?post=503444"}],"version-history":[{"count":0,"href":"https:\/\/www.europesays.com\/fr\/wp-json\/wp\/v2\/posts\/503444\/revisions"}],"wp:featuredmedia":[{"embeddable":true,"href":"https:\/\/www.europesays.com\/fr\/wp-json\/wp\/v2\/media\/503445"}],"wp:attachment":[{"href":"https:\/\/www.europesays.com\/fr\/wp-json\/wp\/v2\/media?parent=503444"}],"wp:term":[{"taxonomy":"category","embeddable":true,"href":"https:\/\/www.europesays.com\/fr\/wp-json\/wp\/v2\/categories?post=503444"},{"taxonomy":"post_tag","embeddable":true,"href":"https:\/\/www.europesays.com\/fr\/wp-json\/wp\/v2\/tags?post=503444"}],"curies":[{"name":"wp","href":"https:\/\/api.w.org\/{rel}","templated":true}]}}