{"id":503472,"date":"2025-11-01T01:23:16","date_gmt":"2025-11-01T01:23:16","guid":{"rendered":"https:\/\/www.europesays.com\/fr\/503472\/"},"modified":"2025-11-01T01:23:16","modified_gmt":"2025-11-01T01:23:16","slug":"selestat-la-chorale-le-chant-sacre-en-concert-dimanche-a-la-synagogue","status":"publish","type":"post","link":"https:\/\/www.europesays.com\/fr\/503472\/","title":{"rendered":"S\u00e9lestat. La chorale Le Chant Sacr\u00e9 en concert dimanche \u00e0 la synagogue"},"content":{"rendered":"<p>Inaugur\u00e9e en 1890, la synagogue de S\u00e9lestat a \u00e9t\u00e9 profan\u00e9e en 1940 lors de l\u2019occupation nazie\u00a0: des rouleaux de la Torah ont \u00e9t\u00e9 br\u00fbl\u00e9s, le mobilier a \u00e9t\u00e9 d\u00e9truit tandis que la majestueuse coupole a \u00e9t\u00e9 abattue.<\/p>\n<p>Entre\u00a01950 et\u00a01960, sous la direction des architectes Lucien Cromback et Edmond Picard, le b\u00e2timent est patiemment restaur\u00e9. Seule la coupole n\u2019est pas reconstruite, pour t\u00e9moigner de la blessure inflig\u00e9e. La synagogue restaur\u00e9e est inaugur\u00e9e le 11\u00a0septembre 1960.<\/p>\n<p>  \u00c0 la d\u00e9couverte des grandes f\u00eates du juda\u00efsme<\/p>\n<p>Pour c\u00e9l\u00e9brer les 65 ans de cette restauration, la synagogue accueillera dimanche 2\u00a0novembre \u00e0 16\u00a0h la chorale d\u2019hommes Le Chant Sacr\u00e9. N\u00e9e en 1951 au sein de la synagogue de Strasbourg, dont elle anime les offices, cette chorale perp\u00e9tue l\u2019art du chant liturgique juif dans la tradition ashk\u00e9naze rh\u00e9nane. Elle est dirig\u00e9e par le chef d\u2019orchestre R\u00e9mi Studer depuis 2015.<\/p>\n<p>Le programme de dimanche, intitul\u00e9 \u201cLa Ronde des f\u00eates\u201d, plongera le public au c\u0153ur de la liturgie juive et des diff\u00e9rentes c\u00e9l\u00e9brations qui ponctuent l\u2019ann\u00e9e\u00a0: du souffle grave de Yom Kippour aux \u00e9clats joyeux de Pourim en passant par la lumi\u00e8re de Hanouka et l\u2019\u00e9lan printanier de Pessah. Guillaume Nussbaum, organiste titulaire de la cath\u00e9drale Notre-Dame de Strasbourg, accompagnera la chorale.<\/p>\n<p class=\"note\">Dimanche 2\u00a0novembre \u00e0 16\u00a0h \u00e0 la synagogue de S\u00e9lestat, acc\u00e8s par le square Ehm. Entr\u00e9e libre, plateau.<\/p>\n","protected":false},"excerpt":{"rendered":"Inaugur\u00e9e en 1890, la synagogue de S\u00e9lestat a \u00e9t\u00e9 profan\u00e9e en 1940 lors de l\u2019occupation nazie\u00a0: des rouleaux&hellip;\n","protected":false},"author":2,"featured_media":503473,"comment_status":"","ping_status":"","sticky":false,"template":"","format":"standard","meta":{"footnotes":""},"categories":[2820],"tags":[1111,11,1687,3143,1777,674,1011,27,775,873,12,5889,25,3142,3141,104,640,1631],"class_list":{"0":"post-503472","1":"post","2":"type-post","3":"status-publish","4":"format-standard","5":"has-post-thumbnail","7":"category-strasbourg","8":"tag-actu","9":"tag-actualites","10":"tag-culture-loisirs","11":"tag-edition-selestat-erstein","12":"tag-eu","13":"tag-europe","14":"tag-fr","15":"tag-france","16":"tag-grand-est","17":"tag-musique","18":"tag-news","19":"tag-religion-croyance","20":"tag-republique-francaise","21":"tag-secteur-de-selestat","22":"tag-selestat","23":"tag-societe","24":"tag-strasbourg","25":"tag-vie-associative"},"share_on_mastodon":{"url":"https:\/\/pubeurope.com\/@fr\/115471830476180801","error":""},"_links":{"self":[{"href":"https:\/\/www.europesays.com\/fr\/wp-json\/wp\/v2\/posts\/503472","targetHints":{"allow":["GET"]}}],"collection":[{"href":"https:\/\/www.europesays.com\/fr\/wp-json\/wp\/v2\/posts"}],"about":[{"href":"https:\/\/www.europesays.com\/fr\/wp-json\/wp\/v2\/types\/post"}],"author":[{"embeddable":true,"href":"https:\/\/www.europesays.com\/fr\/wp-json\/wp\/v2\/users\/2"}],"replies":[{"embeddable":true,"href":"https:\/\/www.europesays.com\/fr\/wp-json\/wp\/v2\/comments?post=503472"}],"version-history":[{"count":0,"href":"https:\/\/www.europesays.com\/fr\/wp-json\/wp\/v2\/posts\/503472\/revisions"}],"wp:featuredmedia":[{"embeddable":true,"href":"https:\/\/www.europesays.com\/fr\/wp-json\/wp\/v2\/media\/503473"}],"wp:attachment":[{"href":"https:\/\/www.europesays.com\/fr\/wp-json\/wp\/v2\/media?parent=503472"}],"wp:term":[{"taxonomy":"category","embeddable":true,"href":"https:\/\/www.europesays.com\/fr\/wp-json\/wp\/v2\/categories?post=503472"},{"taxonomy":"post_tag","embeddable":true,"href":"https:\/\/www.europesays.com\/fr\/wp-json\/wp\/v2\/tags?post=503472"}],"curies":[{"name":"wp","href":"https:\/\/api.w.org\/{rel}","templated":true}]}}