{"id":503474,"date":"2025-11-01T01:24:14","date_gmt":"2025-11-01T01:24:14","guid":{"rendered":"https:\/\/www.europesays.com\/fr\/503474\/"},"modified":"2025-11-01T01:24:14","modified_gmt":"2025-11-01T01:24:14","slug":"les-marseillaises-tiennent-tete-a-strasbourg","status":"publish","type":"post","link":"https:\/\/www.europesays.com\/fr\/503474\/","title":{"rendered":"les Marseillaises tiennent t\u00eate \u00e0 Strasbourg !"},"content":{"rendered":"<p>Match nul ce vendredi soir pour les Marseillaises face \u00e0 Strasbourg (0-0). Les joueuses de Corinne Diacre ont \u00e9t\u00e9 valeureuses, avec davantage de grosses occasions que leurs adversaires du soir.<\/p>\n<p>Un match qui restera dans l\u2019histoire ! Le record d\u2019affluence de la section f\u00e9minine de l\u2019OM a \u00e9t\u00e9 battu ce vendredi soir : plus de 2 000 spectateurs \u00e9taient pr\u00e9sents au stade Francis-Turcan, alors que le pr\u00e9c\u00e9dent record \u00e9tait de 1 685 spectateurs lors d\u2019une rencontre en 2016 face \u00e0 Lyon, au stade Parsemain.<\/p>\n<p>Pour cette 6e journ\u00e9e d\u2019Arkema Premi\u00e8re Ligue, les Marseillaises ont \u00e9t\u00e9 tenues en \u00e9chec par Strasbourg (0-0). Un match qui peut servir pour la suite, car les joueuses de Corinne Diacre ont eu plusieurs occasions d\u2019ouvrir le score sans malheureusement trouver la faille. L\u2019ancienne coach de Clermont Foot n\u2019oublie pas que son \u00e9quipe a \u00e9galement \u00e9t\u00e9 tout pr\u00e8s de se faire punir en fin de match par des Strasbourgeoises incisives en contre-attaque.<\/p>\n<\/p>\n<p>Les situations les plus dangereuses ont eu lieu en premi\u00e8re p\u00e9riode, notamment avec un face-\u00e0-face de Mathilde Bourdieux ou encore une reprise de vol\u00e9e de Naomie Bamenga, non cadr\u00e9e. D\u2019ailleurs, la num\u00e9ro 10 marseillaise a r\u00e9agi \u00e0 cette frappe manqu\u00e9e.<\/p>\n<\/p>\n<p>Ce point du match nul permet aux Marseillaises d\u2019avancer petit \u00e0 petit au classement et de stopper l\u2019h\u00e9morragie apr\u00e8s avoir encaiss\u00e9 six buts lors du dernier match face au Paris FC, une \u00e9quipe qui n\u2019a pas les m\u00eames objectifs et qui \u00e9volue \u00e9galement en Ligue des champions. Ce deuxi\u00e8me clean sheet de la saison est une vraie satisfaction pour la d\u00e9fenseure Ninon Blanchard.<\/p>\n<\/p>\n<p>Prochain match pour les Marseillaises : un d\u00e9placement \u00e0 Dijon vendredi prochain. Elles feront ensuite leur retour \u00e0 Turcan le 21 novembre face \u00e0 Lens, concurrent direct pour le maintien.<\/p>\n","protected":false},"excerpt":{"rendered":"Match nul ce vendredi soir pour les Marseillaises face \u00e0 Strasbourg (0-0). Les joueuses de Corinne Diacre ont&hellip;\n","protected":false},"author":2,"featured_media":503475,"comment_status":"","ping_status":"","sticky":false,"template":"","format":"standard","meta":{"footnotes":""},"categories":[2820],"tags":[1111,11,1777,674,1011,27,775,62561,12,1176,25,640],"class_list":{"0":"post-503474","1":"post","2":"type-post","3":"status-publish","4":"format-standard","5":"has-post-thumbnail","7":"category-strasbourg","8":"tag-actu","9":"tag-actualites","10":"tag-eu","11":"tag-europe","12":"tag-fr","13":"tag-france","14":"tag-grand-est","15":"tag-les-marseillaises","16":"tag-news","17":"tag-olympique-de-marseille","18":"tag-republique-francaise","19":"tag-strasbourg"},"share_on_mastodon":{"url":"https:\/\/pubeurope.com\/@fr\/115471834495935763","error":""},"_links":{"self":[{"href":"https:\/\/www.europesays.com\/fr\/wp-json\/wp\/v2\/posts\/503474","targetHints":{"allow":["GET"]}}],"collection":[{"href":"https:\/\/www.europesays.com\/fr\/wp-json\/wp\/v2\/posts"}],"about":[{"href":"https:\/\/www.europesays.com\/fr\/wp-json\/wp\/v2\/types\/post"}],"author":[{"embeddable":true,"href":"https:\/\/www.europesays.com\/fr\/wp-json\/wp\/v2\/users\/2"}],"replies":[{"embeddable":true,"href":"https:\/\/www.europesays.com\/fr\/wp-json\/wp\/v2\/comments?post=503474"}],"version-history":[{"count":0,"href":"https:\/\/www.europesays.com\/fr\/wp-json\/wp\/v2\/posts\/503474\/revisions"}],"wp:featuredmedia":[{"embeddable":true,"href":"https:\/\/www.europesays.com\/fr\/wp-json\/wp\/v2\/media\/503475"}],"wp:attachment":[{"href":"https:\/\/www.europesays.com\/fr\/wp-json\/wp\/v2\/media?parent=503474"}],"wp:term":[{"taxonomy":"category","embeddable":true,"href":"https:\/\/www.europesays.com\/fr\/wp-json\/wp\/v2\/categories?post=503474"},{"taxonomy":"post_tag","embeddable":true,"href":"https:\/\/www.europesays.com\/fr\/wp-json\/wp\/v2\/tags?post=503474"}],"curies":[{"name":"wp","href":"https:\/\/api.w.org\/{rel}","templated":true}]}}